{"id":4684,"date":"2013-04-23T16:12:13","date_gmt":"2013-04-23T16:12:13","guid":{"rendered":"http:\/\/pcb.org.br\/portal2\/?p=4684"},"modified":"2013-04-23T16:12:13","modified_gmt":"2013-04-23T16:12:13","slug":"mercenarios-estavam-entre-o-publico-da-maratona-de-boston","status":"publish","type":"post","link":"https:\/\/pcb.org.br\/portal2\/4684","title":{"rendered":"Mercen\u00e1rios estavam entre o p\u00fablico da maratona de Boston"},"content":{"rendered":"\n<p><em> Ao menos 5 militares terceirizados da Craft estavam operando na cena do crime com mochilas pretas semelhantes \u00e0s usadas para carregar as panelas de press\u00e3o com as bombas<\/em><\/p>\n<p><strong>Mike Adams da NaturalNews.com<\/strong><\/p>\n<p>A Natural News acabou de confirmar que ao menos 5 militares terceirizados (mercen\u00e1rios) estavam operando na cena do crime na maratona de Boston, todos carregavam mochilas pretas semelhantes \u00e0s usadas para carregar as panelas de press\u00e3o com bombas.<\/p>\n<p>A m\u00eddia tradicional est\u00e1 censurando completamente qualquer men\u00e7\u00e3o a esses mercen\u00e1rios da Craft (empresa de &#8216;seguran\u00e7a&#8217; militar semelhante \u00e0 Black Water), fazendo de conta que n\u00e3o existem. S\u00f3 a m\u00eddia alternativa est\u00e1 conduzindo uma investiga\u00e7\u00e3o verdadeiramente jornal\u00edstica desses ataques. A m\u00eddia tradicional n\u00e3o est\u00e1 interessada na verdade, s\u00f3 querem torcer o ataque at\u00e9 virar uma forma de culpar os suspeitos de sempre (\u00e1rabes e americanos extremistas) por algo em que eles n\u00e3o participaram.<\/p>\n<p>Gra\u00e7as \u00e0 ajuda de pesquisadores postando no 4Chan, mais alguns de nossos analistas, conseguimos trazer a nova pesquisa \u00e0 luz.<\/p>\n<p><img data-recalc-dims=\"1\" decoding=\"async\" src=\"https:\/\/i0.wp.com\/www.brasildefato.com.br\/sites\/default\/files\/boston1.gif?w=747\" border=\"0\" \/><\/p>\n<p><em>Quem \u00e9\u00a0 esse cara e o que \u00e9 isso em suas m\u00e3os??? A foto seguinte foi tirada poucos momentos depois da detona\u00e7\u00e3o da primeira bomba. Muitas pessoas est\u00e3o se perguntando. &#8220;Quem \u00e9 esse cara?&#8221; e por que ele est\u00e1 em botas e cal\u00e7as de combate. Mais importante, o que\u00a0 ele leva em suas m\u00e3os?<\/em><\/p>\n<p><img data-recalc-dims=\"1\" decoding=\"async\" src=\"https:\/\/i0.wp.com\/www.brasildefato.com.br\/sites\/default\/files\/bostos2.gif?w=747\" border=\"0\" \/><\/p>\n<p><em>Fomos capazes de dar um close em suas m\u00e3os e com um pouco de pesquisa descobrimos que esse aparelho \u00e9 um &#8220;detector de alerta de radia\u00e7\u00e3o&#8221; usado para situa\u00e7\u00f5es de bomba suja, ou ataque nuclear.<\/em><\/p>\n<p>Isso imediatamente suscita quest\u00f5es do tipo: Quem contratou esse cara? De que lado ele est\u00e1? Por que ele teria adivinhado a necessidade de um detector de radioatividade? Que tipo de mercen\u00e1rios carrega rotineiramente um equipamento desses, t\u00e3o caro?<\/p>\n<p>Quando investig\u00e1vamos as fotos, localizamos mais quatro mercen\u00e1rios com os mesmos uniformes: botas de combate caqui, cal\u00e7as de combate caqui, jaquetas pretas, mochilas pretas e equipamento de comunica\u00e7\u00e3o t\u00e1tica.<\/p>\n<p>Aqui uma foto de 3 desses mercen\u00e1rios, o do meio \u00e9 o mesmo da foto acima:<\/p>\n<p><img data-recalc-dims=\"1\" decoding=\"async\" src=\"https:\/\/i0.wp.com\/www.brasildefato.com.br\/sites\/default\/files\/boston3.gif?w=747\" border=\"0\" \/><\/p>\n<p><em>V\u00e1rias coisas a reparar nessas fotos:<\/em><\/p>\n<p>1) Todos os tr\u00eas parecem surpresos, mesmo chocados pelos eventos. Isso pode parecer significar que eles n\u00e3o esperavam o evento.<\/p>\n<p>2) O objeto na m\u00e3o do homem do meio pode parecer uma arma de m\u00e3o, mas tenho certeza que n\u00e3o \u00e9. Por qu\u00ea? Porque nenhum mercen\u00e1rio bem treinado iria carregar uma arma com dedos em pin\u00e7a. A maneira correta de carregar uma arma enquanto se corre \u00e9 firmemente na palma da m\u00e3o. Esse objeto \u00e9 provavelmente um detector de radioatividade como o da foto acima.<\/p>\n<p>3) O homem \u00e0 esquerda parece carregar um aparelho que aciona com o polegar, um r\u00e1dio???<\/p>\n<p>4) O homem da direita revela em sua camiseta o logo da &#8220;The Craft&#8221; na camiseta, vis\u00edvel por que\u00a0 sua jaqueta se abriu para essa foto (veja abaixo)<\/p>\n<p>Aqui a foto comparativa do logo da Craft:<\/p>\n<p><img data-recalc-dims=\"1\" decoding=\"async\" src=\"https:\/\/i0.wp.com\/www.brasildefato.com.br\/sites\/default\/files\/boston4.gif?w=747\" border=\"0\" \/><\/p>\n<p><em>Mais dois mercen\u00e1rios na cena do crime com o mesmo uniforme e no bon\u00e9 o logo da Craft:<\/em><\/p>\n<p><img data-recalc-dims=\"1\" decoding=\"async\" src=\"https:\/\/i0.wp.com\/www.brasildefato.com.br\/sites\/default\/files\/boston6.gif?w=747\" border=\"0\" \/><\/p>\n<p>O fuzileiro naval e franco-atirador Chris Kyle tamb\u00e9m era um membro da Craftt. Ele foi assassinado por um de seus mais pr\u00f3ximos amigos alguns meses atr\u00e1s. A apar\u00eancia dos mercen\u00e1rios da Craft na maratona de Boston levanta quest\u00f5es a respeito da morte de Chirs Kyle. Na foto em destaque, eis Chris Kyle na TV nacional usando o bon\u00e9 da Craft:<\/p>\n<p><img data-recalc-dims=\"1\" decoding=\"async\" src=\"https:\/\/i0.wp.com\/www.brasildefato.com.br\/sites\/default\/files\/boston7.gif?w=747\" border=\"0\" \/><\/p>\n<p><em>Aqui, o slogan da Craft, que diz: &#8220;A viol\u00eancia resolve, sim, alguns problemas&#8221;.<\/em><\/p>\n<p><img data-recalc-dims=\"1\" decoding=\"async\" src=\"https:\/\/i0.wp.com\/www.brasildefato.com.br\/sites\/default\/files\/boston8.gif?w=747\" border=\"0\" \/><\/p>\n<p>Se voc\u00ea ainda tem d\u00favidas a respeito dos mercen\u00e1rios da Craft, cheque esse site The Craft website onde esses logos, uniformes e equipamentos s\u00e3o vis\u00edveis.<\/p>\n<p>As mochilas-bomba s\u00e3o similares \u00e0s mochilas usadas pelos mercen\u00e1rios Craft. Aqui \u00e9 que a coisa fica realmente assustadora: as mochilas que levavam as panelas de press\u00e3o parecem incrivelmente semelhantes \u00e0s usadas pelos mercen\u00e1rios da Craft:<\/p>\n<p><img data-recalc-dims=\"1\" decoding=\"async\" src=\"https:\/\/i0.wp.com\/www.brasildefato.com.br\/sites\/default\/files\/boston9.gif?w=747\" border=\"0\" \/><\/p>\n<p>Outra vista do logo da caveira da Craft tiradas do seu pr\u00f3prio website e foto que mostra funcion\u00e1rios da Craft numa feira de neg\u00f3cios. Todos usam as mesmas botas e cal\u00e7as de combate: <img data-recalc-dims=\"1\" decoding=\"async\" src=\"https:\/\/i0.wp.com\/www.brasildefato.com.br\/sites\/default\/files\/boston10.gif?w=747\" border=\"0\" \/><\/p>\n<p>O que tudo isso significa? Primeiro, nos livremos da baboseira dos trolls de que isso \u00e9 teoria de conspira\u00e7\u00e3o. Como podem, fotos de pessoas reais serem evid\u00eancia de teoria de conspira\u00e7\u00e3o? Elas n\u00e3o s\u00e3o. Em trabalho policial de verdade, se chamam de evid\u00eancias. E as pessoas nas fotos deveriam ser encaradas como pessoas de interesse (gente pass\u00edvel de investiga\u00e7\u00e3o).<\/p>\n<p>Mas elas n\u00e3o s\u00e3o!! Toda a m\u00eddia e o aparato policial est\u00e3o fazendo de conta que eles n\u00e3o existem (agora essa \u00e9 a teoria\u00a0 de conspira\u00e7\u00e3o DELES).<\/p>\n<p>Sabemos, entretanto, que os funcion\u00e1rios da Craft n\u00e3o trabalham de gra\u00e7a. Eles n\u00e3o s\u00e3o um bando de volunt\u00e1rios. Isso significa que algu\u00e9m os pagou para estarem ali.<\/p>\n<p>Quem pagou a Craft para ir \u00e0 maratona? E qual era a sua miss\u00e3o?<\/p>\n<p>Por que sua presen\u00e7a na maratona de Boston est\u00e1 sendo ignorada? Por que essas pessoas de interesse n\u00e3o est\u00e3o sob investiga\u00e7\u00e3o?<\/p>\n<p>Por que eles carregam detectores de radia\u00e7\u00e3o? O que h\u00e1 em suas mochilas? Sandu\u00edches de presunto?<\/p>\n<p>O fato de que a m\u00eddia se recusa mesmo a reconhecer a exist\u00eancia de tais mercen\u00e1rios \u00e9 auto-evidente.<\/p>\n<p><strong> http:\/\/www.youtube.com\/watch?feature=player_embedded&amp;v=sM9TsCmIe6Q<\/strong><\/p>\n<p>V\u00eddeo mostra entrevista com corredor que fala sobre um alto n\u00famero de c\u00e3es farejadores perto da linha de chegada. Antes das bombas serem acionadas, diz ele tamb\u00e9m que os alto-falantes avisavam sobre um &#8220;exerc\u00edcio&#8221; anti-bomba que estaria acontecendo:<\/p>\n<p>Nestes outros dois v\u00eddeos, o suspeito Tamerlan Tsarnaev, que chegou morto ao hospital, aparece nu, andando e entrando num carro de pol\u00edcia. Uma testemunha conta que ouviu os policias pedindo que ele se despisse para verificar a exist\u00eancia de alguma bomba junto ao corpo. E que, depois de 10 minutos, o suspeito teria sido retirado do carro por agentes do FBI para que fosse fotografado. Ap\u00f3s isso, o suspeito chamado n\u00famero 1, j\u00e1 aparece morto no hospital com ferimentos t\u00edpicos de algu\u00e9m exposto \u00e0 explos\u00e3o de uma bomba. A m\u00eddia comercial tem insistido no mantra de que ele morreu &#8220;numa troca de tiros com os policiais&#8221;, a despeito deste v\u00eddeo e das in\u00fameras mat\u00e9rias que no in\u00edcio surgiram dizendo que o suspeito n\u00famero 1 tinha sido detido e n\u00e3o morto pelos policiais.<\/p>\n<p><strong>Fonte: Brasil de Fato<\/strong><\/p>\n<p><strong>Tradu\u00e7\u00e3o Ren\u00e9 Amaral<\/strong><\/p>\n<p><a href=\"http:\/\/www.iranews.com.br\/noticia\/9811\/mercenarios-estavam-entre-o-publico-da-maratona-de-boston\">http:\/\/www.iranews.com.br\/noticia\/9811\/mercenarios-estavam-entre-o-publico-da-maratona-de-boston<\/a><\/p>\n","protected":false},"excerpt":{"rendered":"\n<a class=\"moretag\" href=\"https:\/\/pcb.org.br\/portal2\/4684\"> <\/a>","protected":false},"author":1,"featured_media":0,"comment_status":"open","ping_status":"open","sticky":false,"template":"","format":"standard","meta":{"jetpack_post_was_ever_published":false,"_jetpack_newsletter_access":"","_jetpack_dont_email_post_to_subs":false,"_jetpack_newsletter_tier_id":0,"_jetpack_memberships_contains_paywalled_content":false,"_jetpack_memberships_contains_paid_content":false,"footnotes":"","jetpack_publicize_message":"","jetpack_publicize_feature_enabled":true,"jetpack_social_post_already_shared":false,"jetpack_social_options":{"image_generator_settings":{"template":"highway","default_image_id":0,"font":"","enabled":false},"version":2}},"categories":[38],"tags":[],"class_list":["post-4684","post","type-post","status-publish","format-standard","hentry","category-c43-imperialismo"],"jetpack_publicize_connections":[],"jetpack_featured_media_url":"","jetpack_shortlink":"https:\/\/wp.me\/p659gw-1dy","jetpack-related-posts":[],"jetpack_likes_enabled":true,"jetpack_sharing_enabled":true,"_links":{"self":[{"href":"https:\/\/pcb.org.br\/portal2\/wp-json\/wp\/v2\/posts\/4684","targetHints":{"allow":["GET"]}}],"collection":[{"href":"https:\/\/pcb.org.br\/portal2\/wp-json\/wp\/v2\/posts"}],"about":[{"href":"https:\/\/pcb.org.br\/portal2\/wp-json\/wp\/v2\/types\/post"}],"author":[{"embeddable":true,"href":"https:\/\/pcb.org.br\/portal2\/wp-json\/wp\/v2\/users\/1"}],"replies":[{"embeddable":true,"href":"https:\/\/pcb.org.br\/portal2\/wp-json\/wp\/v2\/comments?post=4684"}],"version-history":[{"count":0,"href":"https:\/\/pcb.org.br\/portal2\/wp-json\/wp\/v2\/posts\/4684\/revisions"}],"wp:attachment":[{"href":"https:\/\/pcb.org.br\/portal2\/wp-json\/wp\/v2\/media?parent=4684"}],"wp:term":[{"taxonomy":"category","embeddable":true,"href":"https:\/\/pcb.org.br\/portal2\/wp-json\/wp\/v2\/categories?post=4684"},{"taxonomy":"post_tag","embeddable":true,"href":"https:\/\/pcb.org.br\/portal2\/wp-json\/wp\/v2\/tags?post=4684"}],"curies":[{"name":"wp","href":"https:\/\/api.w.org\/{rel}","templated":true}]}}