{"id":469,"date":"2010-05-17T00:21:00","date_gmt":"2010-05-17T00:21:00","guid":{"rendered":"http:\/\/pcb.org.br\/portal2\/?p=469"},"modified":"2010-05-17T00:21:00","modified_gmt":"2010-05-17T00:21:00","slug":"proposta-do-partido-comunista-da-grecia-de-solucao-para-a-crise","status":"publish","type":"post","link":"https:\/\/pcb.org.br\/portal2\/469","title":{"rendered":"PROPOSTA DO PARTIDO COMUNISTA DA GR\u00c9CIA DE SOLU\u00c7\u00c3O PARA A CRISE"},"content":{"rendered":"\n<p>O Partido Comunista da Gr\u00e9cia sempre manifestou, especialmente ap\u00f3s 1991, que era um engano acreditar no desenvolvimento cont\u00ednuo do capitalismo, de sua competitividade e produtividade, que resultariam num suposto benef\u00edcio comum para trabalhadores e capitalistas. Nosso Partido sempre apontou para a inevit\u00e1vel crise econ\u00f4mica em todas as economias capitalistas. Ele previu a crise, a inexorabilidade de um surto agudo, repentino e profundo, que tornaria claras todas as contradi\u00e7\u00f5es intra-imperialistas e sociais.<\/p>\n<p>Os apologistas do sistema capitalista, entre eles os autoproclamados defensores do velho PASOK (sigla do partido Movimento Solcialista Pan-Hel\u00eanico, governista*), ou os revisionistas desse partido, reduzindo a crise econ\u00f4mica para um problema de gest\u00e3o, negando ou encobrindo a pr\u00f3pria base sobre a qual ela se assenta, o pr\u00f3prio capitalismo.<\/p>\n<p>As condi\u00e7\u00f5es de hoje exigem que nos demos conta de que a consci\u00eancia pol\u00edtico-social se desenvolve de forma acelerada, mormente quando expressa em luta organizada, planejada e com perspectivas de continuidade no futuro. S\u00e3o as condi\u00e7\u00f5es de vida do povo, da classe trabalhadora e das fam\u00edlias de baixa renda que nos preocupam e n\u00e3o os lucros capitalistas.<\/p>\n<p>Nossa estrat\u00e9gia consiste em impedir a imposi\u00e7\u00e3o das medidas b\u00e1rbaras, tanto quanto poss\u00edvel, consideradas as condi\u00e7\u00f5es de hoje, para evitar que aquelas medidas sejam legitimadas na consci\u00eancia das pessoas, para os trabalhadores se desligarem do PASOK e da ND (sigla do partido Nova Democracia*) e de suas pol\u00edticas, para o movimento se reagrupar e levar adiante um contra-ataque que derrube o equil\u00edbrio das for\u00e7as pol\u00edticas que est\u00e3o no poder hoje em favor do poder popular. N\u00f3s n\u00e3o somos indiferentes, nem observadores neutros, por\u00e9m na medida em que a conjuntura pol\u00edtica n\u00e3o nos permite uma interven\u00e7\u00e3o mais eficaz em favor do povo, queremos dar prioriedade ao movimento social, fora do Parlamento.<\/p>\n<p>\u00c9 chegada a hora para formarmos uma frente social e popular para as a\u00e7\u00f5es pol\u00edticas e de massas que tome uma forma diferente e se desenvolva a partir das for\u00e7as militantes existentes que devem ser multiplicadas; isto \u00e9, a milit\u00e2ncia dos trabalhadores dos setores privado e p\u00fablico, dos empobrecidos aut\u00f4nomos de pequenos neg\u00f3cios, como os artes\u00e3os e os pequenos comerciantes, dos agricultores pobres, com um refor\u00e7o na participa\u00e7\u00e3o da juventude, das crian\u00e7as da classe trabalhadora e das fam\u00edlias de baixa-renda, especialmente aqueles que estudam e trabalham, dos que est\u00e3o em programas de treinamento, das mulheres e imigrantes, dos lutadores nos campos da ci\u00eancia, da arte e da cultura.<\/p>\n<p>Por esses motivos \u00e9 indispens\u00e1vel a uni\u00e3o dessas for\u00e7as com o Partido Comunista da Gr\u00e9cia (sigla: KKE*), independentemente da concord\u00e2ncia, ou n\u00e3o, desses trabalhadores em todos os pontos com o nosso Partido, ou se eles t\u00eam d\u00favidas ou diferentes pontos de vista sobre o socialismo.<\/p>\n<p>Os ind\u00edcios da possibilidade de constru\u00e7\u00e3o dessa frente existem, como demonstrado pela Frente Militante de Todos Trabalhadores (PAME), do Movimento Antimonopolista Grego Dos Trabalhadores Aut\u00f4nomos e Dos Pequenos Comerciantes (PASEVE), do Movimento Militante de Todos Os Camponeses (PASY), a Frente Militante de Todos Os Estudantes (MAS) e outras for\u00e7as do movimento social. Outras forma\u00e7\u00f5es ir\u00e3o surgir ao longo do caminho, inclusive de movimentos de massa contra a guerra imperialista, por aquelas de defesa de direitos individuais e coletivos, por aquelas de defesa de direitos democr\u00e1ticos, de defesa de direitos sindicais e aquelas associa\u00e7\u00f5es que atuam na \u00e1rea dos governos municipais.<\/p>\n<p>O cora\u00e7\u00e3o, a sede f\u00edsica das lutas, s\u00e3o os locais de trabalho, as ruas com pequenas lojas, a zona rural, as escolas, as universidades, os bairros de imigrantes, toda categoria de trabalhadores, a vizinhan\u00e7a e as vilas populares. O bloqueio das novas medidas contr\u00e1rias aos trabalhadores, em especial a aboli\u00e7\u00e3o dos acordos coletivos de trabalho com o advento de acordos individuais, a luta pela redu\u00e7\u00e3o da jornada de trabalho e contra a flexibiliza\u00e7\u00e3o dos direitos laborais, etc., devem ser conduzidas, de forma en\u00e9rgica, em cada local de trabalho.<\/p>\n<p>Os trabalhadores devem alterar o equil\u00edbrio das for\u00e7as a partir de baixo e esta altera\u00e7\u00e3o deve se expressar, tomar forma, na medida do desenrolar da luta economicista para se transformar em luta pol\u00edtica. O povo n\u00e3o deve mais pagar, de forma cont\u00ednua, submetendo-se a sacrif\u00edcios indescrit\u00edveis, o lucro dos industriais, dos donos e construtores de navios, dos grandes comerciantes e dos monop\u00f3lios em geral.<\/p>\n<p>\u00a0<\/p>\n<p><strong>Essa frente popular e social deve ter dois objetivos inter-relacionados.<\/strong><\/p>\n<p>O primeiro \u00e9 a luta que inclui resist\u00eancia, luta de atritos, minando as medidas b\u00e1rbaras que o governo e seus aliados est\u00e3o tentando fazer passar; luta contra a complexa maquina\u00e7\u00e3o que parte do sistema pol\u00edtico bugu\u00eas e da plutocracia.<\/p>\n<p>As lutas de atrito n\u00e3o s\u00e3o, todavia, o suficiente; devemos alcan\u00e7ar algumas pequenas ou maiores vit\u00f3rias.<\/p>\n<p>No entanto, a mais importante tarefa da frente deve ser criativa para que surja um ponto de vista popular militante, trazer dignidade e otimismo militantes, patriotismo de classe e internacionalismo, a\u00e7\u00e3o e iniciativas populares que possam transformar a frente numa corrente de amplo espectro de mudan\u00e7a e de desequil\u00edbrio das for\u00e7as buguesas postas em j\u00f4go.<\/p>\n<p>Essa frente tem uma escolha, criativa e realista. Para refor\u00e7ar a proposta alternativa do poder e da economia populares temos de ter palavras-chave de ordem \u2013 a socializa\u00e7\u00e3o dos monop\u00f3lios, a forma\u00e7\u00e3o de cooperativas populares em setores onde a socializa\u00e7\u00e3o n\u00e3o seja poss\u00edvel, um planejamento nacional com controle popular e dos trabalhadores de baixo para cima. Assim, se provar\u00e1 e demonstrar\u00e1 as possibilidades reais que ainda temos de desenvolvimento do pa\u00eds, todavia n\u00e3o se deve perder um tempo precisoso no enfrquecimento e destrui\u00e7\u00e3o dessas possibilidades.<\/p>\n<p>O Partido Comunista da Gr\u00e9cia est\u00e1 incrementando seus esfor\u00e7os para propagar essa proposta pol\u00edtica ao mesmo tempo em que aumenta sua presen\u00e7a nas lutas di\u00e1rias.<\/p>\n<p>Para o dia 15 de maio estamos organizando um movimento de car\u00e1ter nacional que tornar\u00e1 a nossa proposta, a nossa iniciativa, a nossa oposi\u00e7\u00e3o completa \u00e0s pol\u00edticas p\u00fablicas de hoje, ao sistema de hoje, ainda mais amplamente conhecida.<\/p>\n<p>\u00a0<\/p>\n<p><strong>Sem ilus\u00f5es<\/strong><\/p>\n<p>A ades\u00e3o \u00e0s medidas tomadas n\u00e3o impedir\u00e1 uma recupera\u00e7\u00e3o fraca da economia grega e uma nova crise c\u00edclica, ainda mais intensa do que esta que vivenciamos hoje. De agora em diante, o povo deve estar pronto para criar uma ruptura no sistema e n\u00e3o se tornar uma \u201cIfig\u00eania\u201d <em> (personagem da mitologia que foi sacrificada em busca de bons ventos para conduzir os ex\u00e9rcitos gregos na guerra contra Tr\u00f3ia*)<\/em>. N\u00f3s n\u00e3o endossamos o ponto de vista de que os sacrif\u00edcios do povo ser\u00e3o em v\u00e3o; os sacrif\u00edcios ser\u00e3o utilizados para maiores ganhos do capital, eles ir\u00e3o para o bolso dos capitalistas.<\/p>\n<p>A recupera\u00e7\u00e3o da economia capitalista grega est\u00e1 se tornando crescentemente dif\u00edcil, mesmo que se torne est\u00e1vel para a zona do euro. A retra\u00e7\u00e3o da produ\u00e7\u00e3o industrial s\u00f3 pode se recuperar com grandes dificuldades.<\/p>\n<p>O gerenciamento da crise, seja pela Uni\u00e3o Europ\u00e9ia, seja pelo FMI, n\u00e3o conseguir\u00e1 superar as contradi\u00e7\u00f5es da produ\u00e7\u00e3o capitalista, cujo objetivo e motiva\u00e7\u00e3o \u00e9 o lucro. O que quer que apare\u00e7a como um meio para solucionar um problema, por exemplo, a d\u00edvida da Gr\u00e9cia, pode exacerbar outros problemas. Desengajar-se da Uni\u00e3o Europ\u00e9ia e a desobedi\u00eancia s\u00e3o pre-requisitos para a melhoria das condi\u00e7\u00f5es de vida do povo. Qualquer modo de resist\u00eancia tem seu valor desde que tenha a perspectiva de alternativa do poder. Contrariamente, as rea\u00e7\u00f5es desordenadas ou negocia\u00e7\u00f5es desconexas somente servem para fortalecer o processo de explora\u00e7\u00e3o.<\/p>\n<p>O governo, depois de criar as condi\u00e7\u00f5es que tornam uma aventura os pagamentos e nos levam \u00e0 fal\u00eancia, foi em frente com seu plano pre-arquitetado para apoiar uma maquina\u00e7\u00e3o da Uni\u00e3o Europ\u00e9ia e do FMI, criada numa seq\u00fc\u00eancia de incoer\u00eancias, o que permitiu ao FMI, de maneira profunda, aparecer perante a Europa como um auto-proclamado \u201csalvador dos povos\u201d.<\/p>\n<p>As estimativas sobre uma ru\u00edna iminente de nosso pa\u00eds exageram, de forma exacerbada, a situa\u00e7\u00e3o e servem como um modo de extors\u00e3o.<\/p>\n<p>Desde os primeiros momentos, n\u00f3s reconhecemos e enfatizamos que a ades\u00e3o a esses mecanismos ser\u00e1 uma realidade. O governo vai encontrar capital para emprestar porque nenhum governo burgu\u00eas ou contra o povo abandonar\u00e1 a classe burguesa, os empres\u00e1rios do pa\u00eds e n\u00e3o os deixar\u00e1 sem apoio. O governo grego queria criar o quadro ideal para a extors\u00e3o, a atmosfera perfeita de p\u00e2nico e golpe contra o povo grego o faria aceitar, rapidamente, as medidas que j\u00e1 foram decididas h\u00e1 vinte anos atr\u00e1s.<\/p>\n<p>Por \u00f3bvio, a ansiedade do governo no que diz respeito \u00e0s condi\u00e7\u00f5es impostas para o empr\u00e9stimo surgiu diante dos conflitos e contradi\u00e7\u00f5es reais que n\u00e3o t\u00eam nada a ver com o povo. A Gr\u00e9cia se encontrava no meio da tormenta devido ao fato de sua d\u00edvida enorme ter sido utilizada por pa\u00edses capitalistas concorrentes da zona do euro e tamb\u00e9m pelos EUA, R\u00fassia e China. A Gr\u00e9cia chamou a aten\u00e7\u00e3o devido a sua posi\u00e7\u00e3o e liga\u00e7\u00f5es com os pa\u00edses do leste da Uni\u00e3o Europ\u00e9ia, Eur\u00e1sia e at\u00e9 do Extremo Oriente. A Gr\u00e9cia tornou-se o elo mais fraco da zona do euro e para os interesses do capital e, mais amplamente, porque atrav\u00e9s da Gr\u00e9cia, os pa\u00edses em concorr\u00eancia, liderados por grandes empresas, podem se associar \u00e0 peninsula da Europa Ocidental.<\/p>\n<p>N\u00e3o se trata de uma quest\u00e3o de diferentes interesses entre os respectivos povos. Esses conflitos devem conduzir \u00e0 unidade de a\u00e7\u00e3o dos povos porque, independentemente de qual pa\u00eds ou de qual moeda que estejam em primeiro plano, os povos v\u00e3o perder e continuar a perder, ao inv\u00e9s de obter, de ganhar novas conquistas econ\u00f4micas.<\/p>\n<p>No que tange \u00e0 d\u00edvida p\u00fablica que ser\u00e1 negociada mediante empr\u00e9stimos, combinados com o Pacto de Estabilidade e Desenvolvimento, ou atrav\u00e9s de uma renegocia\u00e7\u00e3o que seria tratada internamente, trata-se de um embuste total, \u00e9 uma desorienta\u00e7\u00e3o, \u00e9 uma utopia.<\/p>\n<p>Para come\u00e7ar, a d\u00edvida n\u00e3o \u00e9 apenas um assunto da Gr\u00e9cia. Muitos pa\u00edses capitalistas, inclusive os desenvolvidos possuem uma d\u00edvida p\u00fablica sempre crescente. N\u00e3o se trata de simples capacidade de gerenciamento como querem fazer crer os partidos oportunistas e burgueses.<\/p>\n<p>\u00c9 um resultado do decl\u00ednio gradual e de longo prazo da ind\u00fastria de transforma\u00e7\u00e3o e da produ\u00e7\u00e3o agr\u00edcola devido aos antagonismos agudos que ocorrem a nivel da Uni\u00e3o Europ\u00e9ia e a n\u00edvel internacional.<\/p>\n<p>Os ramos industriais de energia e telecomunica\u00e7\u00f5es, bem como outros ramos espec\u00edficos de produ\u00e7\u00e3o, que se desenvolveram na Gr\u00e9cia, devido as suas limita\u00e7\u00f5es, n\u00e3o foram capazes de compensar a recess\u00e3o na produ\u00e7\u00e3o como um todo.<\/p>\n<p>A d\u00edvida decorre de enormes isen\u00e7\u00f5es fiscais dadas \u00e0s empresas, do financiamento estatal do grande capital, das despesas incomensur\u00e1veis com o programa de armamento da NATO, da competi\u00e7\u00e3o capitalista sob as condi\u00e7\u00f5es da Uni\u00e3o Europ\u00e9ia, das despesas contraproducentes para os Jogos Ol\u00edmpicos.<\/p>\n<p>A competitividade e as contradi\u00e7\u00f5es intra-imperialistas t\u00eam conseq\u00fc\u00eancias que levaram a crise a se tornar aguda.<\/p>\n<p>O d\u00f3lar quer recuperar sua posi\u00e7\u00e3o que gozava como moeda de reserva mundial. A desvaloriza\u00e7\u00e3o do euro beneficia a Alemanha que \u00e9 a maior exportadora da Europa durante um periodo em que ela (a Alemanha) est\u00e1 perdendo sua condi\u00e7\u00e3o de l\u00edder mundial de exporta\u00e7\u00e3o para a China.<\/p>\n<p>Isso tem a ver com os fluxos de capital que levam ao aumento do lucro aleat\u00f3rio atrav\u00e9s dos chamados produtos de alto risco, ou seja, os pr\u00eamios de seguro em obriga\u00e7\u00f5es, t\u00edtulos, do estado. Esse fluxos s\u00e3o substanciais, importantes, mas eles n\u00e3o s\u00e3o propriamente especulativos no sentido estrito do termo e sim fazem parte da l\u00f3gica do sistema.<\/p>\n<p>H\u00e1 tamb\u00e9m a press\u00e3o dos capitalistas que querem fazer investimentos diretos na Gr\u00e9cia, mas querem que sejam aprovadas, primeiro, medidas contra o mundo do trabalho, medidas essas que foram aplicadas em toda a parte, mas que aqui, na Gr\u00e9cia, tiveram sua aplica\u00e7\u00e3o retardada devido \u00e0s lutas populares impulsionadas e energicamente travadas pelo Partido Comunista da Gr\u00e9cia. Esses capitalistas querem o fim das profiss\u00f5es fechadas <em>(profiss\u00f5es de aut\u00f4nomos, inclu\u00eddo profiss\u00f5es liberais, muito organizadas*)<\/em>, criando as condi\u00e7\u00f5es necess\u00e1rias para dominarem novas esferas de atividade em detrimento das classes m\u00e9dias, nos setores onde os poderosos monop\u00f3lios ainda n\u00e3o foram capazes de dominar, como na ind\u00fastria da constru\u00e7\u00e3o, os transportes, produtos farmac\u00eauticos, etc.<\/p>\n<p>As contradi\u00e7\u00f5es tamb\u00e9m se expressam entre capitais americanos, \u00e1rabes, chineses e russos que se posicionaram na economia grega considerando-o um pa\u00eds intermedi\u00e1rio e uma esp\u00e9cie de trampolim para seus ingressos no mercado mundial.<\/p>\n<p>\u00a0<\/p>\n<p><strong>PROPOSTA DO PARTIDO COMUNISTA DA GR\u00c9CIA<\/strong><\/p>\n<p><strong> A Frente Democr\u00e1tica, Anti-Imperialista, Anti-Monopolista \u2013 Poder e Economia Populares<\/strong><\/p>\n<p>O povo grego tem de escolher entre dois caminhos para o desenvolvimento da nossa sociedade: o caminho que est\u00e1 sendo seguido e aquele outro que precisa ser criado pela luta do povo.<\/p>\n<p>N\u00f3s sustentamos, com fatos e provas, que a Gr\u00e9cia, apesar dos danos s\u00e9rios e destrutivos sofridos em determinados setores devido ao dominio do capital e \u00e0 concorr\u00eancia monopolista, na economia agr\u00edcola, tem os pr\u00e9-requisitos indispens\u00e1veis para criar e desenvolver uma economia popular auto-suficiente.<\/p>\n<p>A evolu\u00e7\u00e3o negativa dos \u00faltimos 20 anos em certos ramos da produ\u00e7\u00e3o industrial, na economia agr\u00edcola, pode ser tratada e recuperada sob condi\u00e7\u00f5es diferentes de pol\u00edtica econ\u00f4mica e de pol\u00edtica social. Ainda n\u00e3o \u00e9 tarde.<\/p>\n<p>A Gr\u00e9cia tem um n\u00edvel satisfat\u00f3rio de concentra\u00e7\u00e3o da produ\u00e7\u00e3o, de meios de produ\u00e7\u00e3o, uma extensa rede comercial, e um n\u00edvel espec\u00edfico de desenvolvimento de tecnologias modernas. Ela tem, atualmente, uma grande e experiente for\u00e7a do trabalho, com um melhor n\u00edvel educacional e de especializa\u00e7\u00e3o, se comparada com as gera\u00e7\u00f5es passadas, e uma importante e extensa m\u00e3o-de-obra nos dom\u00ednios da ci\u00eancia.<\/p>\n<p>Possui valiosos recursos naturais geradores de riqueza, importantes reservas de riquezas minerais que representam um vantagem na produ\u00e7\u00e3o industrial e de bens de consumo.<\/p>\n<p>A Gr\u00e9cia tem a grande vantagem de poder garantir o abastecimento de generos aliment\u00edcios para poder n\u00e3o s\u00f3 atender \u00e0s necessidades de sua popula\u00e7\u00e3o, como tamb\u00e9m as demandas do com\u00e9rcio exterior. Possui a capacidade de produzir produtos modernos, m\u00e1quinas, ferramentas e equipamentos.<\/p>\n<p>Para que a economia popular possa existir para todos, n\u00f3s precisamos encontrar uma solu\u00e7\u00e3o para o problema da propriedade, visando satisfazer as necessidades da popula\u00e7\u00e3o e n\u00e3o \u00e0s necessidades do lucro.<\/p>\n<p>A escolha \u00e9 \u00fanica: uma mudan\u00e7a nas rela\u00e7\u00f5es sociais de propriedade, historicamente ultrapassadas, que determinam o sistema politico, como tamb\u00e9m no que concerne os meios de produ\u00e7\u00e3o e concentrados nas seguintes \u00e1reas: energia, telecomunica\u00e7\u00f5es, riqueza mineral, minera\u00e7\u00e3o, ind\u00fastria, abastecimento e distribui\u00e7\u00e3o de \u00e1gua, transportes.<\/p>\n<p>A socializa\u00e7\u00e3o do sistema banc\u00e1rio, do sistema de extra\u00e7\u00e3o, transporte e gest\u00e3o dos recursos naturais; com\u00e9rcio exterior, uma rede centralizada de com\u00e9rcio interno; constru\u00e7\u00e3o de casas para a popula\u00e7\u00e3o, pesquisa e o provisionamento democratico de informa\u00e7\u00f5es para o povo.<\/p>\n<p><strong>Um sistema exclusivamente p\u00fablico, livre e universal, de educa\u00e7\u00e3o, sa\u00fade, de bem estar e seguridade sociais.<\/strong><\/p>\n<p>N\u00f3s estimamos que certas \u00e1reas n\u00e3o ser\u00e3o inclu\u00eddas numa socializa\u00e7\u00e3o completa, nacional e universalizada. Complementando o setor socializado, poder\u00e1 se formar um setor de cooperativas de produ\u00e7\u00e3o em n\u00edvel de pequena agr\u00edcultura, em ramos de pequenos neg\u00f3cios onde a concentra\u00e7\u00e3o tenha um n\u00edvel baixo. A sua particip\u00e7\u00e3o nas cooperativas dever\u00e1 ser entendida como uma escolha ben\u00e9fica, baseada na experi\u00eancia adquirida na area dos monopolies.<\/p>\n<p>A socializa\u00e7\u00e3o, bem como o setor de cooperativas, da produ\u00e7\u00e3o, distribui\u00e7\u00e3o e consumo devem, como um todo, estar inclu\u00eddas num organismo nacional de administra\u00e7\u00e3o e planejamento econ\u00f4micos de modo que todos os meios de produ\u00e7\u00e3o e da for\u00e7a do trabalho possam ser mobilizados e tamb\u00e9m que toda forma poss\u00edvel de coopera\u00e7\u00e3o econ\u00f4mica internacional possa ser usada com base no benef\u00edcio m\u00fatuo. A produ\u00e7\u00e3o nacional e os interesses dos trabalhadores ser\u00e3o protegidos de toda e qualquer repercuss\u00e3o que possa surgir das necessidades do com\u00e9rcio exterior.<\/p>\n<p>O planejamento central \u00e9 necess\u00e1rio para que se formulem as escolhas e os objetivos estrat\u00e9gicos, para priorizar setores e ramos da produ\u00e7\u00e3o, para determinar aonde nossas for\u00e7as e nossos meios dever\u00e3o ser concentrados. A materializa\u00e7\u00e3o desse planifica\u00e7\u00e3o necessita uma distribui\u00e7\u00e3o por ramo e por setor e, antes de mais nada, do controle administrativo dos trabalhadores em cada unidade de produ\u00e7\u00e3o ou de service, em cada organism administrative.<\/p>\n<p>O governo, como um organismo do poder popular, ser\u00e1 obrigado a assegurar a participa\u00e7\u00e3o do povo nessa tarefa, completamente nova e totalmente desconhecida, para apoiar o movimento popular, sustent\u00e1-lo e ser por ele monitorado atrav\u00e9s de novas institui\u00e7\u00f5es de controle social dos trabalhadores.<\/p>\n<p>O desenvolvimento da sociedade, atrav\u00e9s de uma planifica\u00e7\u00e3o centralizada, \u00e9 uma necessidade que decorre das exig\u00eancias de nosso tempo, antes de tudo de demandas da humanidade que \u00e9 a principal for\u00e7a produtiva. A necessidade de satisfazer as amplas demandas modernas do povo trabalhador, a necessidade de desenvolver os meios de produ\u00e7\u00e3o, de desenvolver a ci\u00eancia e a tecnologia em benef\u00edcio das pessoas, tornam a planifica\u00e7\u00e3o central uma necessidade vital.<\/p>\n<p>O poder popular encoraja os acordos comerciais e de interc\u00e2mbio entre estados, para a utiliza\u00e7\u00e3o de conhecimentos tecnicol\u00f3gicos com base no interesse m\u00fatuo.<\/p>\n<p>A d\u00edvida p\u00fablica sera reavaliada, sob o poder popular, tendo como crit\u00e9rio principal o interesse do povo.<\/p>\n<p>Desde o seu surgimento, o poder popular ter\u00e1 de confrontar-se com uma rea\u00e7\u00e3o organizada, dom\u00e9stica e internacionalmente. A Uni\u00e3o Europ\u00e9ia e a NATO, os acordos com os EUA, n\u00e3o deixam muito espa\u00e7o para manobra aos pa\u00edses membros da Uni\u00e3o Europ\u00e9ia.<\/p>\n<p>A solu\u00e7\u00e3o deste problema pela sa\u00edda da Gr\u00e9cia da Uni\u00e3o Europ\u00e9ia \u00e9 inevit\u00e1vel, tendo como objetivo um desenvolvimento aut\u00f4nomo, popular e uma coopera\u00e7\u00e3o que seja feita no interesse do povo.<\/p>\n<p>\u00a0<\/p>\n<p><strong>\u00c9 necess\u00e1rio intensificar nossas atividades com base na luta contra esses problemas<\/strong>.<\/p>\n<p>Lutamos incessantemente para que os trabalhadores tenham conquistas imediatas e continuaremos nessa luta para que medidas possam ser impostas pela for\u00e7a do movimento, medidas essas que diminuir\u00e3o a gravidade de nossos problemas atuais e consistir\u00e3o em um al\u00edvio para o povo.<\/p>\n<p>N\u00f3s desenvolvemos as posi\u00e7\u00f5es e as reivindica\u00e7\u00f5es para cada problema e quest\u00f5es isoladas que surgiram. No entanto, isto n\u00e3o \u00e9 o suficiente hoje; um proposta alternativa de progresso \u00e9 necess\u00e1ria para que a luta tenha um objetivo, uma meta, um sentido, e, finalmente, para que possa exercer um press\u00e3o suplementar em cada fase da luta.<\/p>\n<p align=\"justify\"><em>(Traduzido da vers\u00e3o em ingl\u00eas)<\/em><\/p>\n<p>Fonte: <a href=\"http:\/\/inter.kke.gr\/News\/2010news\/2010-05-12-sinenteyxi\/\" target=\"_blank\">http:\/\/inter.kke.gr\/News\/2010news\/2010-05-12-sinenteyxi\/<\/a><\/p>\n<p><em>(*) notas do tradutor<\/em><\/p>\n<p><em>Tradu\u00e7\u00e3o: Humberto Carvalho, militante do Partido Comunista Brasileiro \u2013 PCB.<\/em><\/p>\n","protected":false},"excerpt":{"rendered":"\n\n\nCr\u00e9dito: KKE\n\n\n\n\nPor Aleka Papariga, Secret\u00e1ria-Geral do Partido Comunista da Gr\u00e9cia (KKE)\n<a class=\"moretag\" href=\"https:\/\/pcb.org.br\/portal2\/469\"> <\/a>","protected":false},"author":1,"featured_media":0,"comment_status":"open","ping_status":"open","sticky":false,"template":"","format":"standard","meta":{"jetpack_post_was_ever_published":false,"_jetpack_newsletter_access":"","_jetpack_dont_email_post_to_subs":false,"_jetpack_newsletter_tier_id":0,"_jetpack_memberships_contains_paywalled_content":false,"_jetpack_memberships_contains_paid_content":false,"footnotes":"","jetpack_publicize_message":"","jetpack_publicize_feature_enabled":true,"jetpack_social_post_already_shared":false,"jetpack_social_options":{"image_generator_settings":{"template":"highway","default_image_id":0,"font":"","enabled":false},"version":2}},"categories":[37],"tags":[],"class_list":["post-469","post","type-post","status-publish","format-standard","hentry","category-c42-comunistas"],"jetpack_publicize_connections":[],"jetpack_featured_media_url":"","jetpack_shortlink":"https:\/\/wp.me\/p659gw-7z","jetpack-related-posts":[],"jetpack_likes_enabled":true,"jetpack_sharing_enabled":true,"_links":{"self":[{"href":"https:\/\/pcb.org.br\/portal2\/wp-json\/wp\/v2\/posts\/469","targetHints":{"allow":["GET"]}}],"collection":[{"href":"https:\/\/pcb.org.br\/portal2\/wp-json\/wp\/v2\/posts"}],"about":[{"href":"https:\/\/pcb.org.br\/portal2\/wp-json\/wp\/v2\/types\/post"}],"author":[{"embeddable":true,"href":"https:\/\/pcb.org.br\/portal2\/wp-json\/wp\/v2\/users\/1"}],"replies":[{"embeddable":true,"href":"https:\/\/pcb.org.br\/portal2\/wp-json\/wp\/v2\/comments?post=469"}],"version-history":[{"count":0,"href":"https:\/\/pcb.org.br\/portal2\/wp-json\/wp\/v2\/posts\/469\/revisions"}],"wp:attachment":[{"href":"https:\/\/pcb.org.br\/portal2\/wp-json\/wp\/v2\/media?parent=469"}],"wp:term":[{"taxonomy":"category","embeddable":true,"href":"https:\/\/pcb.org.br\/portal2\/wp-json\/wp\/v2\/categories?post=469"},{"taxonomy":"post_tag","embeddable":true,"href":"https:\/\/pcb.org.br\/portal2\/wp-json\/wp\/v2\/tags?post=469"}],"curies":[{"name":"wp","href":"https:\/\/api.w.org\/{rel}","templated":true}]}}