{"id":4693,"date":"2013-04-25T15:41:59","date_gmt":"2013-04-25T15:41:59","guid":{"rendered":"http:\/\/pcb.org.br\/portal2\/?p=4693"},"modified":"2013-04-25T15:41:59","modified_gmt":"2013-04-25T15:41:59","slug":"onu-leva-ao-congo-experiencia-brasileira-no-haiti","status":"publish","type":"post","link":"https:\/\/pcb.org.br\/portal2\/4693","title":{"rendered":"ONU leva ao Congo \u201cexperi\u00eancia\u201d brasileira no Haiti"},"content":{"rendered":"\n<p>Segundo a <em>BBC<\/em>, a ONU criou uma &#8220;Brigada de Interven\u00e7\u00e3o&#8221; com &#8220;autoriza\u00e7\u00e3o especial&#8221; para adotar &#8220;qualquer medida necess\u00e1ria&#8221; para derrotar o M23 (Movimento 23 de Mar\u00e7o), o FDLR (For\u00e7as Democr\u00e1ticas para Liberta\u00e7\u00e3o de Ruanda) e o LRA (Ex\u00e9rcito de Resist\u00eancia do Senhor) e ao menos outros quatro grupos rebeldes locais e internacionais que operam no leste do pa\u00eds africano.<\/p>\n<p>De acordo com fontes da pr\u00f3pria ONU, a escolha pelo brasileiro se deve por sua \u201cbem sucedida atua\u00e7\u00e3o\u201d \u00e0 frente de opera\u00e7\u00f5es militares no Haiti. De acordo com o Itamaraty, ouvido pela <em>BBC<\/em>, n\u00e3o foi feito nenhum pedido para que o general chefiasse a miss\u00e3o, e outros militares brasileiros participar\u00e3o da iniciativa como gestores.<\/p>\n<p>N\u00e3o se pode negar: trata-se de um passo do Estado brasileiro como ator do sistema imperialista global. Toda essa demonstra\u00e7\u00e3o de for\u00e7a, infelizmente, n\u00e3o \u00e9 vista no tratamento dos imigrantes haitianos que continuam chegando ao pa\u00eds sob condi\u00e7\u00f5es de severa mis\u00e9ria. E muito menos no que diz respeito \u00e0 ajuda efetiva que o Brasil (assim como demais pa\u00edses em desenvolvimento e os desenvolvidos) poderia oferecer para que pa\u00edses como Haiti e Ruanda superassem o estado de precariedade, pobreza extrema e desesperan\u00e7a em que se encontram. Aplausos ao <em>Brazil SA<\/em>. Vergonha para o Brasil das pessoas.<\/p>\n","protected":false},"excerpt":{"rendered":"\nO Olhar Comunista dessa quinta comenta a decis\u00e3o da ONU de convidar o general de divis\u00e3o brasileiro Carlos Alberto dos Santos Cruz para comandar a maior \u201cmiss\u00e3o de paz\u201d das na\u00e7\u00f5es Unidas na atualidade: a \u2018Monusco\u2019, no Congo.\n<a class=\"moretag\" href=\"https:\/\/pcb.org.br\/portal2\/4693\"> <\/a>","protected":false},"author":1,"featured_media":0,"comment_status":"open","ping_status":"open","sticky":false,"template":"","format":"standard","meta":{"jetpack_post_was_ever_published":false,"_jetpack_newsletter_access":"","_jetpack_dont_email_post_to_subs":false,"_jetpack_newsletter_tier_id":0,"_jetpack_memberships_contains_paywalled_content":false,"_jetpack_memberships_contains_paid_content":false,"footnotes":"","jetpack_publicize_message":"","jetpack_publicize_feature_enabled":true,"jetpack_social_post_already_shared":false,"jetpack_social_options":{"image_generator_settings":{"template":"highway","default_image_id":0,"font":"","enabled":false},"version":2}},"categories":[100],"tags":[],"class_list":["post-4693","post","type-post","status-publish","format-standard","hentry","category-c113-a-semana-no-olhar-comunista"],"jetpack_publicize_connections":[],"jetpack_featured_media_url":"","jetpack_shortlink":"https:\/\/wp.me\/p659gw-1dH","jetpack-related-posts":[],"jetpack_likes_enabled":true,"jetpack_sharing_enabled":true,"_links":{"self":[{"href":"https:\/\/pcb.org.br\/portal2\/wp-json\/wp\/v2\/posts\/4693","targetHints":{"allow":["GET"]}}],"collection":[{"href":"https:\/\/pcb.org.br\/portal2\/wp-json\/wp\/v2\/posts"}],"about":[{"href":"https:\/\/pcb.org.br\/portal2\/wp-json\/wp\/v2\/types\/post"}],"author":[{"embeddable":true,"href":"https:\/\/pcb.org.br\/portal2\/wp-json\/wp\/v2\/users\/1"}],"replies":[{"embeddable":true,"href":"https:\/\/pcb.org.br\/portal2\/wp-json\/wp\/v2\/comments?post=4693"}],"version-history":[{"count":0,"href":"https:\/\/pcb.org.br\/portal2\/wp-json\/wp\/v2\/posts\/4693\/revisions"}],"wp:attachment":[{"href":"https:\/\/pcb.org.br\/portal2\/wp-json\/wp\/v2\/media?parent=4693"}],"wp:term":[{"taxonomy":"category","embeddable":true,"href":"https:\/\/pcb.org.br\/portal2\/wp-json\/wp\/v2\/categories?post=4693"},{"taxonomy":"post_tag","embeddable":true,"href":"https:\/\/pcb.org.br\/portal2\/wp-json\/wp\/v2\/tags?post=4693"}],"curies":[{"name":"wp","href":"https:\/\/api.w.org\/{rel}","templated":true}]}}