{"id":4708,"date":"2013-04-27T16:47:30","date_gmt":"2013-04-27T16:47:30","guid":{"rendered":"http:\/\/pcb.org.br\/portal2\/?p=4708"},"modified":"2013-04-27T16:47:30","modified_gmt":"2013-04-27T16:47:30","slug":"as-farc-apresentam-quatro-propostas-para-reformar-o-estado-colombiano","status":"publish","type":"post","link":"https:\/\/pcb.org.br\/portal2\/4708","title":{"rendered":"As FARC apresentam quatro propostas para reformar o Estado colombiano"},"content":{"rendered":"\n<p>Quarta-feira, 24 de abril de 2013<\/p>\n<p><a href=\"http:\/\/www.telesurtv.net\/articulos\/2013\/04\/24\/farc-presenta-cuatro-propuestas-para-reformar-estado-colombiano-7537.html\/#mediabox\" target=\"_blank\"><\/a><\/p>\n<p><a href=\"http:\/\/www.telesurtv.net\/articulos\/2013\/04\/24\/farc-presenta-cuatro-propuestas-para-reformar-estado-colombiano-7537.html\/#mediabox\" target=\"_blank\"><\/a><a href=\"http:\/\/www.telesurtv.net\/articulos\/2013\/04\/24\/farc-presenta-cuatro-propuestas-para-reformar-estado-colombiano-7537.html\/#mediabox\" target=\"_blank\"><\/a><\/p>\n<p>Para as FARC, \u00e9\u00a0preciso avan\u00e7ar na \u201ctransforma\u00e7\u00e3o democr\u00e1tica do campo\u201d.<\/p>\n<p>As For\u00e7as Armadas Revolucion\u00e1rias da Col\u00f4mbia (FARC) apresentaram, nesta quarta-feira, quatro propostas para reformar o Estado colombiano, que incluem o fim das pol\u00edticas neoliberais e a convoca\u00e7\u00e3o de uma Assembleia Constituinte. Tamb\u00e9m prop\u00f5em institui\u00e7\u00f5es democr\u00e1ticas e participativas que promovam a paz na na\u00e7\u00e3o.<\/p>\n<p>As quatro propostas, que se somam \u00e0s outras cem j\u00e1 apresentadas pela insurg\u00eancia, est\u00e3o direcionadas ao desenvolvimento rural e agr\u00e1rio para a democratiza\u00e7\u00e3o e a paz com justi\u00e7a social da Col\u00f4mbia, explicou o chefe da delega\u00e7\u00e3o insurgente, Iv\u00e1n M\u00e1rquez, no marco das conversa\u00e7\u00f5es de paz em Havana, capital de Cuba.<\/p>\n<p>As FARC pretendem reformar o Estado \u201ccom vistas a garantir conte\u00fados e formula\u00e7\u00f5es de pol\u00edticas p\u00fablicas em benef\u00edcio da sociedade\u201d, disse M\u00e1rquez. Isso implica \u201cdesneoliberalizar e desprivatizar o Estado para coloc\u00e1-lo a servi\u00e7o da soberania nacional, da transforma\u00e7\u00e3o democr\u00e1tica e do desenvolvimento do campo\u201d, afirmou.<\/p>\n<p>M\u00e1rquez disse que tamb\u00e9m \u00e9 preciso avan\u00e7ar na \u201ctransforma\u00e7\u00e3o democr\u00e1tica do campo\u201d, para o qual \u00e9 necess\u00e1rio \u201cfacilitar a participa\u00e7\u00e3o ativa de comunidades rurais, ind\u00edgenas e afrodescendentes\u201d.<\/p>\n<p>Os insurgentes tamb\u00e9m propuseram uma reforma fiscal e a convoca\u00e7\u00e3o de uma Assembleia Nacional Constituinte, que dote a Col\u00f4mbia de uma nova Carta Magna.<\/p>\n<p>Depois de um m\u00eas de recesso \u2013 durante o qual as delega\u00e7\u00f5es das FARC e do Governo trabalharam em separado -, as partes regressaram, nesta ter\u00e7a-feira, \u00e0 mesa de conversa\u00e7\u00f5es que foi instalada em 19 de novembro passado, com Cuba e Noruega como garantias.<\/p>\n<p>At\u00e9\u00a0agora, o tema agr\u00e1rio, primeiro ponto da agenda dos Di\u00e1logos de Paz, centrou as conversa\u00e7\u00f5es e as partes j\u00e1 come\u00e7am a preparar as mudan\u00e7as referentes \u00e0 participa\u00e7\u00e3o pol\u00edtica, com um f\u00f3rum que se realizar\u00e1 de 28 a 30 de abril pr\u00f3ximos, para recolher as propostas cidad\u00e3s.<\/p>\n<p>Os outros temas inclu\u00eddos na agenda acordada pelas partes s\u00e3o o fim do conflito armado, a solu\u00e7\u00e3o ao problema das drogas il\u00edcitas, os direitos das v\u00edtimas e os mecanismos de verifica\u00e7\u00e3o e referendo do pactuado na mesa.<\/p>\n<p>Fonte:\u00a0<a href=\"http:\/\/www.telesurtv.net\/articulos\/2013\/04\/24\/farc-presenta-cuatro-propuestas-para-reformar-estado-colombiano-7537.html\" target=\"_blank\">http:\/\/www.telesurtv.net\/articulos\/2013\/04\/24\/farc-presenta-cuatro-propuestas-para-reformar-estado-colombiano-7537.html<\/a><\/p>\n<p>Tradu\u00e7\u00e3o: Partido Comunista Brasileiro (PCB)<\/p>\n","protected":false},"excerpt":{"rendered":"\nAm\u00e9rica Latina\n<a class=\"moretag\" href=\"https:\/\/pcb.org.br\/portal2\/4708\"> <\/a>","protected":false},"author":1,"featured_media":0,"comment_status":"open","ping_status":"open","sticky":false,"template":"","format":"standard","meta":{"jetpack_post_was_ever_published":false,"_jetpack_newsletter_access":"","_jetpack_dont_email_post_to_subs":false,"_jetpack_newsletter_tier_id":0,"_jetpack_memberships_contains_paywalled_content":false,"_jetpack_memberships_contains_paid_content":false,"footnotes":"","jetpack_publicize_message":"","jetpack_publicize_feature_enabled":true,"jetpack_social_post_already_shared":false,"jetpack_social_options":{"image_generator_settings":{"template":"highway","default_image_id":0,"font":"","enabled":false},"version":2}},"categories":[34],"tags":[],"class_list":["post-4708","post","type-post","status-publish","format-standard","hentry","category-c39-colombia"],"jetpack_publicize_connections":[],"jetpack_featured_media_url":"","jetpack_shortlink":"https:\/\/wp.me\/p659gw-1dW","jetpack-related-posts":[],"jetpack_likes_enabled":true,"jetpack_sharing_enabled":true,"_links":{"self":[{"href":"https:\/\/pcb.org.br\/portal2\/wp-json\/wp\/v2\/posts\/4708","targetHints":{"allow":["GET"]}}],"collection":[{"href":"https:\/\/pcb.org.br\/portal2\/wp-json\/wp\/v2\/posts"}],"about":[{"href":"https:\/\/pcb.org.br\/portal2\/wp-json\/wp\/v2\/types\/post"}],"author":[{"embeddable":true,"href":"https:\/\/pcb.org.br\/portal2\/wp-json\/wp\/v2\/users\/1"}],"replies":[{"embeddable":true,"href":"https:\/\/pcb.org.br\/portal2\/wp-json\/wp\/v2\/comments?post=4708"}],"version-history":[{"count":0,"href":"https:\/\/pcb.org.br\/portal2\/wp-json\/wp\/v2\/posts\/4708\/revisions"}],"wp:attachment":[{"href":"https:\/\/pcb.org.br\/portal2\/wp-json\/wp\/v2\/media?parent=4708"}],"wp:term":[{"taxonomy":"category","embeddable":true,"href":"https:\/\/pcb.org.br\/portal2\/wp-json\/wp\/v2\/categories?post=4708"},{"taxonomy":"post_tag","embeddable":true,"href":"https:\/\/pcb.org.br\/portal2\/wp-json\/wp\/v2\/tags?post=4708"}],"curies":[{"name":"wp","href":"https:\/\/api.w.org\/{rel}","templated":true}]}}