{"id":4709,"date":"2013-04-27T16:48:23","date_gmt":"2013-04-27T16:48:23","guid":{"rendered":"http:\/\/pcb.org.br\/portal2\/?p=4709"},"modified":"2013-04-27T16:48:23","modified_gmt":"2013-04-27T16:48:23","slug":"plebiscito-nacional-mais-de-60-mil-dizem-nao-a-ebserh","status":"publish","type":"post","link":"https:\/\/pcb.org.br\/portal2\/4709","title":{"rendered":"Plebiscito Nacional: Mais de 60 mil dizem \u201cN\u00c3O\u201d a EBSERH!"},"content":{"rendered":"\n<p>Do dia 02 a 19 de abril, entidades ligadas a educa\u00e7\u00e3o e\u00a0sa\u00fade federais constru\u00edram o Plebiscito Nacional sobre a EBSERH na maioria das IFES em todo pa\u00eds. Coletaram votos da comunidade universit\u00e1ria e entre os usu\u00e1rios dos hospitais universit\u00e1rios.<\/p>\n<p>O plebiscito nacional \u00e9 uma campanha organizada pelos setores sindicais, estudantis e do movimento social que est\u00e3o na luta contra a ades\u00e3o dos Hospitais universit\u00e1rios \u00e0 EBSERH, pois tal empresa \u00e9 mais um projeto do governo federal cujas consequ\u00eancias aprofundam a privatiza\u00e7\u00e3o da sa\u00fade\/educa\u00e7\u00e3o e a precariza\u00e7\u00e3o do\u00a0trabalho nos hospitais universit\u00e1rios.<\/p>\n<p>Durante o per\u00edodo de realiza\u00e7\u00e3o do plebiscito de norte a sul do pa\u00eds, docentes, t\u00e9cnicos administrativos,estudantes,ativistas de movimentos sociais e entidades que est\u00e3o na luta contra a privatiza\u00e7\u00e3o da sa\u00fade, organizaram comit\u00eas que foram a campo num importante trabalho de base explicando as consequ\u00eancias nefastas em caso de implementa\u00e7\u00e3o da EBSERH nas universidades.<\/p>\n<p>A for\u00e7a desta campanha incomodou a administra\u00e7\u00e3o da EBSERH e o pr\u00f3prio governo federal que responderam em nota oficial atacando as entidades que constru\u00edram o plebiscito. Refor\u00e7ando essa a\u00e7\u00e3o do governo, em meio \u00e0 constru\u00e7\u00e3o do Plebiscito a rede globo de televis\u00e3o, defensora intransigente da privatiza\u00e7\u00e3o, transmitiu em hor\u00e1rio nobre (jornal nacional) reportagem favor\u00e1vel \u00e0 EBSERH.<\/p>\n<p>Durante a apura\u00e7\u00e3o do resultado do plebiscito o movimento nacional contra a EBSERH ganhou mais aliados com a decis\u00e3o oficial do CFM (Conselho Federal de Medicina) em se somar \u00e0 ADIN movida pela PGR contra a EBSERH, na qualidade de \u201cAmicus Curiae\u201d.<\/p>\n<p>A totaliza\u00e7\u00e3o final dos votos demonstra claramente que a comunidade universit\u00e1ria e os usu\u00e1rios do SUS em maioria esmagadora s\u00e3o contr\u00e1rios \u00e0 entrega dos Hospitais universit\u00e1rios \u00e0 EBSERH. Lamentavelmente em muitas universidades as reitorias est\u00e3o aprovando a ades\u00e3o \u00e0 EBSERH por manobras antidemocr\u00e1ticas nos conselhos Superiores, existindo casos onde nem mesmo nos conselhos foi feita a discuss\u00e3o antes da ades\u00e3o.<\/p>\n<p>Mais de 60 mil pessoas que participaram do plebiscito, entre t\u00e9cnicos administrativos, docentes, estudantes e usu\u00e1rios disseram n\u00e3o \u00e0 EBSERH e menos de 3000 mil se colocaram a favor desse novo modelo de gest\u00e3o privatizante proposto pelo governo federal.<\/p>\n<p>O resultado final do Plebiscito Nacional sobre a EBSERH foi uma grande vit\u00f3ria da luta contra a privatiza\u00e7\u00e3o do SUS e da universidade p\u00fablica que s\u00e3o conquistas important\u00edssimas da classe trabalhadora brasileira.<\/p>\n<p>O plebiscito nacional fortalece todas as lutas que seguir\u00e3o, como a pr\u00f3pria ADIN que nesse momento questiona \u00e0 EBSERH no Supremo Tribunal Federal. Todos os segmentos que constru\u00edram os comit\u00eas em cada universidade est\u00e3o de parab\u00e9ns, assim como as entidades que organizaram e apoiaram de uma forma ou de outra essa iniciativa.<\/p>\n<p>O resultado do Plebiscito Nacional ser\u00e1 entregue em ato p\u00fablico em frente ao MEC no dia 24 de abril como parte das atividades da MARCHA NACIONAL que est\u00e1 sendo organizada por v\u00e1rias entidades sindicais, estudantis e movimentos sociais brasileiros. Veja abaixo o resumo do resultado do plebiscito. O resultado\u00a0completo ser\u00e1 divulgado nos pr\u00f3ximos dias.<\/p>\n<p><strong>60.341 disseram N\u00c2O \u00e0 Ebserh<\/strong><\/p>\n<p><strong>2.269 disseram sim<\/strong><\/p>\n<p>Diga N\u00e3o \u00e0 EBSERH!<\/p>\n<p>Pela amplia\u00e7\u00e3o do SUS e fortalecimento dos HUs p\u00fablicos e gratuitos!<\/p>\n<p>Por uma universidade publica e gratuita!<\/p>\n<p>Entidades Organizadoras e Apoiadoras do Plebiscito Nacional da EBSERH:<\/p>\n<p>FASUBRA,ANDES-SN,FENASPS,DENEM,Frente Nacional Contra a Privatiza\u00e7\u00e3o da Sa\u00fade,CUT,CTB,CSP-CONLUTAS,ANEL,UNE,SINASEFE.<\/p>\n<p><em><strong>Fonte:\u00a0<a href=\"http:\/\/www.google.com\/url?q=http%3A%2F%2Fwww.fasubra.org.br%2F&amp;sa=D&amp;sntz=1&amp;usg=AFQjCNFNJT-tmAmea96qzLynT7T8kVeLOA\" target=\"_blank\" rel=\"nofollow\">http:\/\/www.fasubra.org.br<\/a><\/strong><\/em><\/p>\n","protected":false},"excerpt":{"rendered":"\n<a class=\"moretag\" href=\"https:\/\/pcb.org.br\/portal2\/4709\"> <\/a>","protected":false},"author":1,"featured_media":0,"comment_status":"open","ping_status":"open","sticky":false,"template":"","format":"standard","meta":{"jetpack_post_was_ever_published":false,"_jetpack_newsletter_access":"","_jetpack_dont_email_post_to_subs":false,"_jetpack_newsletter_tier_id":0,"_jetpack_memberships_contains_paywalled_content":false,"_jetpack_memberships_contains_paid_content":false,"footnotes":"","jetpack_publicize_message":"","jetpack_publicize_feature_enabled":true,"jetpack_social_post_already_shared":false,"jetpack_social_options":{"image_generator_settings":{"template":"highway","default_image_id":0,"font":"","enabled":false},"version":2}},"categories":[105],"tags":[],"class_list":["post-4709","post","type-post","status-publish","format-standard","hentry","category-c118-privatizacao"],"jetpack_publicize_connections":[],"jetpack_featured_media_url":"","jetpack_shortlink":"https:\/\/wp.me\/p659gw-1dX","jetpack-related-posts":[],"jetpack_likes_enabled":true,"jetpack_sharing_enabled":true,"_links":{"self":[{"href":"https:\/\/pcb.org.br\/portal2\/wp-json\/wp\/v2\/posts\/4709","targetHints":{"allow":["GET"]}}],"collection":[{"href":"https:\/\/pcb.org.br\/portal2\/wp-json\/wp\/v2\/posts"}],"about":[{"href":"https:\/\/pcb.org.br\/portal2\/wp-json\/wp\/v2\/types\/post"}],"author":[{"embeddable":true,"href":"https:\/\/pcb.org.br\/portal2\/wp-json\/wp\/v2\/users\/1"}],"replies":[{"embeddable":true,"href":"https:\/\/pcb.org.br\/portal2\/wp-json\/wp\/v2\/comments?post=4709"}],"version-history":[{"count":0,"href":"https:\/\/pcb.org.br\/portal2\/wp-json\/wp\/v2\/posts\/4709\/revisions"}],"wp:attachment":[{"href":"https:\/\/pcb.org.br\/portal2\/wp-json\/wp\/v2\/media?parent=4709"}],"wp:term":[{"taxonomy":"category","embeddable":true,"href":"https:\/\/pcb.org.br\/portal2\/wp-json\/wp\/v2\/categories?post=4709"},{"taxonomy":"post_tag","embeddable":true,"href":"https:\/\/pcb.org.br\/portal2\/wp-json\/wp\/v2\/tags?post=4709"}],"curies":[{"name":"wp","href":"https:\/\/api.w.org\/{rel}","templated":true}]}}