{"id":4710,"date":"2013-04-27T16:50:49","date_gmt":"2013-04-27T16:50:49","guid":{"rendered":"http:\/\/pcb.org.br\/portal2\/?p=4710"},"modified":"2013-04-27T16:50:49","modified_gmt":"2013-04-27T16:50:49","slug":"pcb-e-unidade-classista-marcham-em-defesa-dos-direitos-trabalhistas","status":"publish","type":"post","link":"https:\/\/pcb.org.br\/portal2\/4710","title":{"rendered":"PCB e Unidade classista marcham em defesa dos direitos trabalhistas"},"content":{"rendered":"\n<p>Nesta \u00faltima quarta-feira (24\/4), mais de 20 mil manifestantes, entre eles trabalhadores do campo e da cidade, estudantes e aposentados, com participa\u00e7\u00e3o ativa do PCB e da corrente sindical Unidade Classista, realizaram expressiva marcha em Bras\u00edlia para protestar contra a proposta do governo, empresariado e centrais sindicais oficiais expressa no chamado &#8220;Acordo Coletivo Especial&#8221;.<\/p>\n<p>Aprovada, a proposta significar\u00e1 um derrota hist\u00f3rica para a classe trabalhadora brasileira, pois sepultar\u00e1 de forma definitiva a vigente legisla\u00e7\u00e3o trabalhista, favorecendo aos interesses da rapinagem capitalista atrav\u00e9s da total flexibiliza\u00e7\u00e3o de direitos.<\/p>\n<p>O Espa\u00e7o de Unidade de A\u00e7\u00e3o, que patrocinou o movimento, coordenou a segunda parte das manifesta\u00e7\u00f5es setoriais junto ao legislativo federal e minist\u00e9rios. Tamb\u00e9m foi alvo do protesto a nova proposta de reforma da previd\u00eancia &#8211; que aponta para a privatiza\u00e7\u00e3o e a precariza\u00e7\u00e3o, al\u00e9m de atacar de forma frontal o direito de aposentadoria, quebrando o princ\u00edpio p\u00e9treo de solidariedade entre gera\u00e7\u00f5es de trabalhadores.<\/p>\n<p>A marcha ainda exigiu a sa\u00edda do deputado Marco Feliciano (PSC-SP) da Comiss\u00e3o de Direitos Humanos.<\/p>\n<p>Os militantes do PCB e da Unidade Classista presentes \u00e0 atividade conclamaram a constru\u00e7\u00e3o de um sistema de alian\u00e7a entre os trabalhadores para o enfrentamento aos ataques do governo Dilma, capacho do capital.<\/p>\n<p><strong>Unifica\u00e7\u00e3o da luta<\/strong><\/p>\n<p>O ato j\u00e1 geou seu primeiro fruto: ficou acertada a reprodu\u00e7\u00e3o da unidade de a\u00e7\u00e3o nos estados do pa\u00eds para o pr\u00f3ximo Dia Internacional dos Trabalhadores &#8211; o 1\u00ba de maio &#8211; na pr\u00f3xima quarta-feira.\u00a0Al\u00e9m disso, um novo calend\u00e1rio de manifesta\u00e7\u00f5es em defesa da rede de prote\u00e7\u00e3o social, dos direitos trabalhistas e humanos ser\u00e1 debatido na pr\u00f3xima reuni\u00e3o do Espa\u00e7o de Unidade de A\u00e7\u00e3o, agendado para 15 de maio, em Bras\u00edlia.<\/p>\n<p>Secretariado Nacional do PCB<\/p>\n","protected":false},"excerpt":{"rendered":"\nPCB e Unidade classista marcham em defesa dos direitos trabalhistas\n<a class=\"moretag\" href=\"https:\/\/pcb.org.br\/portal2\/4710\"> <\/a>","protected":false},"author":1,"featured_media":0,"comment_status":"open","ping_status":"open","sticky":false,"template":"","format":"standard","meta":{"jetpack_post_was_ever_published":false,"_jetpack_newsletter_access":"","_jetpack_dont_email_post_to_subs":false,"_jetpack_newsletter_tier_id":0,"_jetpack_memberships_contains_paywalled_content":false,"_jetpack_memberships_contains_paid_content":false,"footnotes":"","jetpack_publicize_message":"","jetpack_publicize_feature_enabled":true,"jetpack_social_post_already_shared":false,"jetpack_social_options":{"image_generator_settings":{"template":"highway","default_image_id":0,"font":"","enabled":false},"version":2}},"categories":[31],"tags":[],"class_list":["post-4710","post","type-post","status-publish","format-standard","hentry","category-c31-unidade-classista"],"jetpack_publicize_connections":[],"jetpack_featured_media_url":"","jetpack_shortlink":"https:\/\/wp.me\/p659gw-1dY","jetpack-related-posts":[],"jetpack_likes_enabled":true,"jetpack_sharing_enabled":true,"_links":{"self":[{"href":"https:\/\/pcb.org.br\/portal2\/wp-json\/wp\/v2\/posts\/4710","targetHints":{"allow":["GET"]}}],"collection":[{"href":"https:\/\/pcb.org.br\/portal2\/wp-json\/wp\/v2\/posts"}],"about":[{"href":"https:\/\/pcb.org.br\/portal2\/wp-json\/wp\/v2\/types\/post"}],"author":[{"embeddable":true,"href":"https:\/\/pcb.org.br\/portal2\/wp-json\/wp\/v2\/users\/1"}],"replies":[{"embeddable":true,"href":"https:\/\/pcb.org.br\/portal2\/wp-json\/wp\/v2\/comments?post=4710"}],"version-history":[{"count":0,"href":"https:\/\/pcb.org.br\/portal2\/wp-json\/wp\/v2\/posts\/4710\/revisions"}],"wp:attachment":[{"href":"https:\/\/pcb.org.br\/portal2\/wp-json\/wp\/v2\/media?parent=4710"}],"wp:term":[{"taxonomy":"category","embeddable":true,"href":"https:\/\/pcb.org.br\/portal2\/wp-json\/wp\/v2\/categories?post=4710"},{"taxonomy":"post_tag","embeddable":true,"href":"https:\/\/pcb.org.br\/portal2\/wp-json\/wp\/v2\/tags?post=4710"}],"curies":[{"name":"wp","href":"https:\/\/api.w.org\/{rel}","templated":true}]}}