{"id":4789,"date":"2013-05-09T21:30:31","date_gmt":"2013-05-09T21:30:31","guid":{"rendered":"http:\/\/pcb.org.br\/portal2\/?p=4789"},"modified":"2013-05-09T21:30:31","modified_gmt":"2013-05-09T21:30:31","slug":"rafael-correa-banqueiro-e-aquele-que-da-o-guarda-chuva-em-dia-de-sol-e-tira-no-de-chuva","status":"publish","type":"post","link":"https:\/\/pcb.org.br\/portal2\/4789","title":{"rendered":"Rafael Correa: Banqueiro \u00e9 aquele que d\u00e1 o guarda-chuva em dia de sol, e tira no de chuva"},"content":{"rendered":"\n<p>Entrevistado pela rede espanhola de televis\u00e3o TVE, presidente do Equador, Rafael Correa, fez um debate tenso com a jornalista Ana\u00a0Ib\u00e1\u00f1ez, discutindo temas como a lei de m\u00eddia em seu pa\u00eds e a crise europeia.<\/p>\n<p>Pepe\u00a0Mej\u00eda\u00a0\u2013\u00a0Kaosenlared<\/p>\n<p>O programa 24horas, da televis\u00e3o estatal espanhola TVE, entrevistou o presidente do Equador, Rafael Correa, que tocou em todos os assuntos, apesar da oposi\u00e7\u00e3o militante da jornalista Ana\u00a0Ib\u00e1\u00f1ez, que em muitos momentos da entrevista se alinhou com os argumentos do capital financeiro e em defesa do governo de\u00a0Rajoy.<\/p>\n<p><a href=\"http:\/\/www.youtube.com\/watch?v=Lr2fLh6f2nU\" target=\"_blank\">Clique aqui<\/a> para assistir \u00e0 entrevista<\/p>\n<p>O presidente Correa iniciou sua interven\u00e7\u00e3o com uma interessante e espl\u00eandida exposi\u00e7\u00e3o sobre os motivos econ\u00f4micos da atual crise. Colocou o dedo na ferida ao apontar a d\u00edvida como a dificuldade principal para a mudan\u00e7a de sistema. Tamb\u00e9m n\u00e3o se calou em sua cr\u00edtica aos bancos e seu papel nos tempos de &#8220;bonan\u00e7a&#8221;.<\/p>\n<p>Foi genial ao proferir esta frase: &#8220;O banqueiro \u00e9 esse sujeito que te empresta o guarda-chuva quando faz sol e te tira quando chove&#8221;. Explicou muito bem o que aconteceu na Am\u00e9rica Latina quando os bancos retiraram os cr\u00e9ditos ao desenvolvimento e disse que isso \u00e9 o mesmo que est\u00e1 acontecendo agora na Europa.<\/p>\n<p>&#8220;N\u00e3o se queria superar a crise, se queria garantir o pagamento aos bancos privados. E conseguiram, aprofundando a crise, crescimento sem emprego. A crise durou mais de dez anos&#8221;. Sem rodeios, o presidente equatoriano, que deu abundantes demonstra\u00e7\u00f5es de seu dom\u00ednio em mat\u00e9ria econ\u00f4mica, recomendou: &#8220;Aprendamos da hist\u00f3ria, vejam o que aconteceu na Am\u00e9rica Latina&#8221;.<\/p>\n<p>E agregou: &#8220;N\u00e3o cometam os erros que n\u00f3s cometemos. N\u00f3s, os latino-americanos, somos especialistas em crise&#8221;. &#8220;Estas receitas n\u00e3o pensam no ser humano. N\u00e3o critico os governos. Critico o sistema. N\u00e3o pensam no ser humano, mas no capital financeiro&#8221;. Mais claro que a \u00e1gua.<\/p>\n<p>Diante dos denodados esfor\u00e7os da apresentadora\/entrevistadora para evit\u00e1-lo, o presidente do Equador explicou, de maneira muito did\u00e1tica, os perversos mecanismos da d\u00edvida e seu tratamento.<\/p>\n<p>A entrevista n\u00e3o perdeu nunca o interesse. Levando em conta que h\u00e1 milhares de fam\u00edlias equatorianas afetadas pelas hipotecas, os despejos tamb\u00e9m estiveram presentes. Ana\u00a0Ib\u00e1\u00f1ez\u00a0fez todo o poss\u00edvel para neutralizar toda mensagem que tivesse rela\u00e7\u00e3o com a situa\u00e7\u00e3o da Espanha. Mesmo assim, a jornalista utilizou argumentos para defender a postura do Governo.<\/p>\n<p>Ainda assim Correa disse: &#8220;Na Espanha, a lei de despejos tem mais de um s\u00e9culo&#8221;. Diante da express\u00e3o de que &#8220;as leis s\u00e3o abusivas, criminais&#8221;, a apresentadora insistiu em perguntar pelas solu\u00e7\u00f5es, em uma clara tentativa de evitar toda caracteriza\u00e7\u00e3o da lei hipotec\u00e1ria, diferente do tratamento dado \u00e0 lei de imprensa equatoriana que mais adiante abordaremos.<\/p>\n<p>Frente \u00e0 declara\u00e7\u00e3o de Correa &#8220;al\u00e9m de a lei ser tremendamente imoral, h\u00e1 contratos abusivos. Existem cl\u00e1usulas, por exemplo, que depois de assinar este contrato podemos mudar tudo sem avisar&#8221; a jornalista disse, sem ruborizar-se, que &#8220;isso estamos contando nos servi\u00e7os informativos, senhor Correa&#8221;. Em nenhum telejornal, e pode-se consultar na web da TVE, se informa de que os contratos s\u00e3o abusivos. O que, sim, encontramos nos telejornais \u00e9 a criminaliza\u00e7\u00e3o de todas as pessoas que protestam contra esta lei, os quais impunemente s\u00e3o acusados at\u00e9 de nazistas. Mas para\u00a0Ib\u00e1\u00f1ez, isto n\u00e3o existe.<\/p>\n<p>O principal problema dos espanh\u00f3is n\u00e3o \u00e9 o de Ana\u00a0Ib\u00e1\u00f1ez. Para a jornalista, o desemprego n\u00e3o \u00e9 um problema, \u00e9 apenas uma not\u00edcia. &#8220;O desemprego. \u00c9 outro assunto aqui que \u00e9 not\u00edcia na Espanha&#8221;. E agregou: &#8220;Neste sentido, que oportunidades o Equador oferece?&#8221;. Reduzindo o problema do desemprego a um assunto de &#8220;oportunidades&#8221;, ao que Correa respondeu: &#8220;Destruindo emprego sem crescimento n\u00e3o se sai da crise&#8221;.<\/p>\n<p>Ana\u00a0Ib\u00e1\u00f1ez\u00a0n\u00e3o esteve muito sutil na noite de 19 de abril. No tema da Constitui\u00e7\u00e3o e reelei\u00e7\u00e3o, a jornalista faz uma pequena confus\u00e3o, trocando datas e vers\u00f5es. Uma palp\u00e1vel prova de como est\u00e1 o n\u00edvel profissional na TVE depois das numerosas demiss\u00f5es de gente profissional com mais de 25 anos de experi\u00eancia.<\/p>\n<p>Outro assunto abordado foi a situa\u00e7\u00e3o da imprensa.\u00a0Ib\u00e1\u00f1ez, que trabalhou em uma emissora de r\u00e1dio cat\u00f3lica, abordou o tema desta maneira. &#8220;Sua rela\u00e7\u00e3o com a imprensa equatoriana \u00e9 complicada&#8221;. Ao que Correa destacou o vi\u00e9s da pergunta, coisa que incomodou a apresentadora. O mandat\u00e1rio equatoriano disse que tamb\u00e9m tem rela\u00e7\u00f5es complicadas com os sindicatos e, entretanto isso n\u00e3o \u00e9 not\u00edcia, isso n\u00e3o se aborda, mas sim e desta maneira o dos meios de comunica\u00e7\u00e3o.<\/p>\n<p>A jornalista aludia \u00e0 lei de imprensa que o Equador quer impulsionar e Correa responde &#8220;Na Europa n\u00e3o existe lei de imprensa?&#8221;. Ana\u00a0Ib\u00e1\u00f1ez\u00a0gagueja como quem n\u00e3o sabe. Correa explicou os interesses econ\u00f4micos \u2013 vincula\u00e7\u00f5es dos grandes bancos com os principais meios de comunica\u00e7\u00e3o \u2013 que est\u00e3o por tr\u00e1s das chamadas empresas jornal\u00edsticas.<\/p>\n<p>Destacou que na Espanha h\u00e1 60 anos de televis\u00e3o p\u00fablica e no Equador s\u00f3 quatro. Correa insistiu em mostrar exemplos como o da Alemanha, onde se fechou uma emissora por propaganda nazista, prenderam 23 pessoas e ningu\u00e9m disse que isso fosse um atentado \u00e0 liberdade de express\u00e3o. Mas a jornalista n\u00e3o queria que continuasse dando exemplos e alegou a falta de tempo&#8230;<\/p>\n<p>E \u00e9 nestes momentos onde a jornalista desliza at\u00e9 o infinito. Acusa Correa de fechar meios de comunica\u00e7\u00e3o e Correa, rapidamente, lhe pede o nome de algum que tenha sido fechado. Ana come\u00e7a a gaguejar e se protege com o &#8220;me corrija se me equivoco&#8221;, mas j\u00e1 lan\u00e7ou seu dardo envenenado de afirmar que no Equador se fecham meios de comunica\u00e7\u00e3o.<\/p>\n<p>E finalmente, diante da insist\u00eancia da jornalista em colocar Correa como &#8220;sucessor&#8221; de Ch\u00e1vez, o presidente equatoriano foi brilhante: &#8220;Respeito muito o rei Juan Carlos, o pr\u00edncipe, a rainha, mas voc\u00ea sabe que na Am\u00e9rica Latina n\u00e3o temos monarquia, n\u00e3o temos herdeiros. O que temos s\u00e3o l\u00edderes que representam nossos povos&#8221;. Uma verdadeira li\u00e7\u00e3o.<\/p>\n<p><em>Tradu\u00e7\u00e3o:\u00a0Liborio\u00a0J\u00fanior<\/em><\/p>\n<p><a href=\"http:\/\/www.youtube.com\/watch?v=Lr2fLh6f2nU\" target=\"_blank\">http:\/\/www.youtube.com\/watch?v=Lr2fLh6f2nU<\/a><\/p>\n<p> <object width=\"100%\" height=\"385\"><param name=\"movie\" value=\"http:\/\/www.youtube.com\/v\/Lr2fLh6f2nU\" \/><param name=\"allowFullScreen\" value=\"true\" \/><param name=\"allowscriptaccess\" value=\"always\" \/><\/object> <\/p>\n<p><a href=\"http:\/\/www.cartamaior.com.br\/templates\/materiaMostrar.cfm?materia_id=21948\" target=\"_blank\">http:\/\/www.cartamaior.com.br\/templates\/materiaMostrar.cfm?materia_id=21948<\/a><\/p>\n","protected":false},"excerpt":{"rendered":"\n23\/04\/2013\n<a class=\"moretag\" href=\"https:\/\/pcb.org.br\/portal2\/4789\"> <\/a>","protected":false},"author":1,"featured_media":0,"comment_status":"open","ping_status":"open","sticky":false,"template":"","format":"standard","meta":{"jetpack_post_was_ever_published":false,"_jetpack_newsletter_access":"","_jetpack_dont_email_post_to_subs":false,"_jetpack_newsletter_tier_id":0,"_jetpack_memberships_contains_paywalled_content":false,"_jetpack_memberships_contains_paid_content":false,"footnotes":"","jetpack_publicize_message":"","jetpack_publicize_feature_enabled":true,"jetpack_social_post_already_shared":false,"jetpack_social_options":{"image_generator_settings":{"template":"highway","default_image_id":0,"font":"","enabled":false},"version":2}},"categories":[39],"tags":[],"class_list":["post-4789","post","type-post","status-publish","format-standard","hentry","category-c76-equador"],"jetpack_publicize_connections":[],"jetpack_featured_media_url":"","jetpack_shortlink":"https:\/\/wp.me\/p659gw-1ff","jetpack-related-posts":[],"jetpack_likes_enabled":true,"jetpack_sharing_enabled":true,"_links":{"self":[{"href":"https:\/\/pcb.org.br\/portal2\/wp-json\/wp\/v2\/posts\/4789","targetHints":{"allow":["GET"]}}],"collection":[{"href":"https:\/\/pcb.org.br\/portal2\/wp-json\/wp\/v2\/posts"}],"about":[{"href":"https:\/\/pcb.org.br\/portal2\/wp-json\/wp\/v2\/types\/post"}],"author":[{"embeddable":true,"href":"https:\/\/pcb.org.br\/portal2\/wp-json\/wp\/v2\/users\/1"}],"replies":[{"embeddable":true,"href":"https:\/\/pcb.org.br\/portal2\/wp-json\/wp\/v2\/comments?post=4789"}],"version-history":[{"count":0,"href":"https:\/\/pcb.org.br\/portal2\/wp-json\/wp\/v2\/posts\/4789\/revisions"}],"wp:attachment":[{"href":"https:\/\/pcb.org.br\/portal2\/wp-json\/wp\/v2\/media?parent=4789"}],"wp:term":[{"taxonomy":"category","embeddable":true,"href":"https:\/\/pcb.org.br\/portal2\/wp-json\/wp\/v2\/categories?post=4789"},{"taxonomy":"post_tag","embeddable":true,"href":"https:\/\/pcb.org.br\/portal2\/wp-json\/wp\/v2\/tags?post=4789"}],"curies":[{"name":"wp","href":"https:\/\/api.w.org\/{rel}","templated":true}]}}