{"id":4829,"date":"2013-05-17T18:23:29","date_gmt":"2013-05-17T18:23:29","guid":{"rendered":"http:\/\/pcb.org.br\/portal2\/?p=4829"},"modified":"2013-05-17T18:23:29","modified_gmt":"2013-05-17T18:23:29","slug":"endividado-brasileiro-freia-compra-a-prazo","status":"publish","type":"post","link":"https:\/\/pcb.org.br\/portal2\/4829","title":{"rendered":"Endividado, brasileiro freia compra a prazo"},"content":{"rendered":"\n<p>\u00a0<\/p>\n<p class=\"MsoNormal\" style=\"margin-bottom: .0001pt; line-height: normal;\"><span style=\"font-size: 10.5pt; font-family: \" color:=\"color:\" black;=\"black;\" mso-themecolor:=\"mso-themecolor:\" text1;\"=\"text1;\"\">Em abril, mais da metade dos consumidores inadimplentes (50,49%) tinha d\u00edvida acima de R$ 500.Em janeiro e fevereiro, essa fatia girava em torno de 30%, aponta um recorte do \u00edndice mensal de inadimpl\u00eancia apurado pelo Servi\u00e7o de Prote\u00e7\u00e3o ao Cr\u00e9dito (SPC Brasil) e pela Confedera\u00e7\u00e3o Nacional de Dirigentes Lojistas (CNDL), com base no cadastro nacional de inadimplentes. O salto ocorreu em mar\u00e7o, quando 47,52% dos inadimplentes deviam mais de R$ 500, e acentuou-se no m\u00eas passado.<\/span><\/p>\n<p class=\"MsoNormal\" style=\"margin-bottom: .0001pt; line-height: normal;\"><span style=\"font-size: 10.5pt; font-family: \" color:=\"color:\" black;=\"black;\" mso-themecolor:=\"mso-themecolor:\" text1;\"=\"text1;\"\">O consumidor est\u00e1 temporariamente parando de comprar a prazo&#8221;, afirma o economista da Associa\u00e7\u00e3o Comercial de S\u00e3o Paulo, Em\u00edlio Alfieri. Entre os dias 1\u00b0 e 15 deste m\u00eas, as consultas para compras financiadas ca\u00edram 0,3% na compara\u00e7\u00e3o com igual per\u00edodo de 2012, considerando o mesmo n\u00famero de dias \u00fateis. Ele destaca que o consumidor est\u00e1 cauteloso para n\u00e3o ampliar ainda mais o endividamento, que cresceu rapidamente nos \u00faltimos meses.<\/span><\/p>\n<p class=\"MsoNormal\" style=\"margin-bottom: .0001pt; line-height: normal;\"><span style=\"font-size: 10.5pt; font-family: \" color:=\"color:\" black;=\"black;\" mso-themecolor:=\"mso-themecolor:\" text1;\"=\"text1;\"\">Segundo a economista do SPC Brasil, Ana Paula Bastos, o avan\u00e7o da parcela de consumi-doies inadimplentes com d\u00edvida superior a R$ 500 ocorreu por causa do ac\u00famulo das compras de fim de ano combinado com os gastos de in\u00edcio de ano com impostos. Al\u00e9m disso, houve uma forte expans\u00e3o da oferta de cr\u00e9dito. &#8220;A nossa pesquisa mostra que o inadimplente chega a ter v\u00e1rias pend\u00eancias com. d\u00edvidas, por exemplo em seis : cart\u00f5es de cr\u00e9dito.&#8221; Na avalia\u00e7\u00e3o de Ana Paula, a situa\u00e7\u00e3o se agravou por causa da falta de educa\u00e7\u00e3o financeira do brasileiro, que antes de contrair um empr\u00e9stimo verifica apenas se a presta\u00e7\u00e3o cabe no sal\u00e1rio.<\/span><\/p>\n<p class=\"MsoNormal\" style=\"margin-bottom: .0001pt; line-height: normal;\"><span style=\"font-size: 10.5pt; font-family: \" color:=\"color:\" black;=\"black;\" mso-themecolor:=\"mso-themecolor:\" text1;\"=\"text1;\"\">Freada<\/span><\/p>\n<p class=\"MsoNormal\" style=\"margin-bottom: .0001pt; line-height: normal;\"><span style=\"font-size: 10.5pt; font-family: \" color:=\"color:\" black;=\"black;\" mso-themecolor:=\"mso-themecolor:\" text1;\"=\"text1;\"\">A freada no consumo a prazo provocou queda na inadimpl\u00eancia, que recuou 3,6% na 1\u00aa quinzena deste m\u00eas na compara\u00e7\u00e3o anual, segundo a ACSP. Paralelamente, houve retra\u00e7\u00e3o nas renegocia\u00e7\u00f5es de d\u00edvidas, de 12,2% em igual per\u00edodo. A pesquisa da entidade mostra que as compras neste m\u00eas foram concentradas em itens de menor valore pagas \u00e0 vista. Tanto e que as consultas para vendas com cheque cresceram 8,3% na i.a quinzena de maio.<\/span><\/p>\n<p class=\"MsoNormal\" style=\"margin-bottom: .0001pt; line-height: normal;\"><span style=\"font-size: 10.5pt; font-family: \" color:=\"color:\" black;=\"black;\" mso-themecolor:=\"mso-themecolor:\" text1;\"=\"text1;\"\">Segundo Ana Paula, do SPC Brasil, o aumento da parcela de inadimplentes com d\u00edvidas maiores e transitorio e deve se normalizar nos pr\u00f3ximos meses. O dado da pesquisa que surpreendeu a economista foi o fato de 25% dos inadimplentes terem mais de 65 anos de idade. Essa foi a faixa et\u00e1ria que concentrou o calote em abril.<\/span><\/p>\n<p class=\"MsoNormal\" style=\"margin-bottom: .0001pt; line-height: normal;\"><span style=\"font-size: 10.5pt; font-family: \" color:=\"color:\" black;=\"black;\" mso-themecolor:=\"mso-themecolor:\" text1;\"=\"text1;\"\"> <\/span><\/p>\n<p class=\"MsoNormal\" style=\"margin-bottom: .0001pt; line-height: normal;\"><span style=\"font-size: 10.5pt; font-family: \" color:=\"color:\" black;=\"black;\" mso-themecolor:=\"mso-themecolor:\" text1;\"=\"text1;\"\">_______________________________________________________________<\/span><\/p>\n<p class=\"MsoNormal\" style=\"margin-bottom: .0001pt; line-height: normal;\"><span style=\"font-size: 10.5pt; font-family: \" color:=\"color:\" black;=\"black;\" mso-themecolor:=\"mso-themecolor:\" text1;\"=\"text1;\"\"> <\/span><\/p>\n<p class=\"MsoNormal\" style=\"margin-bottom: .0001pt; line-height: normal;\"><strong><span style=\"font-size: 10.5pt; font-family: \" color:=\"color:\" black;=\"black;\" mso-themecolor:=\"mso-themecolor:\" text1;\"=\"text1;\"\">Mundial j\u00e1 \u00e9 o mais lucrativo da hist\u00f3ria<\/span><\/strong><\/p>\n<p class=\"MsoNormal\" style=\"margin-bottom: .0001pt; line-height: normal;\"><em><span style=\"font-size: 10.5pt; font-family: \" color:=\"color:\" black;=\"black;\" mso-themecolor:=\"mso-themecolor:\" text1;\"=\"text1;\"\">O Estado de S. Paulo<\/span><\/em><\/p>\n<p class=\"MsoNormal\" style=\"margin-bottom: .0001pt; line-height: normal;\"><span style=\"font-size: 10.5pt; font-family: \" color:=\"color:\" black;=\"black;\" mso-themecolor:=\"mso-themecolor:\" text1;\"=\"text1;\"\"> <\/span><\/p>\n<p class=\"MsoNormal\" style=\"margin-bottom: .0001pt; line-height: normal;\"><span style=\"font-size: 10.5pt; font-family: \" color:=\"color:\" black;=\"black;\" mso-themecolor:=\"mso-themecolor:\" text1;\"=\"text1;\"\">A Fifa pode at\u00e9 ter suas afli\u00e7\u00f5es em rela\u00e7\u00e3o \u00e0organiza\u00e7\u00e3o da Co\u00adpa, mas financeiramente n\u00e3o tem do que reclamar: o Mundial de 2014 vai ser o mais rico da hist\u00f3ria, com uma renda 100% superior \u00e0 da Copa de 2006, na Alemanha. A entidade fechou ontem seu \u00faltimo acordo com patrocinadores, com uma rede varejista de artigos esportivos.<\/span><\/p>\n<p class=\"MsoNormal\" style=\"margin-bottom: .0001pt; line-height: normal;\"><span style=\"font-size: 10.5pt; font-family: \" color:=\"color:\" black;=\"black;\" mso-themecolor:=\"mso-themecolor:\" text1;\"=\"text1;\"\">A previs\u00e3o inicial da Fifa era que o Mundial do Brasil garanti\u00adria uma receita de US$ 3,8 bi\u00adlh\u00f5es. Mas, faltando um ano pa\u00adra a bola rolar, comenta-se que os ganhos j\u00e1 superaram os US$ 4,1 bilh\u00f5es e consultorias esti\u00admam que o valor poder\u00e1 atingir US$5 bilh\u00f5es.<\/span><\/p>\n<p class=\"MsoNormal\" style=\"margin-bottom: .0001pt; line-height: normal;\"><span style=\"font-size: 10.5pt; font-family: \" color:=\"color:\" black;=\"black;\" mso-themecolor:=\"mso-themecolor:\" text1;\"=\"text1;\"\">Se o c\u00e1lculo mais conserva\u00addor for confirmado, a Copa do pr\u00f3ximo ano ter\u00e1 renda pelo menos USS 800 milh\u00f5es supe\u00adrior \u00e0 do Mundial da \u00c1frica do Sul, em 2010. A edi\u00e7\u00e3o de 2006 rendeu USS 2,1 bilh\u00f5es, a meta\u00adde da receita que poder\u00e1 ser afe- rida no Brasil.<\/span><\/p>\n<p class=\"MsoNormal\" style=\"margin-bottom: .0001pt; line-height: normal;\"><span style=\"font-size: 10.5pt; font-family: \" color:=\"color:\" black;=\"black;\" mso-themecolor:=\"mso-themecolor:\" text1;\"=\"text1;\"\">Do total dos ganhos em 2014, mais lucrativo US$ 2,2 bilh\u00f5es vir\u00e3o de recei\u00adtas de direitos de transmiss\u00e3o. O restante vir\u00e1 de acordos co\u00admerciais, como o assinado on\u00adtem. O valor do contrato com a Centauro, o sexto e \u00faltimo pa\u00adtrocinador brasileiro da Fifa na Copa, n\u00e3o foi revelado.<\/span><\/p>\n<p class=\"MsoNormal\" style=\"margin-bottom: .0001pt; line-height: normal;\"><span style=\"font-size: 10.5pt; font-family: \" color:=\"color:\" black;=\"black;\" mso-themecolor:=\"mso-themecolor:\" text1;\"=\"text1;\"\">Em 2012, os relat\u00f3rios finan\u00adceiros da entidade apontaram que a receita com a Copa j\u00e1 ha\u00advia superado a marca de \u00dcS$ 1,1 bilh\u00e3o, metade vinda da venda de direitos de tev\u00ea. A venda dos direitos de marketing contribu\u00ed\u00adram com US$ 370 milh\u00f5es. <\/span><\/p>\n<p class=\"MsoNormal\" style=\"margin-bottom: .0001pt; line-height: normal;\"><span style=\"font-size: 10.5pt; font-family: \" color:=\"color:\" black;=\"black;\" mso-themecolor:=\"mso-themecolor:\" text1;\"=\"text1;\"\">A Fifa tamb\u00e9m investir\u00e1 mais no Brasil do que na \u00c1frica do Sul Segundo o or\u00e7amento, gas\u00adtar\u00e1 com o evento no Pa\u00eds US$ 1,38 bilh\u00e3o, US$ 300 milh\u00f5es a mais do que em 2010.<\/span><\/p>\n<p class=\"MsoNormal\" style=\"margin-bottom: .0001pt; line-height: normal;\"><span style=\"font-size: 10.5pt; font-family: \" color:=\"color:\" black;=\"black;\" mso-themecolor:=\"mso-themecolor:\" text1;\"=\"text1;\"\">Bilion\u00e1ria e sem pagar impos\u00adtos, a Fifa distribuir\u00e1 um pr\u00ea\u00admio recorde \u00e0s 32 sele\u00e7\u00f5es: US$ 454 milh\u00f5es, o maior da hist\u00f3ria das Copas.<\/span><\/p>\n<p class=\"MsoNormal\" style=\"margin-bottom: .0001pt; line-height: normal;\"><span style=\"font-size: 10.5pt; font-family: \" color:=\"color:\" black;=\"black;\" mso-themecolor:=\"mso-themecolor:\" text1;\"=\"text1;\"\">Na Alemanha, em 2006, o pr\u00ea\u00admio total foi de US$ 261,4 mi\u00adlh\u00f5es. O Mundial de 2002, ven\u00adcido pelo Brasil, distribuiu ape\u00adnas US$ 154 milh\u00f5es.<\/span><\/p>\n<p class=\"MsoNormal\" style=\"margin-bottom: .0001pt; line-height: normal;\"><span style=\"font-size: 10.5pt; font-family: \" color:=\"color:\" black;=\"black;\" mso-themecolor:=\"mso-themecolor:\" text1;\"=\"text1;\"\">Em abril, o Estado revelou que o governo brasileiro estima ter aberto m\u00e3o de R$ 1 bilh\u00e3o em impostos por causa das isen\u00ad\u00e7\u00f5es fiscais que concedeu para a Copa.<\/span><\/p>\n<p class=\"MsoNormal\" style=\"margin-bottom: .0001pt; line-height: normal;\"><span style=\"font-size: 10.5pt; font-family: \" color:=\"color:\" black;=\"black;\" mso-themecolor:=\"mso-themecolor:\" text1;\"=\"text1;\"\"> <\/span><\/p>\n<p class=\"MsoNormal\" style=\"margin-bottom: .0001pt; line-height: normal;\"><span style=\"font-size: 10.5pt; font-family: \" color:=\"color:\" black;=\"black;\" mso-themecolor:=\"mso-themecolor:\" text1;\"=\"text1;\"\">_______________________________________________________________<\/span><\/p>\n<p class=\"MsoNormal\" style=\"margin-bottom: .0001pt; line-height: normal;\"><span style=\"font-size: 10.5pt; font-family: \" color:=\"color:\" black;=\"black;\" mso-themecolor:=\"mso-themecolor:\" text1;\"=\"text1;\"\"> <\/span><\/p>\n<p class=\"MsoNormal\" style=\"margin-bottom: .0001pt; line-height: normal;\"><strong><span style=\"font-size: 10.5pt; font-family: \" color:=\"color:\" black;=\"black;\" mso-themecolor:=\"mso-themecolor:\" text1;\"=\"text1;\"\">Investimento vai crescer 3,6% no 1\u00ba trimestre, prev\u00ea Ibre<\/span><\/strong><\/p>\n<p class=\"MsoNormal\" style=\"margin-bottom: .0001pt; line-height: normal;\"><em><span style=\"font-size: 10.5pt; font-family: \" color:=\"color:\" black;=\"black;\" mso-themecolor:=\"mso-themecolor:\" text1;\"=\"text1;\"\">Valor Econ\u00f4mico<\/span><\/em><\/p>\n<p class=\"MsoNormal\" style=\"margin-bottom: .0001pt; line-height: normal;\"><span style=\"font-size: 10.5pt; font-family: \" color:=\"color:\" black;=\"black;\" mso-themecolor:=\"mso-themecolor:\" text1;\"=\"text1;\"\"> <\/span><\/p>\n<p class=\"MsoNormal\" style=\"margin-bottom: .0001pt; line-height: normal;\"><span style=\"font-size: 10.5pt; font-family: \" color:=\"color:\" black;=\"black;\" mso-themecolor:=\"mso-themecolor:\" text1;\"=\"text1;\"\">A retomada do investimento, previsto para crescer 3,6% no primeiro trimestre em rela\u00e7\u00e3o ao \u00faltimo trimestre de 2012, ser\u00e1 a boa not\u00edcia no desempenho da economia no per\u00edodo, de acordo com a edi\u00e7\u00e3o de maio do Boletim Macro do Instituto Brasileiro de Economia da Funda\u00e7\u00e3o Getulio Vargas (Ibre &#8211; FGV). Na compara\u00e7\u00e3o com o primeiro trimestre do ano passado, a expans\u00e3o do investimento ser\u00e1 de 1,3%, estima o Ibre.<\/span><\/p>\n<p class=\"MsoNormal\" style=\"margin-bottom: .0001pt; line-height: normal;\"><span style=\"font-size: 10.5pt; font-family: \" color:=\"color:\" black;=\"black;\" mso-themecolor:=\"mso-themecolor:\" text1;\"=\"text1;\"\">Com a alta da forma\u00e7\u00e3o bruta de capital fixo estimada pela FGV, o retrato do Produto Interno Bruto (PIB) no trimestre trar\u00e1 um aumento expressivo da contribui\u00e7\u00e3o do investimento para a demanda interna: subir\u00e1 de 10% para 60%. Tais impulsos levaram a economia a ter crescido 1% entre janeiro e mar\u00e7o ante o trimestre anterior, mesma estimativa divulgada no boletim de abril.<\/span><\/p>\n<p class=\"MsoNormal\" style=\"margin-bottom: .0001pt; line-height: normal;\"><span style=\"font-size: 10.5pt; font-family: \" color:=\"color:\" black;=\"black;\" mso-themecolor:=\"mso-themecolor:\" text1;\"=\"text1;\"\">O f\u00f4lego do investimento a ser mostrado nos dados do PIB, no entanto, n\u00e3o deve se prolongar pelos pr\u00f3ximos trimestres, segundo a economista Silvia Matos, coordenadora do Boletim Macro. &#8220;O ritmo do investimento observado no come\u00e7o do ano n\u00e3o vai se manter porque, em parte, tem car\u00e1ter mais transit\u00f3rio de setores como caminh\u00f5es e \u00f4nibus, agricultura e aumento da importa\u00e7\u00e3o de m\u00e1quinas e equipamentos&#8221;, diz Silvia. No texto do Boletim, a perspectiva tamb\u00e9m \u00e9 de desaquecimento ao longo do ano: &#8220;O cen\u00e1rio desenhado at\u00e9 abril n\u00e3o \u00e9 favor\u00e1vel e sinaliza desacelera\u00e7\u00e3o no segundo trimestre, tanto pelo lado da oferta quanto da demanda.&#8221;<\/span><\/p>\n<p class=\"MsoNormal\" style=\"margin-bottom: .0001pt; line-height: normal;\"><span style=\"font-size: 10.5pt; font-family: \" color:=\"color:\" black;=\"black;\" mso-themecolor:=\"mso-themecolor:\" text1;\"=\"text1;\"\">O Ibre considera que parte dessa desacelera\u00e7\u00e3o reflete a redu\u00e7\u00e3o na renda das fam\u00edlias causada pela acelera\u00e7\u00e3o da infla\u00e7\u00e3o, que j\u00e1 foi mostrada nos dados do varejo divulgados nesta semana pelo Instituto Brasileiro de Geografia e Estat\u00edstica (IBGE): ao aumento dos pre\u00e7os foi apontado como uma das causas para a queda de 2,1% nas vendas dos super e hipermercados em mar\u00e7o, pior resultado do setor desde fevereiro de 2008.<\/span><\/p>\n<p class=\"MsoNormal\" style=\"margin-bottom: .0001pt; line-height: normal;\"><span style=\"font-size: 10.5pt; font-family: \" color:=\"color:\" black;=\"black;\" mso-themecolor:=\"mso-themecolor:\" text1;\"=\"text1;\"\">Pelo lado da oferta, o Ibre prev\u00ea crescimento de todos os componentes do PIB nos primeiros tr\u00eas meses de 2013 ante os imediatamente anteriores: 0,7% da ind\u00fastria, 0,5% dos servi\u00e7os e 8% da agropecu\u00e1ria &#8211; setor que responder\u00e1 pela metade do crescimento da economia no primeiro trimestre. Segundo Silvia, a &#8220;ajuda&#8221; da agropecu\u00e1ria n\u00e3o deve continuar a puxar o crescimento do PIB ao longo do ano, &#8220;porque o setor tende a ter contribui\u00e7\u00f5es menos marcantes&#8221;. J\u00e1 sob a \u00f3ptica da demanda o consumo das fam\u00edlias deve subir 0,8% e o consumo do governo, 0,1%.<\/span><\/p>\n<p class=\"MsoNormal\" style=\"margin-bottom: .0001pt; line-height: normal;\"><span style=\"font-size: 10.5pt; font-family: \" color:=\"color:\" black;=\"black;\" mso-themecolor:=\"mso-themecolor:\" text1;\"=\"text1;\"\">O Ibre destaca que mesmo o leve aquecimento da economia traz novas fontes de preocupa\u00e7\u00e3o no primeiro trimestre, como a deteriora\u00e7\u00e3o das contas externas. O principal alerta \u00e9 para a balan\u00e7a comercial, que acumulou neste ano at\u00e9 abril d\u00e9ficit de US$ 6,2 bilh\u00f5es. No primeiro trimestre houve queda de 6,6% nas exporta\u00e7\u00f5es em rela\u00e7\u00e3o ao mesmo per\u00edodo de 2012, com decr\u00e9scimo de 12% na venda de itens b\u00e1sicos e de 5% na de manutafurados. A estimativa do Ibre \u00e9 que as exporta\u00e7\u00f5es caiam 4,5% no trimestre e as importa\u00e7\u00f5es cres\u00e7am 5% no mesmo per\u00edodo.<\/span><\/p>\n<p class=\"MsoNormal\" style=\"margin-bottom: .0001pt; line-height: normal;\"><span style=\"font-size: 10.5pt; font-family: \" color:=\"color:\" black;=\"black;\" mso-themecolor:=\"mso-themecolor:\" text1;\"=\"text1;\"\">O Ibre prev\u00ea crescimento de 2,7% para o PIB em 2013. Silvia, no entanto, diz que essa estimativa pode ter um leve ajuste para baixo. &#8220;Um crescimento da ordem de 2% para 2013 parece garantido. Mas uma taxa de 3% n\u00e3o.&#8221;<\/span><\/p>\n<p class=\"MsoNormal\" style=\"margin-bottom: .0001pt; line-height: normal;\"><span style=\"font-size: 10.5pt; font-family: \" color:=\"color:\" black;=\"black;\" mso-themecolor:=\"mso-themecolor:\" text1;\"=\"text1;\"\"> <\/span><\/p>\n<p class=\"MsoNormal\" style=\"margin-bottom: .0001pt; line-height: normal;\"><span style=\"font-size: 10.5pt; font-family: \" color:=\"color:\" black;=\"black;\" mso-themecolor:=\"mso-themecolor:\" text1;\"=\"text1;\"\">_______________________________________________________________<\/span><\/p>\n<p class=\"MsoNormal\" style=\"margin-bottom: .0001pt; line-height: normal;\"><span style=\"font-size: 10.5pt; font-family: \" color:=\"color:\" black;=\"black;\" mso-themecolor:=\"mso-themecolor:\" text1;\"=\"text1;\"\"> <\/span><\/p>\n<p class=\"MsoNormal\" style=\"margin-bottom: .0001pt; line-height: normal;\"><strong><span style=\"font-size: 10.5pt; font-family: \" color:=\"color:\" black;=\"black;\" mso-themecolor:=\"mso-themecolor:\" text1;\"=\"text1;\"\">Internet j\u00e1 chega a 46,5% da popula\u00e7\u00e3o, aponta IBGE<\/span><\/strong><\/p>\n<p class=\"MsoNormal\" style=\"margin-bottom: .0001pt; line-height: normal;\"><em><span style=\"font-size: 10.5pt; font-family: \" color:=\"color:\" black;=\"black;\" mso-themecolor:=\"mso-themecolor:\" text1;\"=\"text1;\"\">Valor Econ\u00f4mico<\/span><\/em><\/p>\n<p class=\"MsoNormal\" style=\"margin-bottom: .0001pt; line-height: normal;\"><span style=\"font-size: 10.5pt; font-family: \" color:=\"color:\" black;=\"black;\" mso-themecolor:=\"mso-themecolor:\" text1;\"=\"text1;\"\"> <\/span><\/p>\n<p class=\"MsoNormal\" style=\"margin-bottom: .0001pt; line-height: normal;\"><span style=\"font-size: 10.5pt; font-family: \" color:=\"color:\" black;=\"black;\" mso-themecolor:=\"mso-themecolor:\" text1;\"=\"text1;\"\">Impulsionada por melhora na renda, principalmente entre as classes C e D, e barateamento de tecnologias no pa\u00eds, a parcela da popula\u00e7\u00e3o brasileira com acesso \u00e0 internet j\u00e1 abrange quase a metade do total, com fatia de 46,5% em 2011, diante de 20,9% em 2005. Al\u00e9m disso, a renda mais favor\u00e1vel permitiu que o n\u00famero de pessoas com telefone celular dobrasse em seis anos, para 115,4 milh\u00f5es.<\/span><\/p>\n<p class=\"MsoNormal\" style=\"margin-bottom: .0001pt; line-height: normal;\"><span style=\"font-size: 10.5pt; font-family: \" color:=\"color:\" black;=\"black;\" mso-themecolor:=\"mso-themecolor:\" text1;\"=\"text1;\"\">Os n\u00fameros constam da pesquisa &#8220;Acesso \u00e0 Internet e Posse de Telefone M\u00f3vel Celular para Uso Pessoal&#8221;, que usa dados da Pesquisa Nacional por Amostra de Domic\u00edlios (PNAD), divulgada ontem pelo Instituto Brasileiro de Geografia e Estat\u00edstica (IBGE).<\/span><\/p>\n<p class=\"MsoNormal\" style=\"margin-bottom: .0001pt; line-height: normal;\"><span style=\"font-size: 10.5pt; font-family: \" color:=\"color:\" black;=\"black;\" mso-themecolor:=\"mso-themecolor:\" text1;\"=\"text1;\"\">Especialistas comemoraram o resultado, mas alertam: o avan\u00e7o da infla\u00e7\u00e3o neste ano pode corroer o poder de compra, principalmente entre os mais pobres e isso, na pr\u00e1tica, amea\u00e7a interromper o uso crescente de internet e telefonia celular no pa\u00eds.<\/span><\/p>\n<p class=\"MsoNormal\" style=\"margin-bottom: .0001pt; line-height: normal;\"><span style=\"font-size: 10.5pt; font-family: \" color:=\"color:\" black;=\"black;\" mso-themecolor:=\"mso-themecolor:\" text1;\"=\"text1;\"\">O IBGE apurou que, de 2005 a 2011, houve acr\u00e9scimo de 45,8 milh\u00f5es de internautas, que j\u00e1 chegam a 77,7 milh\u00f5es. No per\u00edodo, tamb\u00e9m foram contabilizados 59,7 milh\u00f5es a mais de usu\u00e1rios de celular. &#8220;Houve uma diminui\u00e7\u00e3o no custo das tecnologias, que permitiu maior abrang\u00eancia da internet. Al\u00e9m disso, temos hoje celulares para todos os bolsos&#8221; resumiu a pesquisadora do instituto, Adriana Beringuy. Com ganhos reais de renda do trabalho e reajustes anuais significativos no sal\u00e1rio m\u00ednimo, a aquisi\u00e7\u00e3o de bens dur\u00e1veis e de servi\u00e7os como celulares e internet foi alavancada, disse ela.<\/span><\/p>\n<p class=\"MsoNormal\" style=\"margin-bottom: .0001pt; line-height: normal;\"><span style=\"font-size: 10.5pt; font-family: \" color:=\"color:\" black;=\"black;\" mso-themecolor:=\"mso-themecolor:\" text1;\"=\"text1;\"\">As faixas mais baixas de renda foram destaque. Um dos exemplos foi a evolu\u00e7\u00e3o da fatia dos que possu\u00edam celular no total de trabalhadores dom\u00e9sticos, que passou de 30,3% em 2005 para 76,5% em 2011 &#8211; o maior avan\u00e7o entre as 11 profiss\u00f5es pesquisadas. Al\u00e9m disso, em 2011, o IBGE detectou pela primeira vez acesso \u00e0 internet em mais de um ter\u00e7o da popula\u00e7\u00e3o do Norte e do Nordeste, a mais pobre do pa\u00eds. &#8220;O cen\u00e1rio atual mostra avan\u00e7o. Mas, pelo menos no caso da internet, n\u00e3o podemos esquecer que ainda temos mais da metade [53,5%] da popula\u00e7\u00e3o sem acesso&#8221;, frisou a pesquisadora.<\/span><\/p>\n<p class=\"MsoNormal\" style=\"margin-bottom: .0001pt; line-height: normal;\"><span style=\"font-size: 10.5pt; font-family: \" color:=\"color:\" black;=\"black;\" mso-themecolor:=\"mso-themecolor:\" text1;\"=\"text1;\"\">Esse aspecto tamb\u00e9m foi destacado pelo vice-presidente da Associa\u00e7\u00e3o Brasileira de Provedores de Internet e Telecomunica\u00e7\u00f5es (Abrint), Wardner Maia. &#8220;O percentual de acesso \u00e0 internet no total da popula\u00e7\u00e3o, de 45,6%, est\u00e1 acima da m\u00e9dia da Am\u00e9rica Latina, de 40%. Mas \u00e9 menor do que o da Argentina, de 60%&#8221;, avaliou, acrescentando que esse percentual \u00e9 projetado para o Brasil somente em 2014.<\/span><\/p>\n<p class=\"MsoNormal\" style=\"margin-bottom: .0001pt; line-height: normal;\"><span style=\"font-size: 10.5pt; font-family: \" color:=\"color:\" black;=\"black;\" mso-themecolor:=\"mso-themecolor:\" text1;\"=\"text1;\"\">No entanto, o avan\u00e7o da infla\u00e7\u00e3o pode ser obst\u00e1culo, para o economista-chefe da SulAm\u00e9rica Investimentos, Newton Rosa. &#8220;A alta de pre\u00e7os neste ano, principalmente em alimentos, pode elevar a parcela do or\u00e7amento voltada para alimentos e diminuir o poder de compra para servi\u00e7os e dur\u00e1veis&#8221;, alertou.<\/span><\/p>\n<p class=\"MsoNormal\" style=\"margin-bottom: .0001pt; line-height: normal;\"><span style=\"font-size: 10.5pt; font-family: \" color:=\"color:\" black;=\"black;\" mso-themecolor:=\"mso-themecolor:\" text1;\"=\"text1;\"\">J\u00e1 o economista da Confedera\u00e7\u00e3o Nacional do Com\u00e9rcio (CNC) Bruno Fernandes admitiu que a infla\u00e7\u00e3o acima do esperado neste ano surpreendeu e pode diminuir o poder aquisitivo, no curto prazo, para itens n\u00e3o essenciais, como celular e internet. Mas considerou que, caso ocorra, esse cen\u00e1rio n\u00e3o \u00e9 sustent\u00e1vel. Na sua an\u00e1lise, existe hoje um processo de diversifica\u00e7\u00e3o nos tipos de consumo do brasileiro, principalmente nas classes C e D, cuja cesta de compras era focada na aquisi\u00e7\u00e3o de alimentos. &#8220;\u00c9 um processo sem volta&#8221;, concluiu.<\/span><\/p>\n<p class=\"MsoNormal\" style=\"margin-bottom: .0001pt; line-height: normal;\"><span style=\"font-size: 10.5pt; font-family: \" color:=\"color:\" black;=\"black;\" mso-themecolor:=\"mso-themecolor:\" text1;\"=\"text1;\"\"> <\/span><\/p>\n<p class=\"MsoNormal\" style=\"margin-bottom: .0001pt; line-height: normal;\"><span style=\"font-size: 10.5pt; font-family: \" color:=\"color:\" black;=\"black;\" mso-themecolor:=\"mso-themecolor:\" text1;\"=\"text1;\"\">_______________________________________________________________<\/span><\/p>\n<p class=\"MsoNormal\" style=\"margin-bottom: .0001pt; line-height: normal;\"><span style=\"font-size: 10.5pt; font-family: \" color:=\"color:\" black;=\"black;\" mso-themecolor:=\"mso-themecolor:\" text1;\"=\"text1;\"\"> <\/span><\/p>\n<p class=\"MsoNormal\" style=\"margin-bottom: .0001pt; line-height: normal;\"><strong><span style=\"font-size: 10.5pt; font-family: \" color:=\"color:\" black;=\"black;\" mso-themecolor:=\"mso-themecolor:\" text1;\"=\"text1;\"\">Explora\u00e7\u00e3o envolve riscos ambientais<\/span><\/strong><\/p>\n<p class=\"MsoNormal\" style=\"margin-bottom: .0001pt; line-height: normal;\"><em><span style=\"font-size: 10.5pt; font-family: \" color:=\"color:\" black;=\"black;\" mso-themecolor:=\"mso-themecolor:\" text1;\"=\"text1;\"\">Valor Econ\u00f4mico<\/span><\/em><\/p>\n<p class=\"MsoNormal\" style=\"margin-bottom: .0001pt; line-height: normal;\"><span style=\"font-size: 10.5pt; font-family: \" color:=\"color:\" black;=\"black;\" mso-themecolor:=\"mso-themecolor:\" text1;\"=\"text1;\"\"> <\/span><\/p>\n<p class=\"MsoNormal\" style=\"margin-bottom: .0001pt; line-height: normal;\"><span style=\"font-size: 10.5pt; font-family: \" color:=\"color:\" black;=\"black;\" mso-themecolor:=\"mso-themecolor:\" text1;\"=\"text1;\"\">Ao longo de quase tr\u00eas d\u00e9cadas os Estados Unidos concederam incentivos fiscais e est\u00edmulos a pesquisas que resultaram no desenvolvimento da tecnologia b\u00e1sica para a produ\u00e7\u00e3o de g\u00e1s de xisto de forma r\u00e1pida e eficiente. O resto ficou por conta da eleva\u00e7\u00e3o do pre\u00e7o do petr\u00f3leo a n\u00edveis superiores a US$ 100 por barril, que estimulou o uso da nova tecnologia para a produ\u00e7\u00e3o de g\u00e1s em larga escala.<\/span><\/p>\n<p class=\"MsoNormal\" style=\"margin-bottom: .0001pt; line-height: normal;\"><span style=\"font-size: 10.5pt; font-family: \" color:=\"color:\" black;=\"black;\" mso-themecolor:=\"mso-themecolor:\" text1;\"=\"text1;\"\">O principal incentivo americano para a explora\u00e7\u00e3o e produ\u00e7\u00e3o de g\u00e1s convencional, US$ 0,50 por metro c\u00fabico produzido, foi criado em 1980 e s\u00f3 foi retirado em 2002, quando a empresa Mitchell Energy produziu pela primeira vez g\u00e1s em escala comercial no campo de Barnett. A informa\u00e7\u00e3o consta de estudo do Departamento de Petr\u00f3leo e G\u00e1s do BNDES.<\/span><\/p>\n<p class=\"MsoNormal\" style=\"margin-bottom: .0001pt; line-height: normal;\"><span style=\"font-size: 10.5pt; font-family: \" color:=\"color:\" black;=\"black;\" mso-themecolor:=\"mso-themecolor:\" text1;\"=\"text1;\"\">A tecnologia que vem sendo classificada como revolucion\u00e1ria consiste na perfura\u00e7\u00e3o de po\u00e7os horizontais, a partir de po\u00e7os verticais (de cada po\u00e7o vertical derivam v\u00e1rios horizontais, em diversas dire\u00e7\u00f5es), e no fracionamento da rocha sedimentar por meio de explos\u00f5es controladas, seguido de inje\u00e7\u00e3o de uma mistura de \u00e1gua, areia e produtos qu\u00edmicos.<\/span><\/p>\n<p class=\"MsoNormal\" style=\"margin-bottom: .0001pt; line-height: normal;\"><span style=\"font-size: 10.5pt; font-family: \" color:=\"color:\" black;=\"black;\" mso-themecolor:=\"mso-themecolor:\" text1;\"=\"text1;\"\">A extra\u00e7\u00e3o do g\u00e1s de xisto, diz o ge\u00f3logo Olavo Colela Junior, da Ag\u00eancia Nacional de Petr\u00f3leo (ANP), \u00e9 feita diretamente da chamada rocha fonte (ou rocha m\u00e3e, ou rocha geradora), a forma\u00e7\u00e3o geol\u00f3gica b\u00e1sica para que haja hidrocarboneto no subsolo de uma regi\u00e3o. &#8220;Resta saber se no Brasil ela tem condi\u00e7\u00f5es de fracionamento&#8221;, diz Colela. Ele explica que essas condi\u00e7\u00f5es s\u00e3o definidas pela profundidade em que a rocha fonte est\u00e1 localizada.<\/span><\/p>\n<p class=\"MsoNormal\" style=\"margin-bottom: .0001pt; line-height: normal;\"><span style=\"font-size: 10.5pt; font-family: \" color:=\"color:\" black;=\"black;\" mso-themecolor:=\"mso-themecolor:\" text1;\"=\"text1;\"\">No Rio Grande do Norte, por exemplo, onde h\u00e1 campos maduros que em tese poderiam produzir o g\u00e1s, a rocha fonte tem localiza\u00e7\u00e3o muito profunda. Segundo especialistas, no Paran\u00e1, onde a Petrobras produz pequena quantidade de \u00f3leo e g\u00e1s h\u00e1 v\u00e1rias d\u00e9cadas a partir de reservas de xisto betuminoso, a rocha fonte tamb\u00e9m \u00e9 muito profunda.<\/span><\/p>\n<p class=\"MsoNormal\" style=\"margin-bottom: .0001pt; line-height: normal;\"><span style=\"font-size: 10.5pt; font-family: \" color:=\"color:\" black;=\"black;\" mso-themecolor:=\"mso-themecolor:\" text1;\"=\"text1;\"\">O g\u00e1s de xisto foi inicialmente saudado pelos ambientalistas americanos como uma alternativa de energia limpa ao carv\u00e3o, usado para gera\u00e7\u00e3o el\u00e9trica. Hoje se debate nos Estados Unidos e no mundo os problemas ambientais decorrente da sua produ\u00e7\u00e3o &#8211; risco de contamina\u00e7\u00e3o do len\u00e7ol fre\u00e1tico por produtos qu\u00edmicos, o uso intensivo de \u00e1gua e at\u00e9 a ocorr\u00eancia de pequenos abalos s\u00edsmicos nas \u00e1reas exploradas. A Fran\u00e7a proibiu a tecnologia do fracionamento hidr\u00e1ulico.<\/span><\/p>\n<p class=\"MsoNormal\" style=\"margin-bottom: .0001pt; line-height: normal;\"><span style=\"font-size: 10.5pt; font-family: \" color:=\"color:\" black;=\"black;\" mso-themecolor:=\"mso-themecolor:\" text1;\"=\"text1;\"\"> <\/span><\/p>\n<p class=\"MsoNormal\" style=\"margin-bottom: .0001pt; line-height: normal;\"><span style=\"font-size: 10.5pt; font-family: \" color:=\"color:\" black;=\"black;\" mso-themecolor:=\"mso-themecolor:\" text1;\"=\"text1;\"\">_______________________________________________________________<\/span><\/p>\n<p class=\"MsoNormal\" style=\"margin-bottom: .0001pt; line-height: normal;\"><strong><span style=\"font-size: 10.5pt; font-family: \" color:=\"color:\" black;=\"black;\" mso-themecolor:=\"mso-themecolor:\" text1;\"=\"text1;\"\"> <\/span><\/strong><\/p>\n<p class=\"MsoNormal\" style=\"margin-bottom: .0001pt; line-height: normal;\"><strong><span style=\"font-size: 10.5pt; font-family: \" color:=\"color:\" black;=\"black;\" mso-themecolor:=\"mso-themecolor:\" text1;\"=\"text1;\"\">Tombini indica aperto e juro futuro ultrapassa 8%<\/span><\/strong><\/p>\n<p class=\"MsoNormal\" style=\"margin-bottom: .0001pt; line-height: normal;\"><em><span style=\"font-size: 10.5pt; font-family: \" color:=\"color:\" black;=\"black;\" mso-themecolor:=\"mso-themecolor:\" text1;\"=\"text1;\"\">Valor Econ\u00f4mico<\/span><\/em><\/p>\n<p class=\"MsoNormal\" style=\"margin-bottom: .0001pt; line-height: normal;\"><span style=\"font-size: 10.5pt; font-family: \" color:=\"color:\" black;=\"black;\" mso-themecolor:=\"mso-themecolor:\" text1;\"=\"text1;\"\"> <\/span><\/p>\n<p class=\"MsoNormal\" style=\"margin-bottom: .0001pt; line-height: normal;\"><span style=\"font-size: 10.5pt; font-family: \" color:=\"color:\" black;=\"black;\" mso-themecolor:=\"mso-themecolor:\" text1;\"=\"text1;\"\">O presidente do Banco Central, Alexandre Tombini, disse ontem que a institui\u00e7\u00e3o est\u00e1 &#8220;vigilante&#8221; e que far\u00e1 o necess\u00e1rio e com a devida tempestividade para fazer a infla\u00e7\u00e3o cair no segundo semestre, numa mensagem elaborada com palavras associadas pelo mercado financeiro com uma poss\u00edvel intensifica\u00e7\u00e3o no ritmo de alta de juros.<\/span><\/p>\n<p class=\"MsoNormal\" style=\"margin-bottom: .0001pt; line-height: normal;\"><span style=\"font-size: 10.5pt; font-family: \" color:=\"color:\" black;=\"black;\" mso-themecolor:=\"mso-themecolor:\" text1;\"=\"text1;\"\">Em discurso feito na abertura do Semin\u00e1rio Anual de Metas para a Infla\u00e7\u00e3o do Banco Central, no Rio, Tombini tamb\u00e9m deixou de usar, pela primeira vez neste ciclo de aperto monet\u00e1rio, a palavra &#8220;cautela&#8221;, que vinha sendo interpretada como senha de uma alta mais moderada de juros.<\/span><\/p>\n<p class=\"MsoNormal\" style=\"margin-bottom: .0001pt; line-height: normal;\"><span style=\"font-size: 10.5pt; font-family: \" color:=\"color:\" black;=\"black;\" mso-themecolor:=\"mso-themecolor:\" text1;\"=\"text1;\"\">&#8220;Neste momento, quero lembrar mais uma vez que o Banco Central est\u00e1 vigilante e far\u00e1 o que for necess\u00e1rio, com a devida tempestividade, para colocar a infla\u00e7\u00e3o em decl\u00ednio no segundo semestre e para assegurar que essa tend\u00eancia persista no pr\u00f3ximo ano&#8221;, afirmou Tombini.<\/span><\/p>\n<p class=\"MsoNormal\" style=\"margin-bottom: .0001pt; line-height: normal;\"><span style=\"font-size: 10.5pt; font-family: \" color:=\"color:\" black;=\"black;\" mso-themecolor:=\"mso-themecolor:\" text1;\"=\"text1;\"\">Em abril, o BC deu in\u00edcio a um ciclo de aperto monet\u00e1rio, com uma alta de 0,25 ponto percentual na taxa b\u00e1sica de juros, que subiu de 7,25% para 7,5% ao ano. Desde ent\u00e3o, o mercado financeiro busca pistas do que ser\u00e1 o pr\u00f3ximo passo do Comit\u00ea de Pol\u00edtica Monet\u00e1ria (Copom) na reuni\u00e3o que ocorre em duas semanas. As duas principais hip\u00f3teses s\u00e3o uma alta de 0,25 ponto percentual ou um aumento de 0,5 ponto percentual.<\/span><\/p>\n<p class=\"MsoNormal\" style=\"margin-bottom: .0001pt; line-height: normal;\"><span style=\"font-size: 10.5pt; font-family: \" color:=\"color:\" black;=\"black;\" mso-themecolor:=\"mso-themecolor:\" text1;\"=\"text1;\"\">Tombini voltou a enfatizar ontem, no seu discurso, que a comunica\u00e7\u00e3o \u00e9 parte integrante do processo de aperto monet\u00e1rio. Nele, analistas t\u00eam identificado algumas palavras chaves. A express\u00e3o &#8220;vigilante&#8221; \u00e9 associada com um ritmo de aperto monet\u00e1rio mais intenso, de 0,5 ponto percentual, enquanto que &#8220;cautela&#8221; \u00e9 interpretada como um ritmo menos intenso.<\/span><\/p>\n<p class=\"MsoNormal\" style=\"margin-bottom: .0001pt; line-height: normal;\"><span style=\"font-size: 10.5pt; font-family: \" color:=\"color:\" black;=\"black;\" mso-themecolor:=\"mso-themecolor:\" text1;\"=\"text1;\"\">J\u00e1 a palavra &#8220;tempestividade&#8221;, junto com a indica\u00e7\u00e3o feita por Tombini de que deseja fazer a infla\u00e7\u00e3o cair no segundo semestre, esvazia um pouco a interpreta\u00e7\u00e3o que muitos analistas deram \u00e0 \u00faltima ata do Copom, de abril, de que o trabalho de aperto monet\u00e1rio para conter a alta de pre\u00e7os na economia seria conduzido de forma mais gradual, visando apenas o cumprimento da meta de 2014.<\/span><\/p>\n<p class=\"MsoNormal\" style=\"margin-bottom: .0001pt; line-height: normal;\"><span style=\"font-size: 10.5pt; font-family: \" color:=\"color:\" black;=\"black;\" mso-themecolor:=\"mso-themecolor:\" text1;\"=\"text1;\"\">A fala de Tombini sustentou uma sess\u00e3o de alta nos juros projetados nos contratos de DI na BM&#038;F. Os ajustes levaram o mercado futuro a projetar aposta majorit\u00e1ria no aumento da Selic em 0,5 ponto percentual. O DI de janeiro de 2014, por exemplo, apontou taxa de 8,07% ante 7,97% da v\u00e9spera.<\/span><\/p>\n<p class=\"MsoNormal\" style=\"margin-bottom: .0001pt; line-height: normal;\"><span style=\"font-size: 10.5pt; font-family: \" color:=\"color:\" black;=\"black;\" mso-themecolor:=\"mso-themecolor:\" text1;\"=\"text1;\"\">Tombini deu indica\u00e7\u00f5es, em alguns momentos, de que tem menos d\u00favidas de que a atividade est\u00e1 se recuperando &#8211; a debilidade da economia seria um dos principais argumentos para uma alta menos intensa dos juros.<\/span><\/p>\n<p class=\"MsoNormal\" style=\"margin-bottom: .0001pt; line-height: normal;\"><span style=\"font-size: 10.5pt; font-family: \" color:=\"color:\" black;=\"black;\" mso-themecolor:=\"mso-themecolor:\" text1;\"=\"text1;\"\">&#8220;No primeiro trimestre, a economia cresceu em ritmo mais intenso do que no \u00faltimo trimestre de 2012 e proje\u00e7\u00f5es indicam crescimento em 2013 ao redor de 3%&#8221;, disse Tombini. &#8220;Nesse contexto, ent\u00e3o, este ano a recupera\u00e7\u00e3o tende a se consolidar e as perspectivas para os pr\u00f3ximos anos indicam sustentabilidade desse processo.&#8221;<\/span><\/p>\n<p class=\"MsoNormal\" style=\"margin-bottom: .0001pt; line-height: normal;\"><span style=\"font-size: 10.5pt; font-family: \" color:=\"color:\" black;=\"black;\" mso-themecolor:=\"mso-themecolor:\" text1;\"=\"text1;\"\">Depois do discurso, Tombini manteve o tom mais conservador de combate \u00e0 infla\u00e7\u00e3o, durante entrevista a jornalistas. &#8220;O Banco Central vai continuar combatendo a infla\u00e7\u00e3o. A infla\u00e7\u00e3o nos pr\u00f3ximos meses vai cair, vai ser menor do que foi nos primeiros quatro meses&#8221;, disse Tombini. &#8220;O BC vai consolidar uma infla\u00e7\u00e3o mais baixa neste e no pr\u00f3ximo ano. Ent\u00e3o, j\u00e1 subiu o juros em abril e vai continuar trabalhando nesse sentido.&#8221;<\/span><\/p>\n<p class=\"MsoNormal\" style=\"margin-bottom: .0001pt; line-height: normal;\"><span style=\"font-size: 10.5pt; font-family: \" color:=\"color:\" black;=\"black;\" mso-themecolor:=\"mso-themecolor:\" text1;\"=\"text1;\"\">Tombini observou, por outro lado, que a infla\u00e7\u00e3o no atacado est\u00e1 caindo e chegar\u00e1 ao &#8220;n\u00edvel do consumidor&#8221; entre os meses de maio, junho e julho. &#8220;N\u00f3s pr\u00f3ximos tr\u00eas meses teremos uma infla\u00e7\u00e3o mais baixa, refletindo, inclusive, a queda nos pre\u00e7os dos alimentos [que ocorre no atacado]&#8221;, disse.<\/span><\/p>\n<p class=\"MsoNormal\" style=\"margin-bottom: .0001pt; line-height: normal;\"><span style=\"font-size: 10.5pt; font-family: \" color:=\"color:\" black;=\"black;\" mso-themecolor:=\"mso-themecolor:\" text1;\"=\"text1;\"\">Em rela\u00e7\u00e3o ao crescimento de 1,05% no primeiro trimestre do \u00cdndice de Atividade do Banco Central (IBC-Br), divulgado ontem, uma pr\u00e9via do PIB, Tombini afirmou que a taxa, anualizada, mostra um avan\u00e7o de 4,25%. &#8220;\u00c9 isso. Est\u00e1 compat\u00edvel com a nossa proje\u00e7\u00e3o de crescimento do ano, de 3,1%.&#8221;.<\/span><\/p>\n<p class=\"MsoNormal\" style=\"margin-bottom: .0001pt; line-height: normal;\"><span style=\"font-size: 10.5pt; font-family: \" color:=\"color:\" black;=\"black;\" mso-themecolor:=\"mso-themecolor:\" text1;\"=\"text1;\"\">Tombini voltou a afirmar que espera um aumento no d\u00e9ficit externo do pa\u00eds, na medida em que ser\u00e1 necess\u00e1rio atrair poupan\u00e7a estrangeira para financiar investimentos. &#8220;A evid\u00eancia indica que o capital se desloca para as regi\u00f5es com melhores perspectivas de crescimento, onde a taxa esperada de retorno \u00e9 mais elevada&#8221;, disse. &#8220;Como contrapartida, poder\u00e1 ocorrer um eventual aumento tempor\u00e1rio do d\u00e9ficit em transa\u00e7\u00f5es correntes, o que deve ser visto como decorr\u00eancia imediata e esperada de um ciclo de expans\u00e3o do investimento.&#8221;<\/span><\/p>\n<p>\u00a0<\/p>\n","protected":false},"excerpt":{"rendered":"\nO Estado de S. Paulo\n \nA venda a prazo, normalmente de itens de maior valor, ficou estagnada na primeira quinzena deste m\u00eas, apesar do esfor\u00e7o do varejo para desovar os estoques de eletrodom\u00e9sticos, TVs e telefones celulares por ocasi\u00e3o do Dia das M\u00e3es, a melhor data para o com\u00e9rcio depois do Natal. E uma parcela crescente de inadimplentes acumulava no m\u00eas passado d\u00edvidas n\u00e3o pagas superior a R$ 500. \n<a class=\"moretag\" href=\"https:\/\/pcb.org.br\/portal2\/4829\"> <\/a>","protected":false},"author":1,"featured_media":0,"comment_status":"open","ping_status":"open","sticky":false,"template":"","format":"standard","meta":{"jetpack_post_was_ever_published":false,"_jetpack_newsletter_access":"","_jetpack_dont_email_post_to_subs":false,"_jetpack_newsletter_tier_id":0,"_jetpack_memberships_contains_paywalled_content":false,"_jetpack_memberships_contains_paid_content":false,"footnotes":"","jetpack_publicize_message":"","jetpack_publicize_feature_enabled":true,"jetpack_social_post_already_shared":false,"jetpack_social_options":{"image_generator_settings":{"template":"highway","default_image_id":0,"font":"","enabled":false},"version":2}},"categories":[106],"tags":[],"class_list":["post-4829","post","type-post","status-publish","format-standard","hentry","category-c119-olhovivo"],"jetpack_publicize_connections":[],"jetpack_featured_media_url":"","jetpack_shortlink":"https:\/\/wp.me\/p659gw-1fT","jetpack-related-posts":[],"jetpack_likes_enabled":true,"jetpack_sharing_enabled":true,"_links":{"self":[{"href":"https:\/\/pcb.org.br\/portal2\/wp-json\/wp\/v2\/posts\/4829","targetHints":{"allow":["GET"]}}],"collection":[{"href":"https:\/\/pcb.org.br\/portal2\/wp-json\/wp\/v2\/posts"}],"about":[{"href":"https:\/\/pcb.org.br\/portal2\/wp-json\/wp\/v2\/types\/post"}],"author":[{"embeddable":true,"href":"https:\/\/pcb.org.br\/portal2\/wp-json\/wp\/v2\/users\/1"}],"replies":[{"embeddable":true,"href":"https:\/\/pcb.org.br\/portal2\/wp-json\/wp\/v2\/comments?post=4829"}],"version-history":[{"count":0,"href":"https:\/\/pcb.org.br\/portal2\/wp-json\/wp\/v2\/posts\/4829\/revisions"}],"wp:attachment":[{"href":"https:\/\/pcb.org.br\/portal2\/wp-json\/wp\/v2\/media?parent=4829"}],"wp:term":[{"taxonomy":"category","embeddable":true,"href":"https:\/\/pcb.org.br\/portal2\/wp-json\/wp\/v2\/categories?post=4829"},{"taxonomy":"post_tag","embeddable":true,"href":"https:\/\/pcb.org.br\/portal2\/wp-json\/wp\/v2\/tags?post=4829"}],"curies":[{"name":"wp","href":"https:\/\/api.w.org\/{rel}","templated":true}]}}