{"id":484,"date":"2010-05-19T12:18:28","date_gmt":"2010-05-19T12:18:28","guid":{"rendered":"http:\/\/pcb.org.br\/portal2\/?p=484"},"modified":"2010-05-19T12:18:28","modified_gmt":"2010-05-19T12:18:28","slug":"grande-comicio-do-kke-no-dia-15-de-maio-de-2010","status":"publish","type":"post","link":"https:\/\/pcb.org.br\/portal2\/484","title":{"rendered":"Grande com\u00edcio do KKE no dia 15 de maio de 2010"},"content":{"rendered":"\n<p align=\"justify\">O com\u00edcio que o Partido Comunista da Gr\u00e9cia realizou na Pra\u00e7a Pedion Areos, no s\u00e1bado 15 de maio, lembrava um rio de pessoas, vermelho e emocionante. O ambiente, o ar que se respirava no com\u00edcio e os sons que se faziam ouvir, expressos nas palavras de ordem, refletiam a determina\u00e7\u00e3o de todo o povo para resistir, para combater, para defender seus direitos e pavimentar um novo caminho pela luta de classes. Desde seus primeiros momentos, o ato p\u00fablico do Partido, de car\u00e1ter nacional, caracterizou-se como uma manifesta\u00e7\u00e3o massiva, como nunca se viu em Atenas nos \u00faltimos anos.<\/p>\n<p align=\"justify\">O impacto visual do com\u00edcio, as mensagens de dezenas de milhares de comunistas, de simpatizantes, de amigos do Partido e da Juventude Comunista da Gr\u00e9cia (sigla KNE), de pessoas que colaboram com o Partido, das organiza\u00e7\u00f5es de massa do movimento popular, dos intelectuais e artistas, que vieram de todos os cantos do pa\u00eds, ter\u00e1 um efeito multiplicador nos pr\u00f3ximos dias.<\/p>\n<p align=\"justify\">Nossa manifesta\u00e7\u00e3o ter\u00e1 conseq\u00fc\u00eancias especiais sobre os momentos de responsabilidade que est\u00e3o por vir, para as lutas di\u00e1rias dos trabalhadores e do povo pela melhoria de sua organiza\u00e7\u00e3o, para o trabalho sem esmorecimento do Partido Comunista da Gr\u00e9cia e da sua Juventude em prol da forma\u00e7\u00e3o de uma frente que se torne um outro caminho para o desenvolvimento, o do poder e da economia populares, o socialismo.<\/p>\n<p align=\"justify\">As longas dist\u00e2ncias percorridas e o natural cansa\u00e7o n\u00e3o impediram as pessoas de participarem do com\u00edcio. Os blocos de pessoas em dire\u00e7\u00e3o ao com\u00edcio eram t\u00e3o grandes que levaram mais de uma hora para chegarem ao local do ato. \u201cOs comunistas n\u00e3o assinam declara\u00e7\u00e3o de arrependimento para o imperialismo\u201d, \u201cvem com a gente porque h\u00e1 uma solu\u00e7\u00e3o\u201d, \u201co vitorioso deve ser o povo e n\u00e3o os monop\u00f3lios\u201d, \u201corganiza\u00e7\u00e3o, unidade, poder popular\u201d foram os principais slogans do ato publico.<\/p>\n<p align=\"justify\">O com\u00edcio massivo e a marcha do KKE foram transmitidos pela esta\u00e7\u00e3o de radio e TV \u201c902\u201d. A m\u00eddia burguesa grega (exce\u00e7\u00e3o feita ao canal de TV estatal) procurou desvirtuar a grandiosidade dos atos do KKE. A esta\u00e7\u00e3o de radio \u201cSKAI\u201d referiu no notici\u00e1rio a manifesta\u00e7\u00e3o de 30 pessoas na Tessalonica, mas n\u00e3o disse uma s\u00f3 palavra sobre as 100.000 pessoas que protestavam no com\u00edcio do KKE, demonstrando o car\u00e1ter da \u201cinforma\u00e7\u00e3o\u201d burguesa.<\/p>\n<p>Por outro lado, a \u201cAssociated Press\u201d faltou com verdade falando de uma manifesta\u00e7\u00e3o de 6.000 pessoas.<\/p>\n<p align=\"justify\">\u00c9 \u00f3bvio que a participa\u00e7\u00e3o das massas nos atos do KKE perturbou profundamente a burguesia, os monop\u00f3lios e seus agentes. Ao contr\u00e1rio da imprensa grega, muitas m\u00eddias internacionais, como a \u201ceuronews\u201d e a \u201cvesti\u201d transmitiram imagens e not\u00edcias corretas do com\u00edcio do KKE<\/p>\n<p>(<a href=\"http:\/\/ru.euronews.net\/nocomment\/2010\/05\/16\/demonstration-of-greek-communists\/\" target=\"_blank\">http:\/\/ru.euronews.net\/nocomment\/2010\/05\/16\/demonstration-of-greek-communists\/<\/a>, <a href=\"http:\/\/www.vesti.ru\/videos?vid=272706&amp;p=2&amp;sort=1&amp;cid=1\" target=\"_blank\">http:\/\/www.vesti.ru\/videos?vid=272706&amp;p=2&amp;sort=1&amp;cid=1<\/a>).<\/p>\n<p>Aqui voc\u00ea pode assistir a v\u00eddeos da manifesta\u00e7\u00e3o do KKE:<\/p>\n<p><a href=\"http:\/\/www.youtube.com\/watch?v=zSjwwf91rEg\" target=\"_blank\">http:\/\/www.youtube.com\/watch?v=zSjwwf91rEg<\/a><\/p>\n<p align=\"justify\">A Secret\u00e1ria Geral do Comit\u00ea Central do KKE, camarada Aleka Papariga, afirmou da tribuna:<\/p>\n<table border=\"0\" width=\"200\" align=\"left\">\n<tbody>\n<tr>\n<td style=\"font-size:10px;text-align: left;\" width=\"170\" bgcolor=\"#f1f1f1\"><img decoding=\"async\" src=\"images\/stories\/notakke2.jpg\" border=\"0\" alt=\"imagem\" width=\"170\" align=\"left\" \/><em>Cr\u00e9dito: <a href=\"http:\/\/www.youtube.com\/watch?v=zSjwwf91rEg\" target=\"_blank\">KKE<\/a><\/em><\/td>\n<td><\/td>\n<\/tr>\n<\/tbody>\n<\/table>\n<p align=\"justify\">\u201cO governo est\u00e1 mentindo descaradamente quando afirma que as medidas durar\u00e3o no m\u00e1ximo tr\u00eas ou quatro anos. Este sistema, que est\u00e1 completamente podre, n\u00e3o \u00e9 eterno. Os sacrif\u00edcios do povo trar\u00e3o benef\u00edcios somente para os capitalistas, para os monop\u00f3lios. E mesmo se acreditassemos que a economia grega sair\u00e1, em breve, recuperada do ciclo de crise , tudo seria igualmente pior para o povo.\u201d<\/p>\n<p align=\"justify\">A lideran\u00e7a do PASOK quer nos empurrar para o passado. Ao estabelecer, para o KKE, a enganosa e intimidativa quest\u00e3o &#8211; \u201cou voces respeitam e obedecem a constitui\u00e7\u00e3o, ou n\u00e3o\u201d \u2013 est\u00e1 a preparar-se para desempenhar pap\u00e9is novos de \u201clealdade nacional\u201d. Com isso, visa penalizar a ideologia comunista, mesmo a mera declara\u00e7\u00e3o e defesa do socialismo-comunismo. Mas, desta vez eles t\u00eam contra si um fator importante: a possibilidade de um contra-ataque popular. Mas, que s\u00e3o esses que falam de respeito \u00e0 constitui\u00e7\u00e3o?<\/p>\n<p align=\"justify\">N\u00f3s declaramos, claramente e mais uma vez, a nossa firme orienta\u00e7\u00e3o manifestada desde 1918 (nota do tradutor: ano da funda\u00e7\u00e3o do KKE): lutar, a qualquer custo, n\u00e3o s\u00f3 nas quest\u00f5es que se apresentam diariamente para o povo, como tamb\u00e9m convenc\u00ea-lo que o seu futuro \u00e9 o socialismo, o comunismo.<\/p>\n<p align=\"justify\">A constitui\u00e7\u00e3o \u00e9 o produto do equil\u00edbrio das forcas sociais e pol\u00edticas em cada per\u00edodo hist\u00f3rico. Quando esse equil\u00edbrio tende a ser reacion\u00e1rio, ent\u00e3o a constitui\u00e7\u00e3o muda para pior. Quando esse equil\u00edbrio tende a ser favor\u00e1vel ao povo, ent\u00e3o ela melhora, se aperfei\u00e7oa, e se torna menos desrespeitosa. E quando o povo vence, ele pr\u00f3prio elabora a sua constitui\u00e7\u00e3o.<\/p>\n<p align=\"justify\">Nunca houve, antes, na hist\u00f3ria, nem haver\u00e1, no futuro, um governo burgu\u00eas que n\u00e3o tenha violado artigos espec\u00edficos e fundamentais de sua pr\u00f3pria constitui\u00e7\u00e3o. A soberania popular \u00e9 incompat\u00edvel com o capitalismo.<\/p>\n<p align=\"justify\">Quando a burguesia defende a constitui\u00e7\u00e3o, ela defende o \u201cdireito\u201d dos capitalistas para explorar a riqueza produzida pela classe trabalhadora, para possuir o bem mais importante, a saber, a for\u00e7a do trabalho, a capacidade humana de trabalhar, de produzir. A burguesia defende uma s\u00f3 lei que considera suprema: a lei da mais-valia.<\/p>\n<p>O caminho a seguir se identifica com uma nova op\u00e7\u00e3o pol\u00edtica que deve ser preparada particularmente por uma alian\u00e7a, formada de baixo para cima, dos movimentos sociais e politicos. As correntes de resist\u00eancia j\u00e1 existem; elas devem confluir na forma\u00e7\u00e3o de um grande rio caudaloso.<\/p>\n<p align=\"justify\">Nos dias de hoje, n\u00e3o basta que o povo estabele\u00e7a uma lista de exig\u00eancias, de apelos e pedidos. As demandas, os objetivos da luta, as propostas concretas devem demonstrar a possibilidade de resolver os problemas do povo. No entanto, elas s\u00f3 podem adquirir dinamicidade e efic\u00e1cia se fizerem parte de uma estrat\u00e9gia, da luta para superar os monop\u00f3lios, da luta para estabelecer uma economia e um poder populares o que ocorrer\u00e1 se elas estiverem aliadas ao KKE e \u00e0 luta conjunta, o que n\u00e3o significa necessariamente uma concord\u00e2ncia com a percep\u00e7\u00e3o do KKE sobre o socialismo, sobre o comunismo.<\/p>\n<p align=\"justify\">Atualmente, existem condi\u00e7\u00f5es objetivas que pemitem uma organiza\u00e7\u00e3o diferente da sociedade, caracterizadas pela decis\u00e3o do povo para transformar a propriedade privada dos monop\u00f3lios em propriedade social.<\/p>\n<p><strong>Nova greve da PAME na quinta-feira, 20 de maio.<\/strong><\/p>\n<p align=\"justify\">Os comunistas v\u00e3o se encontrar com seus amigos, mais uma vez, na nova greve da PAME no dia 20 de maio. At\u00e9 ent\u00e3o, vamos dar o melhor de n\u00f3s para o sucesso da greve.<\/p>\n<p><strong>Significativa participa\u00e7\u00e3o internacional<\/strong><\/p>\n<p align=\"justify\">\u00c2ngelo Alves, membro do Bureau Pol\u00edtico do Partido Comunista Portugu\u00eas, Erhan Nalchagi membro do Bureau Pol\u00edtico do Partido Comunista Turco, Astor Garcia membro do Comit\u00ea Executivo do Partido Comunista dos Povos da Espanha e David Para representante do Conselho Nacional do Partido dos Trabalhadores da B\u00e9lgica, numa verdaderia tempestade de aplausos e palavras de ordem, expressaram sua solidariedade com o com\u00edcio nacional do KKE, como tamb\u00e9m com suas lutas e com o movimento sindical de orienta\u00e7\u00e3o classista da Gr\u00e9cia.<\/p>\n<p><strong>Generosa solidariedade internacionalista<\/strong><\/p>\n<p>55 Partidos Comunistas e Oper\u00e1rios de todo o mundo expressaram sua solidariedade e enviaram mensagens de apoio \u00e0 luta do KKE e da classe trabalhadora na Gr\u00e9cia (abaixo pode-se ver a lista desses partidos).<\/p>\n<p align=\"justify\">Acrescente-se, ainda, a mensagem de apoio e solidariedade com o KKE que foi enviada pelos 42 partidos que participaram do Semin\u00e1rio Comunista Internacional do Partido dos Trabalhadores da B\u00e9lgica, realizado neste fim de semana, em Bruxelas.<\/p>\n<p align=\"justify\">Ademais disso tudo, o Partido Trabalhista (EMEP) da Turquia coletou 180 assinaturas de sindicalistas numa mensagem de apoio e solidariedade com a luta do KKE da classe trabalhadora grega.<\/p>\n<ol type=\"1\">\n<li><em> Partido Pela Democracia e o Socialismo, da Alg\u00e9ria<\/em><\/li>\n<li><em> Partido Comunista da Austr\u00e1lia<\/em><\/li>\n<li><em> Partido Comunista da Styria \/\u00c1ustria<\/em><\/li>\n<li><em>Partido Comunista do Azerbaij\u00e3o<\/em><\/li>\n<li><em> Partido Comunista de Bangladesh<\/em><\/li>\n<li><em> Partido Comunista da B\u00e9lgica<\/em><\/li>\n<li><em>Partido dos Trabalhadores da B\u00e9lgica<\/em><\/li>\n<li><em>Partido Comunista Brasileiro<\/em><\/li>\n<li><em>Partido Comunista do Brasil<\/em><\/li>\n<li><em>Partido Comunista da Gr\u00e3-Bretanha<\/em><\/li>\n<li><em> Novo Partido Comunista da Gr\u00e3-Bretanha<\/em><\/li>\n<li><em>Partido Comunista da Bulg\u00e1ria<\/em><\/li>\n<li><em> Partido dos Comunistas B\u00falgaros<\/em><\/li>\n<li><em>Partido Comunista do Canad\u00e1<\/em><\/li>\n<li><em>Partido Comunista do Chile<\/em><\/li>\n<li><em>Partido Socialista dos Trabalhadores da Cro\u00e1cia<\/em><\/li>\n<li><em>Partido Comunista na Dinamarca<\/em><\/li>\n<li><em>Partido Comunista da Dinamarca<\/em><\/li>\n<li><em>Partido Comunista da Finl\u00e2ndia<\/em><\/li>\n<li><em>Partido Comunista Franc\u00eas<\/em><\/li>\n<li><em>P\u00f3lo da Renascen\u00e7a Comunista na Fran\u00e7a<\/em><\/li>\n<li><em>Uni\u00e3o dos Revolucion\u00e1rios Comunistas da Fran\u00e7a<\/em><\/li>\n<li><em>Partido Comunista da Maced\u00f4nia<\/em><\/li>\n<li><em>Partido Comunista Unificado da Ge\u00f3rgia<\/em><\/li>\n<li><em>Partido Comunista dos Trabalhadores H\u00fangaros<\/em><\/li>\n<li><em>Partido Comunista da \u00cdndia<\/em><\/li>\n<li><em>Partido Comunista da India (Marxista)<\/em><\/li>\n<li><em>Partido Tudeh do Ir\u00e3<\/em><\/li>\n<li><em>Partido Comunista da Irlanda<\/em><\/li>\n<li><em>Partido dos Trabalhadores da Irlanda<\/em><\/li>\n<li><em>Partido Comunista de Israel<\/em><\/li>\n<li><em>Partido dos Comunistas Italianos<\/em><\/li>\n<li><em>Partido Comunista Jordaniano<\/em><\/li>\n<li><em>Partido Socialista da Latvia<\/em><\/li>\n<li><em>Partido Comunista Liban\u00eas<\/em><\/li>\n<li><em>Partido Comunista de Luxemburgo<\/em><\/li>\n<li><em>Partido Comunista de Malta<\/em><\/li>\n<li><em>Partido dos Comunistas Mexicanos<\/em><\/li>\n<li><em>Partido Popular Socialista do M\u00e9xico<\/em><\/li>\n<li><em>Novo Partido Comunista da Holanda<\/em><\/li>\n<li><em>Partido do Povo Palestino<\/em><\/li>\n<li><em>Partido Comunista Peruano<\/em><\/li>\n<li><em>Partido Comunista das Filipinas &#8211; PKP 1930<\/em><\/li>\n<li><em>Partido Comunista Portugu\u00eas<\/em><\/li>\n<li><em>Partido Comunista da Federa\u00e7\u00e3o Russa<\/em><\/li>\n<li><em>Partido Comunista dos Trabalhadores da R\u00fassia &#8211; Partido Revolucion\u00e1rio dos Comunistas<\/em><\/li>\n<li><em>Novo partido comunista da Iugosl\u00e1via<\/em><\/li>\n<li><em>Partido Comunista da Eslov\u00eania<\/em><\/li>\n<li><em>Partido Comunista dos Povos da Espanha<\/em><\/li>\n<li><em>Partido Comunista da Espanha<\/em><\/li>\n<li><em>Partido Comunista da Su\u00e9cia<\/em><\/li>\n<li><em>Partido Comunista S\u00edrio<\/em><\/li>\n<li><em>Partido Comunista S\u00edrio<\/em><\/li>\n<li><em>Partido Trabalhista (EMEP), Turquia<\/em><\/li>\n<li><em>Partido Comunista da Turquia<\/em><\/li>\n<\/ol>\n<p>Traduzido da vers\u00e3o em ingl\u00eas.<\/p>\n<p>Fonte: <a href=\"http:\/\/inter.kke.gr\/News\/2010news\/2010-05-15-kkerally\" target=\"_blank\">http:\/\/inter.kke.gr\/News\/2010news\/2010-05-15-kkerally<\/a><\/p>\n<p>Tradutor: Humberto Carvalho, militante do Partido Comunista Brasileiro \u2013 PCB e membro de seu Comit\u00ea Central.<\/p>\n","protected":false},"excerpt":{"rendered":"\n\n\nCr\u00e9dito: KKE\n\n\n\n\nO com\u00edcio de s\u00e1bado se transformou numa marcha emocionante\n<a class=\"moretag\" href=\"https:\/\/pcb.org.br\/portal2\/484\"> <\/a>","protected":false},"author":1,"featured_media":0,"comment_status":"open","ping_status":"open","sticky":false,"template":"","format":"standard","meta":{"jetpack_post_was_ever_published":false,"_jetpack_newsletter_access":"","_jetpack_dont_email_post_to_subs":false,"_jetpack_newsletter_tier_id":0,"_jetpack_memberships_contains_paywalled_content":false,"_jetpack_memberships_contains_paid_content":false,"footnotes":"","jetpack_publicize_message":"","jetpack_publicize_feature_enabled":true,"jetpack_social_post_already_shared":false,"jetpack_social_options":{"image_generator_settings":{"template":"highway","default_image_id":0,"font":"","enabled":false},"version":2}},"categories":[71],"tags":[],"class_list":["post-484","post","type-post","status-publish","format-standard","hentry","category-c84-solidariedade"],"jetpack_publicize_connections":[],"jetpack_featured_media_url":"","jetpack_shortlink":"https:\/\/wp.me\/p659gw-7O","jetpack-related-posts":[],"jetpack_likes_enabled":true,"jetpack_sharing_enabled":true,"_links":{"self":[{"href":"https:\/\/pcb.org.br\/portal2\/wp-json\/wp\/v2\/posts\/484","targetHints":{"allow":["GET"]}}],"collection":[{"href":"https:\/\/pcb.org.br\/portal2\/wp-json\/wp\/v2\/posts"}],"about":[{"href":"https:\/\/pcb.org.br\/portal2\/wp-json\/wp\/v2\/types\/post"}],"author":[{"embeddable":true,"href":"https:\/\/pcb.org.br\/portal2\/wp-json\/wp\/v2\/users\/1"}],"replies":[{"embeddable":true,"href":"https:\/\/pcb.org.br\/portal2\/wp-json\/wp\/v2\/comments?post=484"}],"version-history":[{"count":0,"href":"https:\/\/pcb.org.br\/portal2\/wp-json\/wp\/v2\/posts\/484\/revisions"}],"wp:attachment":[{"href":"https:\/\/pcb.org.br\/portal2\/wp-json\/wp\/v2\/media?parent=484"}],"wp:term":[{"taxonomy":"category","embeddable":true,"href":"https:\/\/pcb.org.br\/portal2\/wp-json\/wp\/v2\/categories?post=484"},{"taxonomy":"post_tag","embeddable":true,"href":"https:\/\/pcb.org.br\/portal2\/wp-json\/wp\/v2\/tags?post=484"}],"curies":[{"name":"wp","href":"https:\/\/api.w.org\/{rel}","templated":true}]}}