{"id":485,"date":"2010-05-20T17:08:32","date_gmt":"2010-05-20T17:08:32","guid":{"rendered":"http:\/\/pcb.org.br\/portal2\/?p=485"},"modified":"2010-05-20T17:08:32","modified_gmt":"2010-05-20T17:08:32","slug":"qha-que-retirar-as-farc-e-o-eln-da-lista-de-terroristas-se-se-quiser-avancar-o-processo-de-pazq","status":"publish","type":"post","link":"https:\/\/pcb.org.br\/portal2\/485","title":{"rendered":"&#8220;H\u00e1 que retirar as FARC e o ELN da lista de terroristas se se quiser avan\u00e7ar o processo de paz&#8221;"},"content":{"rendered":"\n<p>Em confer\u00eancia de imprensa realizada em Madrid a 15 de Maio, a senadora colombiana Piedad Cordoba assinalou os seguintes pontos:<\/p>\n<p><strong> 1. VISIBILIZAR A REALIDADE E O DRAMA NA COL\u00d4MBIA <\/strong><\/p>\n<p>&#8220;Visibilizar&#8230; h\u00e1 a necessidade de que se conhe\u00e7a (&#8230;) Governos como o da Espanha ratificam o seu apoio \u00e0 guerra na Col\u00f4mbia (&#8230;) partem do desconhecimento de que na Col\u00f4mbia existe um conflito social e armado&#8221;.<\/p>\n<p>&#8220;O argumento poderoso que esgrimem os Estados Unidos e o seu subalterno na Col\u00f4mbia para justificar a presen\u00e7a de sete bases militares (&#8230;) \u00e9 supostamente &#8220;combater o terrorismo e o narcotr\u00e1fico&#8221;.<\/p>\n<p><strong> 2. O CONCEITO DE &#8220;TERRORISMO&#8221; <\/strong><\/p>\n<p>&#8220;(&#8230;) O conceito de &#8220;terrorismo&#8221; deveria ser um conceito jur\u00eddico e n\u00e3o um conceito pol\u00edtico que se move ao sabor das mesmas bases militares, ou seja, ao sabor dos interesses que t\u00eam governos como o dos Estados Unidos&#8221;<\/p>\n<p>&#8220;Preocupa-nos enormemente que a vice-presidenta do pa\u00eds (EUA) haja declarado que continuam com a sua pol\u00edtica de apoio \u00e0 &#8220;Seguridad Democr\u00e1tica~&#8221;, com a sua pol\u00edtica de poio \u00e0 &#8220;luta contra o narcotr\u00e1fico e contra o terrorismo&#8221; e de maneira muito categ\u00f3rica de combate contra as FARC. Preocupa-nos enormemente porque isto \u00e9 uma carta de corso para um governo que expira e que, de qualquer forma, o facto de Uribe ir embora n\u00e3o significa que a pol\u00edtica que tra\u00e7ou v\u00e1 com ele&#8221;.<\/p>\n<table border=\"0\" width=\"200\" align=\"left\">\n<tbody>\n<tr>\n<td style=\"font-size:10px;text-align: left;\" width=\"170\" bgcolor=\"#f1f1f1\"><img decoding=\"async\" src=\"images\/stories\/marcha_desplazados_bogota.jpg\" border=\"0\" alt=\"imagem\" width=\"170\" align=\"left\" \/><em>Cr\u00e9dito: <a href=\"http:\/\/resistir.info\/colombia\/p_cordoba_15mai10.html\" target=\"_blank\">Resistir.info<\/a><\/em><\/td>\n<td><\/td>\n<\/tr>\n<\/tbody>\n<\/table>\n<p><strong> 3. CONTINUIDADE DA POL\u00cdTICA DE EXTERM\u00cdNIO NO GOVERNO QUE VEM <\/strong><\/p>\n<p>&#8220;(&#8230;) o facto de Uribe ir embora n\u00e3o significa que a pol\u00edtica que tra\u00e7ou v\u00e1 com ele&#8230; Muito pelo contr\u00e1rio&#8230; serve de argumento para que muitos candidatos presidenciais, num clima eleitoral muito complexo, em lugar de propor a defesa da soberania nacional, da soberania popular, firmem-se nestes conceitos de pa\u00edses como estes (EUA) para continuar uma pol\u00edtica degradante (&#8230;)&#8221;<\/p>\n<p>&#8220;E valeria a pensa mencionar resultados das &#8216;bondades&#8217; da pol\u00edtica de seguridad democr\u00e1tica que o governo nacional tanto exibe:<\/p>\n<p>Cinco mil assassinatos a sangue frio que hoje s\u00e3o conhecidos eufemisticamente como &#8220;falsos positivos&#8221; e que foram em grande medida dirigidos por quem \u00e9 hoje candidato presidencial, que era ent\u00e3o ministro da guerra do pa\u00eds&#8221;<\/p>\n<p>Em segundo lugar, mencionar um n\u00famero escandaloso que ao inv\u00e9s de diminuir aumenta: 4 milh\u00f5es de refugiados internos, o que nos coloca no primeiro lugar da Am\u00e9rica Latina e em segundo lugar, depois do Sud\u00e3o, a n\u00edvel mundial (de deslocamento for\u00e7ado) (&#8230;) situa\u00e7\u00f5es que a imprensa apenas come\u00e7a a evidenciar&#8221;.<\/p>\n<p><strong> 4. FORNOS CREMAT\u00d3RIOS <\/strong><\/p>\n<p>&#8220;Com uma profunda tristeza temos que reconhecer que factos muito repugnantes que foram recusados por toda a humanidade hoje t\u00eam lugar na Col\u00f4mbia, como \u00e9 o caso dos fornos cremat\u00f3rios. N\u00e3o s\u00f3 na zona de Catatumbo como tamb\u00e9m em regi\u00f5es como o departamento de Anti\u00f3quia&#8221; (minuto 05:16)<\/p>\n<p>&#8220;Muitas das v\u00edtimas n\u00e3o s\u00f3 foram cremadas depois de assassinadas como tamb\u00e9m muitas da v\u00edtimas foram queimadas vivas para p\u00f4-las como escarmento daqueles que, como camponeses, recusavam a presen\u00e7a dos paramilitares e recusavam-se a delatar o que muitas vezes n\u00e3o sabiam (&#8230;) Este \u00e9 um dos resultados da pol\u00edtica da Seguridad Democr\u00e1tica&#8230;&#8221;<\/p>\n<p><strong> 5. A UE APOIA O EXTERM\u00cdNIO E OS DESAPARECIMENTOS <\/strong><\/p>\n<p>&#8220;Todo isto \u00e9 muito importante que seja dito aqui na Espanha, precisamente hoje onde acaba de concluir um f\u00f3rum de jornalismo no pa\u00eds e onde os que consider\u00e1vamos que poderiam ser nossos aliados para acabar com factos desta natureza n\u00e3o s\u00f3 apoiam sem qualquer discuss\u00e3o o TLC entre a UE e a Col\u00f4mbia como al\u00e9m disso continuam a apoiar uma pol\u00edtica de guerra, de exterm\u00ednio, de desaparecimentos&#8221;.<\/p>\n<p><strong> 6. DESAPARECIDOS: 250 MIL <\/strong><\/p>\n<p>&#8220;Um n\u00famero muito recente revela que a nossa recusa \u00e0s bases militares no pa\u00eds tem raz\u00e3o de ser&#8230; em n\u00fameros como este: O <a href=\"http:\/\/www.codhes.org\/\" target=\"_new\"> CODHES<\/a> revela que o n\u00famero de desaparecidos nos \u00faltimos tr\u00eas anos \u00e9 de 38.255, que se somam ao total de 100 mil desaparecidos nos \u00faltimos dez anos&#8230; verificando-se um aumento impressionante (&#8230;) O promotor anterior revelou, 15 dias antes de terminar o seu mandato, um n\u00famero que foi escalafriante e contudo passou desapercebido&#8230; 250 mil desaparecidos na Col\u00f4mbia nos \u00faltimos anos&#8230; Ou seja, n\u00f3s super\u00e1mos h\u00e1 muito esses n\u00fameros que com tanto pavor deram calafrios a muitas pessoas no mundo como o que ocorreu no Chile e na Argentina, mas que super\u00e1mos de maneira espantosa&#8221;.<\/p>\n<p><strong> 7. FOSSAS COMUNS DANTESCAS <\/strong><\/p>\n<p>&#8220;(&#8230;) Em cerca de duas semanas vamos receber os restos da maior fossa comum (&#8230;) a da Meta de la Sierra de la Macarena, com 2000 cad\u00e1veres nessa fossa comum, mas ao lado dessa fossa comum est\u00e1 a do Guaviare que segundo informa\u00e7\u00f5es \u00e9 inclusive muito maior que esta, e que est\u00e1 no territ\u00f3rio de uma base militar do ex\u00e9rcito na Col\u00f4mbia (&#8230;) ou seja, pode-se perguntar: &#8220;O que \u00e9 o que realmente est\u00e3o a apoiar estes governos&#8221; Que percep\u00e7\u00e3o t\u00eam do que realmente est\u00e1 a ocorrer no pa\u00eds&#8221; (minuto 08:29)<\/p>\n<p><strong> 8. DETEN\u00c7\u00d5ES ARBITR\u00c1RIAS, PRESOS POL\u00cdTICOS <\/strong><\/p>\n<p>&#8220;Para n\u00e3o falar da quantidade de deten\u00e7\u00f5es arbitr\u00e1rias e maci\u00e7as que se est\u00e3o a verificar permanentemente na Col\u00f4mbia; da quantidade de processados aos quais n\u00e3o se lhe tem em conta o processo devido, que permanecem anos e anos nos c\u00e1rceres&#8230; Os senhores devem conhecer a deten\u00e7\u00e3o do professor Miguel \u00c1ngela Beltr\u00e1n, sequestrado em outro pa\u00eds, e que at\u00e9 \u00e0 data n\u00e3o teve um julgamento que lhe permita defender-se realmente, pois \u00e9 condenado de antem\u00e3o e o que se faz \u00e9 um arremedo de julgamento, mas n\u00e3o h\u00e1 um julgamento que lhe d\u00ea a garantia ao devido processo&#8221; (minuto 09:07)<\/p>\n<p>&#8220;Os advogados que enfrentam o tema dos direitos humanos n\u00e3o t\u00eam m\u00e3os a medir&#8230; \u00e9 tanta a gente detida arbitrariamente que muitas pessoas n\u00e3o t\u00eam apoio para a sua defesa (&#8230;) entre outras raz\u00f5es porque o advogado que se atreve a defender qualquer destas pessoas detidas \u00e9 acusado tamb\u00e9m de ser &#8216;terrorista&#8217; e de pertencer ao ELN ou \u00e0s FARC&#8230; ou seja, \u00e9 um quadro realmente horripilante o que n\u00f3s vivemos&#8221;.<\/p>\n<p><strong> 9. O DAS: ESPIONAGEM, DESPREST\u00cdGIO, MONTAGENS, AUTO-ATENTADOS, ASSASSINATOS <\/strong><\/p>\n<p>&#8220;O esc\u00e2ndalo do DAS \u00e9 de uma magnitude t\u00e3o impressionante que aquilo que fez Nixon foi um jogo infantil em compara\u00e7\u00e3o com o que se passou na Col\u00f4mbia (&#8230;) Toda uma estrat\u00e9gia criminosa a partir do Estado, a partir dos servi\u00e7os de intelig\u00eancia&#8230; N\u00e3o s\u00f3 para fazer seguimentos a governos como o do Equador, Venezuela, Cuba (&#8230;) Como tamb\u00e9m toda uma estrat\u00e9gia para montar acusa\u00e7\u00f5es, para fazer marca\u00e7\u00f5es&#8230; para rebaixar a condi\u00e7\u00e3o de defensor de direitos humanos (&#8230;) Um estrat\u00e9gia absolutamente perversa que, h\u00e1 que dize-lo, deu muit\u00edssimos resultados&#8230; e digo isto como proleg\u00f3meno ao das bases militares (&#8230;) Foi-se gerando uma matriz de opini\u00e3o, foi-se preparando a opini\u00e3o p\u00fablica&#8221; (minuto 10;37)<\/p>\n<p>E mais adiante na interven\u00e7\u00e3o de Piedad C\u00f3rdoba:<\/p>\n<p>&#8220;seguimento da embaixada de Cuba&#8230; da embaixada da Venezuela&#8230;&#8221;<\/p>\n<p>&#8220;a DEA pagava a sede onde se faziam os seguimentos&#8221;.<\/p>\n<p><strong> 10. COMPUTADOR M\u00c1GICO QUE GERA &#8220;PROVAS&#8221; (minuto 12:00) <\/strong><\/p>\n<p>&#8220;Eu pessoalmente n\u00e3o pude saber qual \u00e9 a marca do computador de Reyes, apesar de ter de me defender perante o supremo tribunal (&#8230;) \u00c9 como a l\u00e2mpada de Aladino, cada vez que o senhor a fricciona sai a mensagem que o senhor precisa, na medida, no tamanho e na estatura da pessoa que o senhor pretenda incriminar&#8221;.<\/p>\n<p>&#8220;\u00c9 o computador mais estranho do mundo: tem dentro de si toda a esquerda do universo, n\u00e3o s\u00f3 da Col\u00f4mbia como tamb\u00e9m do universo (&#8230;) Se friccionarem um pouquinho esta semana v\u00e3o sair estudantes de Porto Rico&#8230;&#8221;<\/p>\n<p>&#8220;O preocupante disto, e digo-o em tom sat\u00edrico, \u00e9 que nenhum de n\u00f3s conhece o computador&#8230; ou seja, n\u00f3s que estamos no processo perante a o supremo tribunal, e que exigimos que o tragam par sabermos o que \u00e9 realmente o que apareceu no computador&#8230; Ningu\u00e9m sabe onde est\u00e1 o computador&#8230; O seja, o computador \u00e9 invis\u00edvel, aparece unicamente quando se necessita uma mensagem (&#8230;) mas isso sim, conseguiu fazer realmente dano frente ao respeito pelo processo devido (&#8230;) Fez muito dano em tudo o que significa direito opinar livremente&#8230; um dos maiores danos que se fizeram \u00e0 sociedade colombiana, a partir de uma inst\u00e2ncia da intelig\u00eancia do Estado (o DAS)&#8221;.<\/p>\n<p>&#8220;A partir de uma inst\u00e2ncia da intelig\u00eancia do Estado&#8230; um dos membros do DAS revela de que maneira se fez o seguimento \u00e0 embaixada de Cuba, de que forma se fez o seguimento da embaixada da Venezuela (&#8230;) Declara em testemunho juramentado perante a promotoria geral da na\u00e7\u00e3o que o DEA pagava, atrav\u00e9s da embaixada dos EUA, a casa, a sede a partir de onde se faziam todos os seguimentos&#8230; ou seja coisas que se podia prever, mas que muitas vezes as pessoas cr\u00eaem que isto faz parte da imagina\u00e7\u00e3o daqueles como n\u00f3s que estamos na oposi\u00e7\u00e3o, pois hoje pode-se comprovar de ci\u00eancia certa de que realmente existiram (&#8230;) como se fez toda uma estrat\u00e9gia de guerra suja ou propaganda negra&#8221;.<\/p>\n<p><strong> 11. MIS\u00c9RIA, EXCLUS\u00c3O E MENTIRAS <\/strong><\/p>\n<p>&#8220;(&#8230;) Muito tempo desenhando toda uma imagem que deu lugar a que a opini\u00e3o p\u00fablica considerasse que os inimigos da Col\u00f4mbia somos n\u00f3s que estamos na oposi\u00e7\u00e3o, n\u00f3s que assinalamos que na Col\u00f4mbia h\u00e1 um regime absolutamente injusto, excludente, que permite que haja 18 milh\u00f5es de pobres, 7 milh\u00f5es de indigentes, que haja gente que n\u00e3o come (&#8230;) Porque na Col\u00f4mbia se chove s\u00e3o as FARC e se faz sol \u00e9 Ch\u00e1vez, ou se faz sol s\u00e3o as FARC e se chove \u00e9 Ch\u00e1vez&#8230; ou seja, n\u00e3o h\u00e1 nada que se passe na Col\u00f4mbia que n\u00e3o lancem a culpa a Ch\u00e1vez ou \u00e0s FARC (&#8230;)<\/p>\n<p>&#8220;N\u00e3o h\u00e1 coisa mais surrealista do que dizer que as FARC est\u00e3o totalmente derrotadas e pretender que todos os dias apanham o chefe financeiro das FARC&#8230; ou seja, esse movimento tem algo como 700 chefes financeiros! &#8230; N\u00e3o h\u00e1 coisa mais surrealista que dizer que as FARC est\u00e3o totalmente derrotadas e ao mesmo tempo o ministro da defesa acabar de dizer que as FARC t\u00eam totalmente sob controle a regi\u00e3o do Cauca, no Sul do pa\u00eds (&#8230;) Ent\u00e3o eles pr\u00f3prios geraram todo este cen\u00e1rio para poderem instalar as bases militares (&#8230;) Toda esta pol\u00edtica foi a prepara\u00e7\u00e3o para que as pessoas pudessem tragar sem qualquer explica\u00e7\u00e3o a instala\u00e7\u00e3o de sete bases militares&#8221;.<\/p>\n<p><strong> 12. PARAMILITARISMO CONTRA HONDURAS E VENEZUELA <\/strong><\/p>\n<p>&#8220;A instala\u00e7\u00e3o de sete ou mais bases militares teve como pano de fundo gerar cen\u00e1rios que tornaram poss\u00edvel que o pa\u00eds considerasse que era v\u00e1lido invadir o territ\u00f3rio equatoriano, que era v\u00e1lido promover o paramilitarismo (&#8230;)&#8221;<\/p>\n<p>&#8220;Fazer toda uma Estrat\u00e9gia de Paramilitarismo que revelou que se pretendeu efectuar, a partir da Col\u00f4mbia atrav\u00e9s dos paramilitares, o golpe e o assassinato contra o presidente Ch\u00e1vez (&#8230;) que revelou al\u00e9m disso o ex\u00e9rcito paramilitar que se enviou a Honduras para garantir depois de dado o golpe de Estado que se mantivesse no terror a popula\u00e7\u00e3o hondurenha&#8230; Os senhores recordam que a popula\u00e7\u00e3o hondurenha come\u00e7ou a sair \u00e0s ruas, a participar&#8230; e de um momento para outro foi lan\u00e7ada para tr\u00e1s&#8230; foi porque chegou um ex\u00e9rcito de paramilitares a partir da Col\u00f4mbia&#8221;<\/p>\n<p>&#8220;Chegou a Honduras um ex\u00e9rcito paramilitar da Col\u00f4mbia&#8221;<\/p>\n<p>&#8220;Quando se conseguiu o controle e se conseguiu consolidar o golpe de Estado nas Honduras, e que se permitiu al\u00e9m disso a elei\u00e7\u00e3o do actual presidente golpista, o senhor Lobo&#8230; o sr. Santos diz: n\u00f3s ganh\u00e1mos uma batalha mas n\u00e3o ganh\u00e1mos a guerra, porque a guerra significa derrubar Ch\u00e1vez&#8221;.<\/p>\n<p><strong> 13. SETE BASES MILITARES DOS EUA NA COL\u00d4MBIA: EXTRATERRITORIALIDADE DA GUERRA CONTRA A AM\u00c9RICA LATINA <\/strong><\/p>\n<p>&#8220;Nunca se deu o debate acerca das bases&#8230; instaladas sob pretexto de combater o narcotr\u00e1fico&#8221; (&#8230;) e aqui fa\u00e7a um pequeno desvio: Combater qual narcotr\u00e1fico?&#8221;<\/p>\n<p>&#8220;A senadora Gloria Ram\u00edrez, do partido comunista, d\u00e1 conta da localiza\u00e7\u00e3o de cada uma das bases num debate que inclusive est\u00e1 na Internet (&#8230;)&#8221;<\/p>\n<p>&#8220;Cada uma destas bases est\u00e1 situada onde h\u00e1 projectos estrat\u00e9gicos importantes, recursos estrat\u00e9gicos, onde h\u00e1 recursos naturais importantes (&#8230;) As bases n\u00e3o t\u00eam nada a ver com a luta contra o narcotr\u00e1fico&#8230; muito pelo contr\u00e1rio: O conflito colombiano \u00e9 uma elemento de extraterritorialidade da guerra frente a Am\u00e9rica Latina e frente a outros pa\u00edses do mundo&#8230; Por isso o n\u00e3o reconhecimento de que na Col\u00f4mbia existe um conflito social e armado n\u00e3o se destina simplesmente a considerar as FARC e o ELN s\u00e3o um grupo de fac\u00ednoras e sim que obviamente por tr\u00e1s disso (o n\u00e3o reconhecimento) h\u00e1 toda uma pretens\u00e3o com car\u00e1cter de domina\u00e7\u00e3o pol\u00edtica, militar, hegem\u00f3nica, para expandir a guerra rumo \u00e0 Am\u00e9rica Latina&#8230;&#8221;<\/p>\n<p>&#8220;Contraven\u00e7\u00e3o \u00e0 soberania nacional (&#8230;) A lei existe mas n\u00e3o se aplica: isso tem sido muito recorrente durante os oito anos da ditadura constitucional de Uribe, ou seja, o conceito pr\u00e9vio do Conselho de Estado era um requisito para a instala\u00e7\u00e3o da bases militares (N\u00e3o foi consultado) (&#8230;) converter o territ\u00f3rio num territ\u00f3rio de ocupa\u00e7\u00e3o estrangeira&#8221;<\/p>\n<p>&#8220;O tema das bases militares \u00e9 supremamente indignante porque tem a ver n\u00e3o s\u00f3 com soberania popular como tamb\u00e9m com a soberania jur\u00eddica (&#8230;) h\u00e1 algo semelhante com a perda de soberania que se d\u00e1 no tema da extradi\u00e7\u00e3o (&#8230;) n\u00f3s renunci\u00e1mos \u00e0 nossa soberania jur\u00eddica para aplicar uma jurisdi\u00e7\u00e3o que est\u00e1 totalmente relacionada com os interesses hegem\u00f3nicos em termos do que tem a ver com a soberania dos recursos, com a nova forma de intelig\u00eancia que se d\u00e1 nos EUA partir do 11 de Setembro quando tomam a decis\u00e3o de levantar as 800 bases militares no mundo&#8230; Mas sobretudo pela capacidade que tem um porta-avi\u00e3o de transportar quantidades de ur\u00e2nio sem ter de abastecer combust\u00edvel, a capacidade fazer intelig\u00eancia a partir dessas bases militares (&#8230;) \u00e9 a inten\u00e7\u00e3o da instala\u00e7\u00e3o das bases militares, que foram al\u00e9m disso presenteadas (&#8230;) um presidente que disse aos Estados Unidos&#8230; querem 7, querem 14, aceitamos 15 (&#8230;) quantas querem?&#8221;<\/p>\n<p><strong> 14. EXTRADI\u00c7\u00c3O PARA SILENCIAR A VERDADE <\/strong><\/p>\n<p>&#8220;Quando extraditaram os 14 chefes paramilitares, n\u00f3s que nos op\u00fanhamos opunham categoricamente \u00e0 Lei de Justi\u00e7a e Paz, opusemo-nos tamb\u00e9m \u00e0 sua extradi\u00e7\u00e3o, porque esses chefes paramilitares haviam denunciado a participa\u00e7\u00e3o do Estado no narcotr\u00e1fico e delitos de lesa humanidade, e ao que significa uma paramilitariza\u00e7\u00e3o total do Estado colombiano&#8230;&#8221;<\/p>\n<p><strong> 15. MASS-MEDIA C\u00daMPLICES <\/strong><\/p>\n<p>&#8220;Toda uma estrat\u00e9gia a partir dos meios de comunica\u00e7\u00e3o dos quais haveria que falar: jamais os meios de comunica\u00e7\u00e3o abriram sequer um debate frente \u00e0 pertin\u00eancia da instala\u00e7\u00e3o ou n\u00e3o das bases militares em territ\u00f3rio colombiano, da ocupa\u00e7\u00e3o militar da Col\u00f4mbia&#8221;.<\/p>\n<p>&#8220;A pol\u00edtica de Seguridad Democr\u00e1tica \u00e9 um fracasso total&#8230; ningu\u00e9m pode dizer que a pol\u00edtica tem que (&#8230;) vestir de guerrilheiros os camponeses, assassin\u00e1-los e mostr\u00e1-los como &#8220;positivos&#8221; do ex\u00e9rcito!&#8230; Por isso chamam-se &#8220;falsos positivos&#8221; (&#8230;) para que os militares recebam o dinheiro que a coopera\u00e7\u00e3o internacional d\u00e1 \u00e0 Col\u00f4mbia para &#8216;combater o terrorismo&#8217; &#8220;.<\/p>\n<p>&#8220;Pergunto-me: o terrorismo? mas qual?&#8230; o que fazem as pessoas que est\u00e3o a morrer de fome, que n\u00e3o t\u00eam emprego, que n\u00e3o podem entrar na universidade, que n\u00e3o podem estudar?&#8230; Ou terrorismo \u00e9 o que faz o Estado ao fazer esse tipo de alian\u00e7as e de instala\u00e7\u00e3o de bases militares no pa\u00eds?&#8221;<\/p>\n<p>&#8220;N\u00e3o foi ganha a &#8216;luta contra o narcotr\u00e1fico&#8217;&#8230; A comunidade mundial tem que come\u00e7ar a olhar de que maneira procuramos uma sa\u00edda com ela para que se acabe o narcotr\u00e1fico ou legaliz\u00e1-lo em menos tempo do que canta um galo&#8221;.<\/p>\n<p><strong> 16. &#8220;AS FARC E O ELN T\u00caM DE SER RETIRADOS DA LISTA DE TERRORISTAS&#8221; <\/strong><\/p>\n<p>&#8220;Creio que uma das decis\u00f5es que temos de tomar (e certamente isto vai ser tomado como base para a investiga\u00e7\u00e3o que faz o Sr. Procurador na Col\u00f4mbia) \u00e9 que as FARC e o ELN t\u00eam que ser retirados da lista de &#8220;terroristas&#8221; para que possamos avan\u00e7ar rumo \u00e0 discuss\u00e3o da sa\u00edda pol\u00edtica e negociada do conflito&#8230; N\u00f3s n\u00e3o podemos aceitar per se que &#8220;o terrorismo&#8221; na Col\u00f4mbia se designe a um grupo de colombianas e colombianos que se levantaram em armas porque na Col\u00f4mbia n\u00e3o h\u00e1 possibilidade nem para o debate nem para a discuss\u00e3o&#8230;&#8221;<\/p>\n<p><strong> 17. A FAL\u00c1CIA DA &#8220;LUTA CONTRA O NARCOTR\u00c1FICO&#8221; E A OFENSA \u00c0 SOBERANIA DA COL\u00d5MBIA <\/strong><\/p>\n<p>&#8220;Algo que para n\u00f3s \u00e9 doloroso e merece rep\u00fadio total \u00e9 que haja n\u00e3o s\u00f3 sete como quem sabe quantas bases militares com o argumento de fazer o que n\u00e3o somos capazes de fazer e que eles (Estados Unidos) n\u00e3o v\u00e3o fazer jamais (&#8230;) Eles (EUA) acreditam que p\u00f5em o nariz e n\u00f3s pomos a coca\u00edna&#8230; ou seja, por onde entra nos Estados Unidos? &#8230; Parece que os guardas de fronteira por l\u00e1 s\u00e3o invis\u00edveis, ou quando entra a coca\u00edna eles desmaiam ou eu n\u00e3o sei o que se passa&#8230; Mas: as corrup\u00e7\u00e3o n\u00e3o ser\u00e1 sen\u00e3o deste lado e l\u00e1 n\u00e3o haver\u00e1 corrup\u00e7\u00e3o?! (&#8230;) Poder\u00edamos n\u00f3s igualmente estabelecer uma base militar em Manhattan ou em Miami (&#8230;)?&#8221;<\/p>\n<p><strong> 18. A ESPANHA ALIMENTA A GUERRA NA COL\u00d4MBIA PARA DEFENDER OS INTERESSES ECON\u00d3MICOS DE MULTINACIONAIS <\/strong><\/p>\n<p>&#8220;Um pa\u00eds como a Espanha amanha pode aprovar uma lei como a do Arizona e isso \u00e9 uma derrota para a humanidade (&#8230;) Como nos d\u00f3i, nos ofende, que a Espanha possa dizer que tem tantos interesses comerciais e econ\u00f3micos que vale a pena continuar a apoiar a &#8220;luta contra o terrorismo que se exprime nas FARC&#8221; &#8230; e que isto se fa\u00e7a pura e simplesmente para a defesa dos seus interesses econ\u00f3micos e comerciais, dos interesses das multinacionais (&#8230;) chegar\u00e1 o dia em que algum dos seus interesses saia &#8230; que saiam perdendo lucros porque o povo colombiano cada vez mais se levanta contra esta opress\u00e3o e porque cada vez mais somos conscientes de que somos unidos na Am\u00e9rica Latina(&#8230;)&#8221;<\/p>\n<p><strong> 19. OS MARINES USA T\u00caM IMUNIDADE PARA VIOLAR, PARA COMETER QUALQUER CRIME <\/strong><\/p>\n<p>&#8220;H\u00e1 que estar contra as bases militares porque al\u00e9m disso nem sequer lhes podemos aplicar a jurisdi\u00e7\u00e3o penal colombiana (aos marines), eles podem violar as nossas meninas (&#8230;) e n\u00e3o se passa absolutamente nada&#8230;&#8221;<\/p>\n<p><strong> 20. &#8220;PROCURAR QUE A EUROPA RETIRE DA LISTA DE TERRORISTAS OS NOSSOS IRM\u00c3OS COLOMBIANOS QUE SE LEVANTARAM EM ARMAS&#8221;(&#8230;) <\/strong><\/p>\n<p>&#8220;(&#8230;) A busca da constru\u00e7\u00e3o de cen\u00e1rios da negocia\u00e7\u00e3o, e \u00e9 muito importante a UNASUR, e por isso vamos apelar a estas novas institui\u00e7\u00f5es da democracia da Am\u00e9rica Latina para procurar uma sa\u00edda&#8230;&#8221;<\/p>\n<p>&#8220;Procurar que a Europa retire da lista de terroristas nossos irm\u00e3os colombianos que se levantaram em armas porque para a sociedade colombiana \u00e9 muito mais importante de uma caixa forte, porque para muitos sectores da sociedade do mundo \u00e9 muito mais importante cuidar de uma caixa forte do que da vida de um ser humano&#8221;.<\/p>\n<p>&#8220;A presen\u00e7a das bases militares na Col\u00f4mbia \u00e9 um desrespeito \u00e0 dignidade, n\u00e3o s\u00f3 como colombianas ou como colombianos, mas tamb\u00e9m como seres humanos&#8221;.<\/p>\n<div>17\/Maio\/2010<\/div>\n<p><strong>[*] Senadora colombiana, do Partido Liberal. Seu s\u00edtio web: <a href=\"http:\/\/www.piedadcordoba.net\/\" target=\"_new\"> http:\/\/www.piedadcordoba.net\/<\/a> <\/strong><\/p>\n<p><strong> O original encontra-se em <a href=\"http:\/\/www.resumenlatinoamericano.org\/\" target=\"_new\"> www.resumenlatinoamericano.org<\/a> , N\u00ba 2203 (as defici\u00eancias do texto devem-se ao pr\u00f3prio original). <\/strong><\/p>\n<p><strong> Esta transcri\u00e7\u00e3o encontra-se em http:\/\/resistir.info\/colombia\/p_cordoba_15mai10.html<\/strong><\/p>\n<p>{jcomments on}<\/p>\n","protected":false},"excerpt":{"rendered":"\n\n\nCr\u00e9dito: Resistir.info\n\n\n\n\n por Piedad Cordoba [*] \n<a class=\"moretag\" href=\"https:\/\/pcb.org.br\/portal2\/485\"> <\/a>","protected":false},"author":1,"featured_media":0,"comment_status":"open","ping_status":"open","sticky":false,"template":"","format":"standard","meta":{"jetpack_post_was_ever_published":false,"_jetpack_newsletter_access":"","_jetpack_dont_email_post_to_subs":false,"_jetpack_newsletter_tier_id":0,"_jetpack_memberships_contains_paywalled_content":false,"_jetpack_memberships_contains_paid_content":false,"footnotes":"","jetpack_publicize_message":"","jetpack_publicize_feature_enabled":true,"jetpack_social_post_already_shared":false,"jetpack_social_options":{"image_generator_settings":{"template":"highway","default_image_id":0,"font":"","enabled":false},"version":2}},"categories":[34],"tags":[],"class_list":["post-485","post","type-post","status-publish","format-standard","hentry","category-c39-colombia"],"jetpack_publicize_connections":[],"jetpack_featured_media_url":"","jetpack_shortlink":"https:\/\/wp.me\/p659gw-7P","jetpack-related-posts":[],"jetpack_likes_enabled":true,"jetpack_sharing_enabled":true,"_links":{"self":[{"href":"https:\/\/pcb.org.br\/portal2\/wp-json\/wp\/v2\/posts\/485","targetHints":{"allow":["GET"]}}],"collection":[{"href":"https:\/\/pcb.org.br\/portal2\/wp-json\/wp\/v2\/posts"}],"about":[{"href":"https:\/\/pcb.org.br\/portal2\/wp-json\/wp\/v2\/types\/post"}],"author":[{"embeddable":true,"href":"https:\/\/pcb.org.br\/portal2\/wp-json\/wp\/v2\/users\/1"}],"replies":[{"embeddable":true,"href":"https:\/\/pcb.org.br\/portal2\/wp-json\/wp\/v2\/comments?post=485"}],"version-history":[{"count":0,"href":"https:\/\/pcb.org.br\/portal2\/wp-json\/wp\/v2\/posts\/485\/revisions"}],"wp:attachment":[{"href":"https:\/\/pcb.org.br\/portal2\/wp-json\/wp\/v2\/media?parent=485"}],"wp:term":[{"taxonomy":"category","embeddable":true,"href":"https:\/\/pcb.org.br\/portal2\/wp-json\/wp\/v2\/categories?post=485"},{"taxonomy":"post_tag","embeddable":true,"href":"https:\/\/pcb.org.br\/portal2\/wp-json\/wp\/v2\/tags?post=485"}],"curies":[{"name":"wp","href":"https:\/\/api.w.org\/{rel}","templated":true}]}}