{"id":487,"date":"2010-05-21T15:55:13","date_gmt":"2010-05-21T15:55:13","guid":{"rendered":"http:\/\/pcb.org.br\/portal2\/?p=487"},"modified":"2010-05-21T15:55:13","modified_gmt":"2010-05-21T15:55:13","slug":"1o-de-maio-em-havana","status":"publish","type":"post","link":"https:\/\/pcb.org.br\/portal2\/487","title":{"rendered":"1o de maio em Havana"},"content":{"rendered":"\n<p>O dia 1 de maio \u00e9 um dia especial para os trabalhadores do mundo, um dia de lutas, resist\u00eancia e esperan\u00e7a. Sendo assim para os cubanos \u00e9 dia de recordar os her\u00f3is do povo, fortalecer a unidade revolucion\u00e1ria e solidarizar-se com as lutas dos trabalhadores por todo mundo. \u00c9 nesta p\u00e1tria socialista tamb\u00e9m um dia de festa e de alegria de um povo livre e soberano. Nossa Juventude Comunista esteve presente no 1<sup>o<\/sup> de Maio da capital cubana, participando junto aos quase 1 milh\u00e3o de cubanos e seguindo o lema hist\u00f3rica de <em>Uni\u00f3n de J\u00f3venes Comunistas<\/em> de Cuba: <em>Estudo, Trabalho e Fuzil!<\/em><\/p>\n<p>Neste 2010 o 1<sup>o<\/sup> de maio foi ainda mais importante para os trabalhadores cubanos, j\u00e1 que o imperialismo vem travando uma forte batalha ideol\u00f3gica, baseada em mentiras e manipula\u00e7\u00f5es grotescas, contra a revolu\u00e7\u00e3o cubano e seu her\u00f3ico povo. Os cubanos responderam com mais unidade que nunca, organiza\u00e7\u00e3o e verdade, em que a alegria continua sendo regada pela esperan\u00e7a de um mundo socialista.<\/p>\n<p>Nossa UJC buscou contribuir modestamente nesta grande marcha, ajudando na organiza\u00e7\u00e3o dos estudantes da Escola Latino Americana de Medicina &#8211; ELAM, pintando faixas e empolgando com palavras de ordem de solidariedade a Cuba, aos 5 her\u00f3is cubanos, pela revolu\u00e7\u00e3o latino americano e pelo socialismo.<\/p>\n<p><strong>Viva a Revolu\u00e7\u00e3o Cubana!<\/strong><\/p>\n<p><strong>Fora imperialismo da Am\u00e9rica Latina!<\/strong><\/p>\n<p><strong>Viva o 1 de maio e a resist\u00eancia dos trabalhadores em todo mundo!<\/strong><\/p>\n<p><strong>Fonte: <a href=\"http:\/\/coletivopaulopetry.blogspot.com\/2010\/05\/1o-de-maio-em-havana_20.html\" target=\"_blank\">Coletivo Paulo Petry<\/a><\/strong> (N\u00facleo da Uni\u00e3o da Juventude Comunista\/UJC composto por estudantes de medicina em Cuba, da Escola Latino Americana de Medicina e da Escola Presidente Allende. Por um sistema de saude humano e popular! Viva a UJC! Viva o Partido Comunista Brasileiro!)<\/p>\n","protected":false},"excerpt":{"rendered":"\n\n\nCr\u00e9dito: PCB\nClique aqui para ver mais fotos&#8230;\n\n\n\n\n\u201cA trabajar duro por la revoluci\u00f3n\u201d\n<a class=\"moretag\" href=\"https:\/\/pcb.org.br\/portal2\/487\"> <\/a>","protected":false},"author":1,"featured_media":0,"comment_status":"open","ping_status":"open","sticky":false,"template":"","format":"standard","meta":{"jetpack_post_was_ever_published":false,"_jetpack_newsletter_access":"","_jetpack_dont_email_post_to_subs":false,"_jetpack_newsletter_tier_id":0,"_jetpack_memberships_contains_paywalled_content":false,"_jetpack_memberships_contains_paid_content":false,"footnotes":"","jetpack_publicize_message":"","jetpack_publicize_feature_enabled":true,"jetpack_social_post_already_shared":false,"jetpack_social_options":{"image_generator_settings":{"template":"highway","default_image_id":0,"font":"","enabled":false},"version":2}},"categories":[47],"tags":[],"class_list":["post-487","post","type-post","status-publish","format-standard","hentry","category-c57-revolucao-cubana"],"jetpack_publicize_connections":[],"jetpack_featured_media_url":"","jetpack_shortlink":"https:\/\/wp.me\/p659gw-7R","jetpack-related-posts":[],"jetpack_likes_enabled":true,"jetpack_sharing_enabled":true,"_links":{"self":[{"href":"https:\/\/pcb.org.br\/portal2\/wp-json\/wp\/v2\/posts\/487","targetHints":{"allow":["GET"]}}],"collection":[{"href":"https:\/\/pcb.org.br\/portal2\/wp-json\/wp\/v2\/posts"}],"about":[{"href":"https:\/\/pcb.org.br\/portal2\/wp-json\/wp\/v2\/types\/post"}],"author":[{"embeddable":true,"href":"https:\/\/pcb.org.br\/portal2\/wp-json\/wp\/v2\/users\/1"}],"replies":[{"embeddable":true,"href":"https:\/\/pcb.org.br\/portal2\/wp-json\/wp\/v2\/comments?post=487"}],"version-history":[{"count":0,"href":"https:\/\/pcb.org.br\/portal2\/wp-json\/wp\/v2\/posts\/487\/revisions"}],"wp:attachment":[{"href":"https:\/\/pcb.org.br\/portal2\/wp-json\/wp\/v2\/media?parent=487"}],"wp:term":[{"taxonomy":"category","embeddable":true,"href":"https:\/\/pcb.org.br\/portal2\/wp-json\/wp\/v2\/categories?post=487"},{"taxonomy":"post_tag","embeddable":true,"href":"https:\/\/pcb.org.br\/portal2\/wp-json\/wp\/v2\/tags?post=487"}],"curies":[{"name":"wp","href":"https:\/\/api.w.org\/{rel}","templated":true}]}}