{"id":4872,"date":"2013-05-27T16:29:51","date_gmt":"2013-05-27T16:29:51","guid":{"rendered":"http:\/\/pcb.org.br\/portal2\/?p=4872"},"modified":"2013-05-27T16:29:51","modified_gmt":"2013-05-27T16:29:51","slug":"endividamento-dos-brasileiros-bate-novo-recorde-no-1o-trimestre","status":"publish","type":"post","link":"https:\/\/pcb.org.br\/portal2\/4872","title":{"rendered":"Endividamento dos brasileiros bate novo recorde no 1\u00ba trimestre"},"content":{"rendered":"\n<p>\u00a0<\/p>\n<p class=\"MsoNormal\" style=\"margin-bottom: .0001pt; line-height: normal;\"><span style=\"font-size: 10.5pt; font-family: \">Segundo o BC, parte do aumento do endividamento nos \u00faltimos anos est\u00e1 ligada ao cr\u00e9dito habitacional. Se forem exclu\u00eddas as d\u00edvidas com a compra de im\u00f3veis, o endividamento fica em 30,48% da renda em mar\u00e7o, ante 30,54% em fevereiro. Em mar\u00e7o do ano passado, estava em 31,17%. Na \u00faltima sexta-feira, ao divulgar os dados sobre o cr\u00e9dito em abril, o chefe do Departamento Econ\u00f4mico do BC, Tulio Maciel, afirmou que muitas fam\u00edlias est\u00e3o substituindo o pagamento do aluguel (que n\u00e3o entra na estat\u00edstica da institui\u00e7\u00e3o sobre d\u00edvidas) pelo financiamento habitacional, um endividamento de longo prazo, com juros mais baixos e que significa aumento de patrim\u00f4nio.<\/span><\/p>\n<p class=\"MsoNormal\" style=\"margin-bottom: .0001pt; line-height: normal;\"><span style=\"font-size: 10.5pt; font-family: \">O BC tamb\u00e9m divulgou n\u00fameros sobre o comprometimento de renda dos brasileiros, que considera dados mensais de renda e presta\u00e7\u00f5es pagas aos bancos. As presta\u00e7\u00f5es correspondiam, no terceiro m\u00eas do ano, a 21,66% da renda mensal dos trabalhadores, ante 21,84% em fevereiro (dado revisado). Tamb\u00e9m houve queda em rela\u00e7\u00e3o a mar\u00e7o de 2012, quando o comprometimento estava em 22,91% da renda. Se forem retirados da conta os financiamentos habitacionais, o comprometimento da renda mensal fica em 20,06% em mar\u00e7o de 2013, ante 20,24% em fevereiro.<\/span><\/p>\n<p class=\"MsoNormal\" style=\"margin-bottom: .0001pt; line-height: normal;\"><span style=\"font-size: 10.5pt; font-family: \"> <\/span><\/p>\n<p class=\"MsoNormal\" style=\"margin-bottom: .0001pt; line-height: normal;\"><span style=\"font-size: 10.5pt; font-family: \">___________________________________________________________<\/span><\/p>\n<p class=\"MsoNormal\" style=\"margin-bottom: .0001pt; line-height: normal;\"><span style=\"font-size: 10.5pt; font-family: \"> <\/span><\/p>\n<p class=\"MsoNormal\" style=\"margin-bottom: .0001pt; line-height: normal;\"><strong><span style=\"font-size: 10.5pt; font-family: \">Categorias v\u00e3o buscar aumento real no segundo semestre<\/span><\/strong><\/p>\n<p class=\"MsoNormal\" style=\"margin-bottom: .0001pt; line-height: normal;\"><em><span style=\"font-size: 10.5pt; font-family: \">O Estado de S. Paulo<\/span><\/em><\/p>\n<p class=\"MsoNormal\" style=\"margin-bottom: .0001pt; line-height: normal;\"><span style=\"font-size: 10.5pt; font-family: \"> <\/span><\/p>\n<p class=\"MsoNormal\" style=\"margin-bottom: .0001pt; line-height: normal;\"><span style=\"font-size: 10.5pt; font-family: \">Apesar do cen\u00e1rio de baixo crescimento e infla\u00e7\u00e3o alta, os principais sindicatos v\u00e3o pedir aumento real nas negocia\u00e7\u00f5es salariais do segundo semestre, que concentra a data-base de categorias importantes como banc\u00e1rios, metal\u00fargicos e petroleiros. A disposi\u00e7\u00e3o para greves \u00e9 firme, mas h\u00e1 sindicatos confiantes no ganho real sem paralisa\u00e7\u00e3o. As centrais sindicais trabalham para encerrar o primeiro semestre com bons acordos para garantir negocia\u00e7\u00f5es positivas no resto do ano.<\/span><\/p>\n<p class=\"MsoNormal\" style=\"margin-bottom: .0001pt; line-height: normal;\"><span style=\"font-size: 10.5pt; font-family: \">A expectativa do Departamento Intersindical de Estat\u00edstica e Estudos Socioecon\u00f4micos (Dieese) \u00e9 que o cen\u00e1rio seja parecido ao de 2012, quando 94,6% das categorias obtiveram ganho real. &#8220;O porcentual deve continuar na faixa de 1% a 3% de ganho real&#8221;, diz o diretor do Dieese, Clemente Ganz L\u00facio. &#8220;N\u00e3o creio que tenha algo que justifique mudan\u00e7a desta performance. A infla\u00e7\u00e3o n\u00e3o fugiu do controle e a economia n\u00e3o apresenta crescimento espetacular, nem recess\u00e3o.&#8221;<\/span><\/p>\n<p class=\"MsoNormal\" style=\"margin-bottom: .0001pt; line-height: normal;\"><span style=\"font-size: 10.5pt; font-family: \">Para o secret\u00e1rio-geral da For\u00e7a Sindical, Jo\u00e3o Carlos Gon\u00e7alves, o desemprego em baixa deve refor\u00e7ar a tend\u00eancia de greve. &#8220;Onde n\u00e3o tem acordo, a tend\u00eancia \u00e9 que acirre as greves&#8221;. Ele ressalta que no in\u00edcio do ano v\u00e1rias categorias fecharam acordo ap\u00f3s paralisa\u00e7\u00f5es e cita os metal\u00fargicos de Gravata\u00ed (RS), a constru\u00e7\u00e3o civil da baixada santista e a da capital paulista.<\/span><\/p>\n<p class=\"MsoNormal\" style=\"margin-bottom: .0001pt; line-height: normal;\"><span style=\"font-size: 10.5pt; font-family: \">Ele pondera que a infla\u00e7\u00e3o em alta dificulta a busca por ganho real. &#8220;Est\u00e1 mais dif\u00edcil, mas a orienta\u00e7\u00e3o \u00e9 que as categorias busquem o aumento para fortalecer o mercado interno&#8221;.<\/span><\/p>\n<p class=\"MsoNormal\" style=\"margin-bottom: .0001pt; line-height: normal;\"><span style=\"font-size: 10.5pt; font-family: \">&#8220;N\u00e3o podemos deixar de lutar para repor a infla\u00e7\u00e3o e buscar aumento real para todas as categorias&#8221;, concorda o presidente da Central \u00danica dos Trabalhadores de S\u00e3o Paulo (CUT-SP), Adi dos Santos Lima. Para ele, \u00e9 importante avaliar os \u00faltimos per\u00edodos do mercado e n\u00e3o s\u00f3 a conjuntura atual.<\/span><\/p>\n<p class=\"MsoNormal\" style=\"margin-bottom: .0001pt; line-height: normal;\"><span style=\"font-size: 10.5pt; font-family: \">&#8220;A ind\u00fastria, o com\u00e9rcio, os bancos nesses \u00faltimos anos ganharam muito dinheiro e tiveram incentivos com o governo desonerando a folha de pagamento e reduzindo imposto&#8221;, lembra. Adi acredita em menos greves neste ano. &#8220;N\u00e3o haver\u00e1 necessidade, mas se houver os trabalhadores v\u00e3o pressionar&#8221;.<\/span><\/p>\n<p class=\"MsoNormal\" style=\"margin-bottom: .0001pt; line-height: normal;\"><span style=\"font-size: 10.5pt; font-family: \"> <\/span><\/p>\n<p class=\"MsoNormal\" style=\"margin-bottom: .0001pt; line-height: normal;\"><span style=\"font-size: 10.5pt; font-family: \">___________________________________________________________<\/span><\/p>\n<p class=\"MsoNormal\" style=\"margin-bottom: .0001pt; line-height: normal;\"><span style=\"font-size: 10.5pt; font-family: \"> <\/span><\/p>\n<p class=\"MsoNormal\" style=\"margin-bottom: .0001pt; line-height: normal;\"><strong><span style=\"font-size: 10.5pt; font-family: \">Em meio \u00e0 crise, crescimento da \u00c1frica se destaca<\/span><\/strong><\/p>\n<p class=\"MsoNormal\" style=\"margin-bottom: .0001pt; line-height: normal;\"><em><span style=\"font-size: 10.5pt; font-family: \">O Estado de S. Paulo<\/span><\/em><\/p>\n<p class=\"MsoNormal\" style=\"margin-bottom: .0001pt; line-height: normal;\"><span style=\"font-size: 10.5pt; font-family: \"> <\/span><\/p>\n<p class=\"MsoNormal\" style=\"margin-bottom: .0001pt; line-height: normal;\"><span style=\"font-size: 10.5pt; font-family: \">No fim de semana, governo brasileiro deu um f\u00f4lego para a economia de 12 pa\u00edses africanos ao perdoar US$ 879 milh\u00f5es em d\u00edvidas<\/span><\/p>\n<p class=\"MsoNormal\" style=\"margin-bottom: .0001pt; line-height: normal;\"><span style=\"font-size: 10.5pt; font-family: \">Enquanto a crise assola a Europa, abala os Estados Unidos e transborda no Brasil, a \u00c1frica cresce &#8211; e quer crescer ainda mais. Se em 1963, quando foi criada em plena Guerra Fria a Organiza\u00e7\u00e3o da Unidade Africana (OUA), falava-se em libertar a regi\u00e3o dos vest\u00edgios do imperialismo europeu e promover a integra\u00e7\u00e3o continental, hoje, o foco da agora intitulada Uni\u00e3o Africana \u00e9 disseminar pol\u00edticas de desenvolvimento na regi\u00e3o, substituir corrup\u00e7\u00e3o por boas formas de governan\u00e7a e garantir o bem-estar dos africanos.<\/span><\/p>\n<p class=\"MsoNormal\" style=\"margin-bottom: .0001pt; line-height: normal;\"><span style=\"font-size: 10.5pt; font-family: \">O continente encara o desafio de se livrar de mazelas n\u00e3o superadas, como fome, guerras, aids, e n\u00e3o deixar que esse progresso fique \u00e0 margem da popula\u00e7\u00e3o.<\/span><\/p>\n<p class=\"MsoNormal\" style=\"margin-bottom: .0001pt; line-height: normal;\"><span style=\"font-size: 10.5pt; font-family: \">&#8220;N\u00f3s consideramos que h\u00e1 um renascimento africano nos \u00faltimos anos, at\u00e9 na \u00faltima d\u00e9cada. Esse renascimento africano \u00e9 respons\u00e1vel por taxas expressivas de crescimento na \u00c1frica, com avalia\u00e7\u00f5es do Fundo Monet\u00e1rio Internacional (FMI) mostrando que entre os pa\u00edses que mais v\u00e3o crescer est\u00e3o os pa\u00edses africanos&#8221;, comentou a presidente Dilma Rousseff no s\u00e1bado, durante entrevista em Adis Abeba, capital da Eti\u00f3pia, nas celebra\u00e7\u00f5es dos 50 anos da Uni\u00e3o Africana.<\/span><\/p>\n<p class=\"MsoNormal\" style=\"margin-bottom: .0001pt; line-height: normal;\"><span style=\"font-size: 10.5pt; font-family: \">O Brasil deu um f\u00f4lego para a economiade 12 pa\u00edses africanos no fim de semana, ao perdoar US$ 879 milh\u00f5es em d\u00edvidas. Receberam o perd\u00e3o, Costa do Marfim, Gab\u00e3o, Rep\u00fablica da Guin\u00e9, Guin\u00e9 Bissau, Maurit\u00e2nia, Rep\u00fablica Democr\u00e1tica do Congo, Rep\u00fablica do Congo, S\u00e3o Tom\u00e9 e Pr\u00edncipe, Senegal, Sud\u00e3o, Tanz\u00e2nia e Z\u00e2mbia.<\/span><\/p>\n<p class=\"MsoNormal\" style=\"margin-bottom: .0001pt; line-height: normal;\"><span style=\"font-size: 10.5pt; font-family: \">Sediada na capital et\u00edope, a uni\u00e3o se localiza em um suntuoso pr\u00e9dio de US$ 200 milh\u00f5es &#8211; bancado integralmente pelo governo chin\u00eas -, que dever\u00e1 ter em breve por um hotel de luxo para abrigar as delega\u00e7\u00f5es estrangeiras. \u00c9 mais uma imagem das mudan\u00e7as na Eti\u00f3pia, um dos pa\u00edses que mais crescem no mundo. O FMI prev\u00ea uma alta de 6,5% no PIB neste ano, e mais 6,5% no pr\u00f3ximo.<\/span><\/p>\n<p class=\"MsoNormal\" style=\"margin-bottom: .0001pt; line-height: normal;\"><strong><span style=\"font-size: 10.5pt; font-family: \">Liga\u00e7\u00e3o direta<\/span><\/strong><\/p>\n<p class=\"MsoNormal\" style=\"margin-bottom: .0001pt; line-height: normal;\"><span style=\"font-size: 10.5pt; font-family: \">No pa\u00eds, h\u00e1 edif\u00edcios brotando a cada esquina, t\u00e9cnicas agr\u00edcolas mais avan\u00e7adas sendo aplicadas, poeira por todos os lados e contrastes sociais ainda acentuados. A Ethiopian Airlines, cujo slogan \u00e9 &#8220;O novo esp\u00edrito da \u00c1frica&#8221;, far\u00e1, a partir de julho, voos ligando a capital et\u00edope a S\u00e3o Paulo e Rio de Janeiro.<\/span><\/p>\n<p class=\"MsoNormal\" style=\"margin-bottom: .0001pt; line-height: normal;\"><span style=\"font-size: 10.5pt; font-family: \">&#8220;A cria\u00e7\u00e3o da Uni\u00e3o Africana em 2002 foi um marco impor-tante,pois significa que o continente soube dar uma nova cara e estrutura pro \u00f3rg\u00e3o continental. O foco passou a ser o desenvolvimento e o crescimento econ\u00f4mico, infraestrutura, luta contra a pobreza&#8221;, avaliou o ministro Nedilson Ricardo Jorge, diretor do Departamento \u00c1frica do Minist\u00e9rio das Rela\u00e7\u00f5es Exteriores. &#8220;A UA tamb\u00e9m tem tido umpapel importante na defesa da ordem constitucional, com uma pol\u00edtica bastante rigorosa de toler\u00e2ncia zero com golpes de Estado.&#8221;<\/span><\/p>\n<p class=\"MsoNormal\" style=\"margin-bottom: .0001pt; line-height: normal;\"><strong><span style=\"font-size: 10.5pt; font-family: \">Muitos votos<\/span><\/strong><\/p>\n<p class=\"MsoNormal\" style=\"margin-bottom: .0001pt; line-height: normal;\"><span style=\"font-size: 10.5pt; font-family: \">Para o Brasil, o continente foi estrat\u00e9gico na elei\u00e7\u00e3o do embaixador Roberto Azev\u00eado para a dire\u00e7\u00e3o-geral da Organiza\u00e7\u00e3o Mundial do Com\u00e9rcio (OMC). Nas contas do Itamaraty, Azev\u00eado obteve apoio de 43 pa\u00edses africanos, de um total de 50 votos poss\u00edveis na regi\u00e3o &#8211; ades\u00e3o proporcionalmente maior que a dos latino-americanos.<\/span><\/p>\n<p class=\"MsoNormal\" style=\"margin-bottom: .0001pt; line-height: normal;\"><span style=\"font-size: 10.5pt; font-family: \">N\u00e3o \u00e0 toa, Azev\u00eado acompanhou Dilma na viagem pela Eti\u00f3pia.<\/span><\/p>\n<p class=\"MsoNormal\" style=\"margin-bottom: .0001pt; line-height: normal;\"><span style=\"font-size: 10.5pt; font-family: \">As oportunidades de neg\u00f3cio na regi\u00e3o s\u00e3o cada vez mais aproveitadas por empresas brasileiras. Na Tanz\u00e2nia, por exemplo, j\u00e1 est\u00e3o presentes Odebrecht, Queiroz Galv\u00e3o, Marcopolo, Astra e Green Best Solutions, e outras como a AGN Bioenergia, Ipiranga Lubrificantes e Embraer j\u00e1 estiveram l\u00e1 buscando oportunidades de neg\u00f3cios.<\/span><\/p>\n<p class=\"MsoNormal\" style=\"margin-bottom: .0001pt; line-height: normal;\"><span style=\"font-size: 10.5pt; font-family: \">&#8220;A consolida\u00e7\u00e3o da democracia em dezenas de pa\u00edses e a redu\u00e7\u00e3o dos conflitos s\u00e3o fatores que j\u00e1 v\u00eam impulsionando o crescimento africano nos \u00faltimos dez anos. Outros s\u00e3o a melhoria das condi\u00e7\u00f5es macroecon\u00f4micas, o boom das commodities, a melhoria do ambiente de neg\u00f3cios e o fortalecimento do setor privado e da classe m\u00e9dia, e o dividendo demogr\u00e1fico, acompanhado de um processo de urbaniza\u00e7\u00e3o&#8221;, afirmou ao Estado o embaixador do Brasil na Tanz\u00e2nia, Francisco Luz.<\/span><\/p>\n<p class=\"MsoNormal\" style=\"margin-bottom: .0001pt; line-height: normal;\"><span style=\"font-size: 10.5pt; font-family: \"> <\/span><\/p>\n<p class=\"MsoNormal\" style=\"margin-bottom: .0001pt; line-height: normal;\"><span style=\"font-size: 10.5pt; font-family: \">___________________________________________________________<\/span><\/p>\n<p class=\"MsoNormal\" style=\"margin-bottom: .0001pt; line-height: normal;\"><span style=\"font-size: 10.5pt; font-family: \"> <\/span><\/p>\n<p class=\"MsoNormal\" style=\"margin-bottom: .0001pt; line-height: normal;\"><strong><span style=\"font-size: 10.5pt; font-family: \">Brasil ter\u00e1 novo navio e instituto oce\u00e2nico<\/span><\/strong><\/p>\n<p class=\"MsoNormal\" style=\"margin-bottom: .0001pt; line-height: normal;\"><em><span style=\"font-size: 10.5pt; font-family: \">O Estado de S. Paulo<\/span><\/em><\/p>\n<p class=\"MsoNormal\" style=\"margin-bottom: .0001pt; line-height: normal;\"><span style=\"font-size: 10.5pt; font-family: \"> <\/span><\/p>\n<p class=\"MsoNormal\" style=\"margin-bottom: .0001pt; line-height: normal;\"><span style=\"font-size: 10.5pt; font-family: \">A presen\u00e7a da ci\u00eancia brasileira nos oceanos vai ganfiar o refor\u00e7o de um novo navio oceanogr\u00e1fico de grande porte um novo instituto nacional com quatro centros de pesquisa espalhados pela costa.<\/span><\/p>\n<p class=\"MsoNormal\" style=\"margin-bottom: .0001pt; line-height: normal;\"><span style=\"font-size: 10.5pt; font-family: \">O Instituto Nacional de Pesquisas Oce\u00e2nicas e Hidrov\u00ed\u00e1rias (Inpoh) come\u00e7ou a surgir na sexta-feira em uma reuni\u00e3o na Academia Brasileira de Ci\u00eancias, no centro do Rio, com a cria\u00e7\u00e3o de uma associa\u00e7\u00e3o civil que pretende se credenciar como organiza\u00e7\u00e3o social (OS), apta a assinar contratos de gest\u00e3o com. o poder p\u00fablico e a iniciativa privada.<\/span><\/p>\n<p class=\"MsoNormal\" style=\"margin-bottom: .0001pt; line-height: normal;\"><span style=\"font-size: 10.5pt; font-family: \">Aldeia \u00e9 que o instituto funcione em um modelo semelhante ao do Centro Nacional de Pesquisa em Energia e Materiais, uma OS que gerencia quatro laborat\u00f3rios nacionais em Campinas &#8211; de luz s\u00edncrotron, bioci\u00eancias, biotecnologia do etanol e nanotecnologia.<\/span><\/p>\n<p class=\"MsoNormal\" style=\"margin-bottom: .0001pt; line-height: normal;\"><span style=\"font-size: 10.5pt; font-family: \">Dessa forma, o Inpoh poder\u00e1 firmar contratos com o Minist\u00e9rio da Ci\u00eancia, Tecnologia e Inova\u00e7\u00e3o (MCTI) para gest\u00e3o de projetos e programas espec\u00edficos, sem fazer parte do organograma da pasta &#8211; libertando-o, assim, de v\u00e1rias amarras burocr\u00e1ticas e legais que costumam atravancar o funcionamento da m\u00e1quina p\u00fablica.<\/span><\/p>\n<p class=\"MsoNormal\" style=\"margin-bottom: .0001pt; line-height: normal;\"><span style=\"font-size: 10.5pt; font-family: \">Um dos projetos que o instituto dever\u00e1 pleitear \u00e9 o contrato de gest\u00e3o do novo navio, de R$162 milh\u00f5es, cuja compra deve ser finalizada nesta semana (mais infonna\u00e7\u00f5es nesta p\u00e1gina). &#8220;N\u00e3o \u00e9 algo que est\u00e1 na agenda inicial, mas certamente h\u00e1 a expectativa de que o Inpoh possa se capacitar para isso num segundo momento&#8221;, disse ao Estado o engenheiro oce\u00e2nico Segen Estefen, diretor de Tecnologia e Inova\u00e7\u00e3o da Coppe\/UFRJ, escolhido como diretor provis\u00f3rio da associa\u00e7\u00e3o.<\/span><\/p>\n<p class=\"MsoNormal\" style=\"margin-bottom: .0001pt; line-height: normal;\"><span style=\"font-size: 10.5pt; font-family: \">O objetivo maior do \u00ednpoh, segundo ele, ser\u00e1 &#8220;colocar o Brasil em linha com os pa\u00edses desenvolvidosno campo das ci\u00eancias oceanogr\u00e1ficas, tanto para fins de pesquisa quanto de explora\u00e7\u00e3o sustent\u00e1vel dos recur sos marinhos. &#8220;Eu diria que t um marco hist\u00f3rico para o Brasil; um passo de afirma\u00e7\u00e3o sobre a necessidade de conhecermos essa parte oce\u00e2nica do Pa\u00eds, que nas pr\u00f3ximas d\u00e9cadas ter\u00e1 uma relev\u00e2ncia econ\u00f4mica muito importante para o projeto de na\u00e7\u00e3o que buscamos construir&#8221;, afirma Estefen.<\/span><\/p>\n<p class=\"MsoNormal\" style=\"margin-bottom: .0001pt; line-height: normal;\"><span style=\"font-size: 10.5pt; font-family: \">O instituto dever\u00e1 ter quatro centros de pesquisa: dois dedicados \u00e0 oceanografia (um para o Atl\u00e2ntico Tropical e outro, para o Atl\u00e2ntico Sul), um dedicado \u00e0 pesca e aquicultura e outro, voltado para portos e hidrovias.<\/span><\/p>\n<p class=\"MsoNormal\" style=\"margin-bottom: .0001pt; line-height: normal;\"><span style=\"font-size: 10.5pt; font-family: \">Oficialmente, a localiza\u00e7\u00e3o dos centros ainda n\u00e3o est\u00e1 definida. Segundo fontes ouvidas pelo Estado, por\u00e9m, j\u00e1 estaria praticamente decidido que o do Atl\u00e2ntico Tropical ser\u00e1 no Cear\u00e1, o do Atl\u00e2ntico Sul no Rio Grande do Sul, o de portos e hidrovias no Rio de Janeiro, e o de pesca em Santa Catarina, &#8220;Tem mais influ\u00eancia pol\u00edtica do que justificativa t\u00e9cnica nessas decis\u00f5es&#8221;, afirmou uma fonte.<\/span><\/p>\n<p class=\"MsoNormal\" style=\"margin-bottom: .0001pt; line-height: normal;\"><span style=\"font-size: 10.5pt; font-family: \"> <\/span><\/p>\n<p class=\"MsoNormal\" style=\"margin-bottom: .0001pt; line-height: normal;\"><span style=\"font-size: 10.5pt; font-family: \">___________________________________________________________<\/span><\/p>\n<p class=\"MsoNormal\" style=\"margin-bottom: .0001pt; line-height: normal;\"><span style=\"font-size: 10.5pt; font-family: \"> <\/span><\/p>\n<p class=\"MsoNormal\" style=\"margin-bottom: .0001pt; line-height: normal;\"><strong><span style=\"font-size: 10.5pt; font-family: \">Governo corre para aprovar MPs cruciais<\/span><\/strong><\/p>\n<p class=\"MsoNormal\" style=\"margin-bottom: .0001pt; line-height: normal;\"><em><span style=\"font-size: 10.5pt; font-family: \">O Estado de S. Paulo<\/span><\/em><\/p>\n<p class=\"MsoNormal\" style=\"margin-bottom: .0001pt; line-height: normal;\"><span style=\"font-size: 10.5pt; font-family: \"> <\/span><\/p>\n<p class=\"MsoNormal\" style=\"margin-bottom: .0001pt; line-height: normal;\"><span style=\"font-size: 10.5pt; font-family: \">Ap\u00f3s a MP dos Portos, o governo se esfor\u00e7a para aprovar oito medidas provis\u00f3rias antes de perderem a validade. Em meio ao feriado de Corpus Christi, o empenho se concentra em duas medidas de apelo popular: a redu\u00e7\u00e3o da conta de luz e o corte de imposto da folha de pagamento de alguns setores.<\/span><\/p>\n<p class=\"MsoNormal\" style=\"margin-bottom: .0001pt; line-height: normal;\"><span style=\"font-size: 10.5pt; font-family: \">Depois da Medida Provis\u00f3ria dos Portos, o governo Dilma Rousseff ter\u00e1 de fazer nos pr\u00f3ximos dias um esfor\u00e7o para conseguir a aprova\u00e7\u00e3o de oito medidas provis\u00f3rias antes de elas perderem a validade. As v\u00e9speras do feriado de Corpus Christi, o maior empenho volta-se para a aprova\u00e7\u00e3o de duas medidas com elevado apelo popular. O temor do Planalto \u00e9 que, mesmo se forem aprovadas na C\u00e2mara, n\u00e3o h\u00e1 garantia de que ser\u00e3o apreciadas a tempo no Senado.<\/span><\/p>\n<p class=\"MsoNormal\" style=\"margin-bottom: .0001pt; line-height: normal;\"><span style=\"font-size: 10.5pt; font-family: \">As MPs perdem a validade na segunda-feira, dia 3. Desse pacote, quatro v\u00e3o caducar e duas devem ser votadas em tempo h\u00e1bil no Senado, segundo fontes. As duas restantes asseguram o corte na conta de luz, prometido por Dilma, e beneficiam a constru\u00e7\u00e3o civil e o varejo com corte de impostos na folha de sal\u00e1rios. Nos dois casos, ainda precisam passar por C\u00e2mara e Senado. L\u00edderes governistas correm contra o rel\u00f3gio para salv\u00e1-las e os peemedebistas prometem, agora, que v\u00e3o agir como aliados.<\/span><\/p>\n<p class=\"MsoNormal\" style=\"margin-bottom: .0001pt; line-height: normal;\"><span style=\"font-size: 10.5pt; font-family: \">Com o feriado abreviando a semana e comprometendo o qu\u00f3rum, as chances de aprova\u00e7\u00e3o v\u00e3o at\u00e9 quarta-feira. Para vot\u00e1-las, os l\u00edderes governistas ter\u00e3o de convencer a oposi\u00e7\u00e3o e parte da base aliada. Mas h\u00e1 outra rebeli\u00e3o: alguns partidos exigem que, antes, seja apreciado um projeto que acaba com a multa adicional de 10% sobre o saldo do FGTS dos demitidos por justa causa (leia abaixo).<\/span><\/p>\n<p class=\"MsoNormal\" style=\"margin-bottom: .0001pt; line-height: normal;\"><strong><span style=\"font-size: 10.5pt; font-family: \">Adiamento<\/span><\/strong><\/p>\n<p class=\"MsoNormal\" style=\"margin-bottom: .0001pt; line-height: normal;\"><span style=\"font-size: 10.5pt; font-family: \">O Planalto op\u00f5e-se ao projeto, porque o fim da cobran\u00e7a retiraria R$ 3 bilh\u00f5es dos cofres da Uni\u00e3o. Por isso, acionou o presidente da C\u00e2mara, Henrique Eduardo Alves (PMDB-RN), para que tente adiar a an\u00e1lise da proposta.<\/span><\/p>\n<p class=\"MsoNormal\" style=\"margin-bottom: .0001pt; line-height: normal;\"><span style=\"font-size: 10.5pt; font-family: \">&#8220;S\u00f3 analisamos as medidas provis\u00f3rias se votarmos o fim da multa adicional do FGTS&#8221;, disse o l\u00edder da oposi\u00e7\u00e3o, deputado Nilson Leit\u00e3o (PSDB-MT). &#8220;Se ele adiar essa vota\u00e7\u00e3o, vai mostrar que o Congresso n\u00e3o passa mesmo de um puxadinho do Planalto&#8221;, criticou. Tamb\u00e9m querem o fim da multa adicional o PSB, o PSD, o PTB e o PSC. Se a aprecia\u00e7\u00e3o da proposta for adiada, a oposi\u00e7\u00e3o vai obstruir as MPs, acrescentou Leit\u00e3o.<\/span><\/p>\n<p class=\"MsoNormal\" style=\"margin-bottom: .0001pt; line-height: normal;\"><strong><span style=\"font-size: 10.5pt; font-family: \">Impacto<\/span><\/strong><\/p>\n<p class=\"MsoNormal\" style=\"margin-bottom: .0001pt; line-height: normal;\"><span style=\"font-size: 10.5pt; font-family: \">Os dois focos de preocupa\u00e7\u00e3o do governo na C\u00e2mara s\u00e3o MPs baixadas por Dilma para estimular a economia e reduzir custos. Ada conta de luz permite a transfer\u00eancia de recursos de um fundo setorial para o pagamento das usinas t\u00e9rmicas. Sem isso, seria praticamente anulado o desconto na conta de luz. Ela \u00e9 t\u00e3o importante que o ministro de Minas e Energia, Edison Lob\u00e3o, telefonou a aliados no fim de semana pedindo empenho na aprova\u00e7\u00e3o.<\/span><\/p>\n<p class=\"MsoNormal\" style=\"margin-bottom: .0001pt; line-height: normal;\"><span style=\"font-size: 10.5pt; font-family: \">&#8220;Estamos confiantes de que a C\u00e2mara votar\u00e1 a mat\u00e9ria. A caducidade da MP prejudicar\u00e1 a popula\u00e7\u00e3o e o setor produtivo de importantes Estados&#8221;, disse ao Estado a chefe da Casa Civil, Gleisi Hoffmann. &#8220;Vamos mobilizar a base para votar na segunda (hoje) ou, no m\u00e1ximo, na ter\u00e7a-feira, doa a quem doer&#8221;, afirmou o l\u00edder do PT, Jos\u00e9 Guimar\u00e3es (CE).<\/span><\/p>\n<p class=\"MsoNormal\" style=\"margin-bottom: .0001pt; line-height: normal;\"><span style=\"font-size: 10.5pt; font-family: \">Se aprovadas amanh\u00e3, as MPs chegam ao Senado menos de 24 horas antes do feriado. Nesse contexto, colocam em xeque a promessa do presidente do Senado, Renan Calheiros (PMDBAL), de que n\u00e3o analisaria MPs com menos de sete dias de prazo, &#8220;Esta ser\u00e1 a \u00faltima vez&#8221;, disse o senador na an\u00e1lise da MP dos Portos. Uma lideran\u00e7a da base aliada afirmou ao Estado que Renan vai cumprir o acordo, o que na pr\u00e1tica, far\u00e1 caducar as MPs.<\/span><\/p>\n<p class=\"MsoNormal\" style=\"margin-bottom: .0001pt; line-height: normal;\"><span style=\"font-size: 10.5pt; font-family: \">Antes de votar as MPs mais caras ao Planalto, o Senado dever\u00e1 analisar outras que chegaram \u00e0 Casa na semana passada. Uma delas reduz o Imposto de Renda nas Participa\u00e7\u00f5es de Lucros e Resultados. A outra, cria um fundo para o Centro-Oeste e amplia o limite operacional da Caixa. Estas devem ser votadas. \/ Colaboraram Anne Warth, Tania Monteiro e Vera Rosa<\/span><\/p>\n<p class=\"MsoNormal\" style=\"margin-bottom: .0001pt; line-height: normal;\"><span style=\"font-size: 10.5pt; font-family: \"> <\/span><\/p>\n<p class=\"MsoNormal\" style=\"margin-bottom: .0001pt; line-height: normal;\"><strong><span style=\"font-size: 10.5pt; font-family: \">Prestes a caducar:<\/span><\/strong><\/p>\n<p class=\"MsoNormal\" style=\"margin-bottom: .0001pt; line-height: normal;\"><strong><span style=\"font-size: 10.5pt; font-family: \">Oito Medidas Provis\u00f3rias perdem a validade depois do feriado<\/span><\/strong><\/p>\n<p class=\"MsoNormal\" style=\"margin-bottom: .0001pt; line-height: normal;\"><span style=\"font-size: 10.5pt; font-family: \"> <\/span><\/p>\n<p class=\"MsoNormal\" style=\"margin-bottom: .0001pt; line-height: normal;\"><span style=\"font-size: 10.5pt; font-family: \">MP-597:Isenta do IRPF participa\u00e7\u00e3o em lucro de at\u00e9 R$ 6 mil<\/span><\/p>\n<p class=\"MsoNormal\" style=\"margin-bottom: .0001pt; line-height: normal;\"><span style=\"font-size: 10.5pt; font-family: \">MP-598: Abre cr\u00e9dito extraordin\u00e1rio no Or\u00e7amento de 2012 para \u00f3rg\u00e3os e empresas estatais<\/span><\/p>\n<p class=\"MsoNormal\" style=\"margin-bottom: .0001pt; line-height: normal;\"><span style=\"font-size: 10.5pt; font-family: \">MP-599: Cria dois fundos relacionados \u00e0 reforma do ICMS<\/span><\/p>\n<p class=\"MsoNormal\" style=\"margin-bottom: .0001pt; line-height: normal;\"><span style=\"font-size: 10.5pt; font-family: \">MP-600: Amplia o limite operacional da Caixa e trata do Fundo de Desenvolvimento do Centro-Oeste<\/span><\/p>\n<p class=\"MsoNormal\" style=\"margin-bottom: .0001pt; line-height: normal;\"><span style=\"font-size: 10.5pt; font-family: \">MP-601: Prorroga cr\u00e9dito a exportadores e desonera folha de pagamentos da constru\u00e7\u00e3o e do varejo<\/span><\/p>\n<p class=\"MsoNormal\" style=\"margin-bottom: .0001pt; line-height: normal;\"><span style=\"font-size: 10.5pt; font-family: \">MP-603: D\u00e1 socorro financeiro aos agricultores do Nordeste atingidos pela seca<\/span><\/p>\n<p class=\"MsoNormal\" style=\"margin-bottom: .0001pt; line-height: normal;\"><span style=\"font-size: 10.5pt; font-family: \">MP-604: Abre cr\u00e9dito para os minist\u00e9rios do Desenvolvimento Agr\u00e1rio e Integra\u00e7\u00e3o Nacional<\/span><\/p>\n<p class=\"MsoNormal\" style=\"margin-bottom: .0001pt; line-height: normal;\"><span style=\"font-size: 10.5pt; font-family: \">MP-605: Garante a redu\u00e7\u00e3o de 20% nas tarifas de energia el\u00e9trica<\/span><\/p>\n<p class=\"MsoNormal\" style=\"margin-bottom: .0001pt; line-height: normal;\"><span style=\"font-size: 10.5pt; font-family: \"> <\/span><\/p>\n<p class=\"MsoNormal\" style=\"margin-bottom: .0001pt; line-height: normal;\"><span style=\"font-size: 10.5pt; font-family: \">___________________________________________________________<\/span><\/p>\n<p class=\"MsoNormal\" style=\"margin-bottom: .0001pt; line-height: normal;\"><span style=\"font-size: 10.5pt; font-family: \"> <\/span><\/p>\n<p class=\"MsoNormal\" style=\"margin-bottom: .0001pt; line-height: normal;\"><strong><span style=\"font-size: 10.5pt; font-family: \">M\u00eddia vira aliada na estrat\u00e9gia de expans\u00e3o<\/span><\/strong><\/p>\n<p class=\"MsoNormal\" style=\"margin-bottom: .0001pt; line-height: normal;\"><em><span style=\"font-size: 10.5pt; font-family: \">O Estado de S. Paulo<\/span><\/em><\/p>\n<p class=\"MsoNormal\" style=\"margin-bottom: .0001pt; line-height: normal;\"><span style=\"font-size: 10.5pt; font-family: \"> <\/span><\/p>\n<p class=\"MsoNormal\" style=\"margin-bottom: .0001pt; line-height: normal;\"><span style=\"font-size: 10.5pt; font-family: \">Um banco que quer se tornar um dos tr\u00eas maiores do Brasil dentro dos pr\u00f3ximos dez anos, a multinacional que fez o lan\u00e7amento mais bem-sucedido de sua hist\u00f3ria em 2012 e uma empresa de TV por assinatura que cresce 30% ao ano est\u00e3o entre as companhias que mais investem em m\u00eddia no Brasil, de acordo com a edi\u00e7\u00e3o 2013 do levantamento Ag\u00eancias &#038; Anunciantes, do Ibope Monitor, divulgado pelo Meio &#038; Mensagem.<\/span><\/p>\n<p class=\"MsoNormal\" style=\"margin-bottom: .0001pt; line-height: normal;\"><span style=\"font-size: 10.5pt; font-family: \">Com o crescimento expressivo do investimento feito por quase todos os dez principais anunciantes, a pesquisa mostra que \u00e9 poss\u00edvel fazer uma rela\u00e7\u00e3o entre o investimento em marketing e o desempenho financeiro das companhias.<\/span><\/p>\n<p class=\"MsoNormal\" style=\"margin-bottom: .0001pt; line-height: normal;\"><span style=\"font-size: 10.5pt; font-family: \">A Caixa Econ\u00f4mica Federal, que subiu duas posi\u00e7\u00f5es no ranking, com investimento em m\u00eddia 58% maior no ano passado, usa o marketing para correr atr\u00e1s de umameta ambiciosa definida pelo presidente da institui\u00e7\u00e3o financeira, Jorge Hereda: fazer da Caixa um dos tr\u00eas maiores bancos do Pa\u00eds em de dez anos. N\u00e3o \u00e9 uma tarefaf\u00e1cil. Para atingir a meta, ela ter\u00e1 de desbancar pelo menos um de tr\u00eas gigantes: Ita\u00fa, Banco do Brasil ou Bradesco.<\/span><\/p>\n<p class=\"MsoNormal\" style=\"margin-bottom: .0001pt; line-height: normal;\"><span style=\"font-size: 10.5pt; font-family: \">Por isso, a Caixa se tornou &#8211; de longe &#8211; o banco que mais investe em m\u00eddia no Brasil (gasta mais que o dobro do que BB, Bradesco ou Ita\u00fa). No ano passado, a Caixa aproveitou o corte de juros determinado pelo governo federal para aumentar sua presen\u00e7a na m\u00eddia em quase 60%.<\/span><\/p>\n<p class=\"MsoNormal\" style=\"margin-bottom: .0001pt; line-height: normal;\"><span style=\"font-size: 10.5pt; font-family: \">Com lucro de 17% em 2012, a empresa vem m\u00eas a m\u00eas batendo recorde de concess\u00e3o de cr\u00e9dito. &#8220;No come\u00e7o do ano, est\u00e1vamos em R$ 1 bilh\u00e3o por dia; agora, j\u00e1 estamos em R$ 1,2 bilh\u00e3o&#8221;, diz Clauir Santos diretor de marketing da Caixa. Ele lembra ainda que a institui\u00e7\u00e3o captou 3 milh\u00f5es de correntistas em 2012.<\/span><\/p>\n<p class=\"MsoNormal\" style=\"margin-bottom: .0001pt; line-height: normal;\"><span style=\"font-size: 10.5pt; font-family: \">Outras companhias que aumentaram o investimento em m\u00eddia para fomentar estrat\u00e9gias s\u00e3o aVivo &#8211; que passou a ser a \u00fanica marca da Telef\u00f4nicano Pa\u00eds &#8211; e a operadora de TV por assinatura Sky, cuja base de assinantes cresceu mais de 30% em 2012.<\/span><\/p>\n<p class=\"MsoNormal\" style=\"margin-bottom: .0001pt; line-height: normal;\"><span style=\"font-size: 10.5pt; font-family: \">No ano passado, a Unilever foi novamente a segunda empresa que mais gastou com compra de m\u00eddia no Brasil, ficando atr\u00e1s da tradicional l\u00edder Casas Bahia. A empresa aumentou o investimento 15% em rela\u00e7\u00e3o a 2011, atingindo a marca de R$ 1,146 bilh\u00e3o. A expans\u00e3o, mes-moj\u00e1 em umpatamar alto, reflete principalmente a aposta da empresa no lan\u00e7amento da linha de tratamento de cabelos Tresemm\u00e9 no in\u00edcio de 2012.<\/span><\/p>\n<p class=\"MsoNormal\" style=\"margin-bottom: .0001pt; line-height: normal;\"><span style=\"font-size: 10.5pt; font-family: \">A marca de produtos para cabelo se tornou o lan\u00e7amento mais bem-sucedido da hist\u00f3ria da Unilever e, em um ano, conquistou a lideran\u00e7a no mercado premium de xampu e condicionador no Pa\u00eds.<\/span><\/p>\n<p class=\"MsoNormal\" style=\"margin-bottom: .0001pt; line-height: normal;\"><span style=\"font-size: 10.5pt; font-family: \">Em 2012, o or\u00e7amento da Unilever em marketing ficou em R$ 3 bilh\u00f5es. O faturamento somou R$ 13,6 bilh\u00f5es, alta de 14% em rela\u00e7\u00e3o ao ano anterior, contribuindo para elevar o avan\u00e7o da Am\u00e9rica Latina para 12,3%.<\/span><\/p>\n<p class=\"MsoNormal\" style=\"margin-bottom: .0001pt; line-height: normal;\"><strong><span style=\"font-size: 10.5pt; font-family: \">Ag\u00eancias<\/span><\/strong><\/p>\n<p class=\"MsoNormal\" style=\"margin-bottom: .0001pt; line-height: normal;\"><span style=\"font-size: 10.5pt; font-family: \">Entre as ag\u00eancias de publicidade, a Young &#038; Rubicam continuou a liderar o ranking Ag\u00eancias &#038; Anunciantes. Um dos motivos \u00e9 justamente a conta da Casas Bahia. Ogilvy e AlmapBBO aparecem na segunda e terceira posi\u00e7\u00f5es, respectivamente. O maior crescimento entre 2011 e 2012 entre as dez principais ag\u00eancias foi o da PPR, cuja compra de m\u00eddia subiu 52%, o suficiente para elev\u00e1-la da 15\u00aa para a 7\u00aa posi\u00e7\u00e3o do ranking.<\/span><\/p>\n<p>\u00a0<\/p>\n","protected":false},"excerpt":{"rendered":"\nAg\u00eancia Estado\n \nO endividamento dos brasileiros com o sistema financeiro nacional bateu novo recorde ao final do primeiro trimestre de 2013. Segundo o Banco Central, as d\u00edvidas das fam\u00edlias correspondiam, em mar\u00e7o, a 43,99% da renda anual. Em fevereiro, recorde anterior, o \u00edndice estava em 43,79%. No fim do primeiro trimestre de 2012, era de 42,37%. \n<a class=\"moretag\" href=\"https:\/\/pcb.org.br\/portal2\/4872\"> <\/a>","protected":false},"author":1,"featured_media":0,"comment_status":"open","ping_status":"open","sticky":false,"template":"","format":"standard","meta":{"jetpack_post_was_ever_published":false,"_jetpack_newsletter_access":"","_jetpack_dont_email_post_to_subs":false,"_jetpack_newsletter_tier_id":0,"_jetpack_memberships_contains_paywalled_content":false,"_jetpack_memberships_contains_paid_content":false,"footnotes":"","jetpack_publicize_message":"","jetpack_publicize_feature_enabled":true,"jetpack_social_post_already_shared":false,"jetpack_social_options":{"image_generator_settings":{"template":"highway","default_image_id":0,"font":"","enabled":false},"version":2}},"categories":[106],"tags":[],"class_list":["post-4872","post","type-post","status-publish","format-standard","hentry","category-c119-olhovivo"],"jetpack_publicize_connections":[],"jetpack_featured_media_url":"","jetpack_shortlink":"https:\/\/wp.me\/p659gw-1gA","jetpack-related-posts":[],"jetpack_likes_enabled":true,"jetpack_sharing_enabled":true,"_links":{"self":[{"href":"https:\/\/pcb.org.br\/portal2\/wp-json\/wp\/v2\/posts\/4872","targetHints":{"allow":["GET"]}}],"collection":[{"href":"https:\/\/pcb.org.br\/portal2\/wp-json\/wp\/v2\/posts"}],"about":[{"href":"https:\/\/pcb.org.br\/portal2\/wp-json\/wp\/v2\/types\/post"}],"author":[{"embeddable":true,"href":"https:\/\/pcb.org.br\/portal2\/wp-json\/wp\/v2\/users\/1"}],"replies":[{"embeddable":true,"href":"https:\/\/pcb.org.br\/portal2\/wp-json\/wp\/v2\/comments?post=4872"}],"version-history":[{"count":0,"href":"https:\/\/pcb.org.br\/portal2\/wp-json\/wp\/v2\/posts\/4872\/revisions"}],"wp:attachment":[{"href":"https:\/\/pcb.org.br\/portal2\/wp-json\/wp\/v2\/media?parent=4872"}],"wp:term":[{"taxonomy":"category","embeddable":true,"href":"https:\/\/pcb.org.br\/portal2\/wp-json\/wp\/v2\/categories?post=4872"},{"taxonomy":"post_tag","embeddable":true,"href":"https:\/\/pcb.org.br\/portal2\/wp-json\/wp\/v2\/tags?post=4872"}],"curies":[{"name":"wp","href":"https:\/\/api.w.org\/{rel}","templated":true}]}}