{"id":4888,"date":"2013-05-30T22:42:50","date_gmt":"2013-05-30T22:42:50","guid":{"rendered":"http:\/\/pcb.org.br\/portal2\/?p=4888"},"modified":"2013-05-30T22:42:50","modified_gmt":"2013-05-30T22:42:50","slug":"pcb-ocupa-ruas-de-sao-paulo","status":"publish","type":"post","link":"https:\/\/pcb.org.br\/portal2\/4888","title":{"rendered":"PCB ocupa ruas de S\u00e3o Paulo"},"content":{"rendered":"\n<p>Na \u00faltima semana, o PCB em S\u00e3o Paulo, atrav\u00e9s da Brigada Classista Manoel Fiel Filho e da Brigada Popular Valdemiro Jambeiro Costa, ocupou as ruas da capital paulista para duas a\u00e7\u00f5es de agita\u00e7\u00e3o.<\/p>\n<p>A Manoel Fiel Filho, composta por militantes da corrente sindical Unidade Classista, fez panfletagem entre oper\u00e1rios, especialmente vidreiros, em Francisco Morato. Em debate com os trabalhadores, destaques para o aumento das passagens em S\u00e3o Paulo e a sa\u00fade da popula\u00e7\u00e3o.<\/p>\n<p>J\u00e1 a Valdemiro Jambeiro Costa ocupou uma pra\u00e7a em Guaianases, reformando a pista de skate do local &#8211; uma das poucas op\u00e7\u00f5es de entretenimento para os jovens da regi\u00e3o.<\/p>\n","protected":false},"excerpt":{"rendered":"\n<a class=\"moretag\" href=\"https:\/\/pcb.org.br\/portal2\/4888\"> <\/a>","protected":false},"author":1,"featured_media":0,"comment_status":"open","ping_status":"open","sticky":false,"template":"","format":"standard","meta":{"jetpack_post_was_ever_published":false,"_jetpack_newsletter_access":"","_jetpack_dont_email_post_to_subs":false,"_jetpack_newsletter_tier_id":0,"_jetpack_memberships_contains_paywalled_content":false,"_jetpack_memberships_contains_paid_content":false,"footnotes":"","jetpack_publicize_message":"","jetpack_publicize_feature_enabled":true,"jetpack_social_post_already_shared":false,"jetpack_social_options":{"image_generator_settings":{"template":"highway","default_image_id":0,"font":"","enabled":false},"version":2}},"categories":[23],"tags":[],"class_list":["post-4888","post","type-post","status-publish","format-standard","hentry","category-c29-organizacao"],"jetpack_publicize_connections":[],"jetpack_featured_media_url":"","jetpack_shortlink":"https:\/\/wp.me\/p659gw-1gQ","jetpack-related-posts":[],"jetpack_likes_enabled":true,"jetpack_sharing_enabled":true,"_links":{"self":[{"href":"https:\/\/pcb.org.br\/portal2\/wp-json\/wp\/v2\/posts\/4888","targetHints":{"allow":["GET"]}}],"collection":[{"href":"https:\/\/pcb.org.br\/portal2\/wp-json\/wp\/v2\/posts"}],"about":[{"href":"https:\/\/pcb.org.br\/portal2\/wp-json\/wp\/v2\/types\/post"}],"author":[{"embeddable":true,"href":"https:\/\/pcb.org.br\/portal2\/wp-json\/wp\/v2\/users\/1"}],"replies":[{"embeddable":true,"href":"https:\/\/pcb.org.br\/portal2\/wp-json\/wp\/v2\/comments?post=4888"}],"version-history":[{"count":0,"href":"https:\/\/pcb.org.br\/portal2\/wp-json\/wp\/v2\/posts\/4888\/revisions"}],"wp:attachment":[{"href":"https:\/\/pcb.org.br\/portal2\/wp-json\/wp\/v2\/media?parent=4888"}],"wp:term":[{"taxonomy":"category","embeddable":true,"href":"https:\/\/pcb.org.br\/portal2\/wp-json\/wp\/v2\/categories?post=4888"},{"taxonomy":"post_tag","embeddable":true,"href":"https:\/\/pcb.org.br\/portal2\/wp-json\/wp\/v2\/tags?post=4888"}],"curies":[{"name":"wp","href":"https:\/\/api.w.org\/{rel}","templated":true}]}}