{"id":4969,"date":"2013-06-12T16:49:42","date_gmt":"2013-06-12T16:49:42","guid":{"rendered":"http:\/\/pcb.org.br\/portal2\/?p=4969"},"modified":"2013-06-12T16:49:42","modified_gmt":"2013-06-12T16:49:42","slug":"o-amor-a-verdade","status":"publish","type":"post","link":"https:\/\/pcb.org.br\/portal2\/4969","title":{"rendered":"O amor \u00e0 verdade"},"content":{"rendered":"\n<p><em>Envergonhada<\/em><\/p>\n<p><em>de si mesma, a<\/em><\/p>\n<p><em>ditadura escondeu<\/em><\/p>\n<p><em>a sanha com que<\/em><\/p>\n<p><em>punia os que<\/em><\/p>\n<p><em>queriam derrub\u00e1-la<\/em><\/p>\n<p>Fl\u00e1vio Tavares*<\/p>\n<p>O afago e a solidariedade est\u00e3o na ess\u00eancia do amor, tais quais _ no lado oposto das coisas _ a mentira e o engano est\u00e3o no cerne das ditaduras. Nenhum amor prescinde de carinho. E at\u00e9 as ditaduras que se vangloriam do despotismo e da viol\u00eancia se mant\u00eam pela mentira que transforma o medo em aceita\u00e7\u00e3o.<\/p>\n<p>Quando o amor triunfa sobre o embuste e varre o medo, tudo se torna di\u00e1fano e claro _ a ditadura aparece nua e as profundezas da Hist\u00f3ria v\u00eam \u00e0 tona, como agora, com a pertin\u00e1cia de Suzana\u00a0Keniger Lisboa, uma das fundadoras do Grupo Tortura Nunca Mais.<\/p>\n<p>Quando a TV e a literatura nos empanturram com melosas tramas amorosas de falsidade absoluta, a hist\u00f3ria real de Suzana rep\u00f5e o amor em sua dignidade humana. Aos 18 anos, casou-se em Porto Alegre com Lu\u00eds Eurico\u00a0TejeraLisboa e aos 21 tornou-se vi\u00fava de um &#8220;desaparecido pol\u00edtico&#8221; sem cad\u00e1ver nem funerais.<\/p>\n<p>Desde ent\u00e3o (1972, no terror do governo M\u00e9dici), passo a passo ela desnudou tudo. Estudante de Economia e combatente contra a ditadura, ele fora enterrado no cemit\u00e9rio paulista de Perus como &#8220;marginal sem nome&#8221;, ap\u00f3s &#8220;suicidar-se&#8221; com um tiro na cabe\u00e7a, ao ser preso em S\u00e3o Paulo, segundo a vers\u00e3o (ou mentira) oficial.<\/p>\n<p>Agora, tr\u00eas peritos criminais compararam os seis disparos na ossada de Eurico com a foto oficial do &#8220;suicida&#8221; que segura na m\u00e3o um rev\u00f3lver, enquanto outro pende sobre a colcha que o cobre at\u00e9 o pesco\u00e7o na cama bem arrumada. E a verdade surgiu: ele foi preso e, logo, executado. Na foto, a cama impec\u00e1vel esconde as perfura\u00e7\u00f5es e encobre o crime.<\/p>\n<p>***<\/p>\n<p>A descoberta do &#8220;Herzog ga\u00facho&#8221;, como a imprensa nacional chamou, agora, a farsa do &#8220;suic\u00eddio&#8221; de \u00c2ngelo Cardoso da Silva, em abril de 1970 no Pres\u00eddio Central de Porto Alegre, tamb\u00e9m \u00e9 uma hist\u00f3ria de amorosa persist\u00eancia. S\u00f3 assim, a Comiss\u00e3o da Verdade conheceu o minucioso trabalho em que\u00a0Graziane Righi e Davi Santos, estudantes de Direito da UFRGS (a partir de pap\u00e9is tirados do lixo do Arquivo do Tribunal de Justi\u00e7a, em 2011) desvendaram o crime perpetrado pela pol\u00edcia pol\u00edtica ga\u00facha 43 anos atr\u00e1s.<\/p>\n<p>Pela mentira oficial, \u00c2ngelo (taxista e membro da resist\u00eancia \u00e0 ditadura) &#8220;enforcou-se&#8221; com o len\u00e7ol na basculante do banheiro da cela, a 1m30cm do ch\u00e3o. Na foto do processo salvo do lixo, os joelhos dobrados tocam o ch\u00e3o. N\u00e3o h\u00e1 enforcado que se apoie no piso, mas o Tribunal arquivou o caso em 1973, embora um legista alertasse que o len\u00e7ol solto, sem n\u00f3s, evidenciava estrangulamento, n\u00e3o suic\u00eddio.<\/p>\n<p>Graziane e Davi eram estagi\u00e1rios no Tribunal quando, com amor aos detalhes e juntando cacos, descobriram que at\u00e9 o lixo pode esconder a verdade!<\/p>\n<p>***<\/p>\n<p>Em 1969, preso num quartel do Ex\u00e9rcito no Rio de Janeiro, ap\u00f3s longos dias de tortura, aplicaram-me um supl\u00edcio s\u00e1dico: \u00e0 noite, levaram-me \u00e0 cela de um preso que, pouco antes, &#8220;havia se enforcado no banheiro&#8221; e me deixaram horas ao lado do cad\u00e1ver. Olhos esbugalhados, o corpo morno esfriou-se aos poucos, at\u00e9 que o levassem dali e eu ficasse na cela escura com cheiro a morte.<\/p>\n<p>Detalhei o epis\u00f3dio no livro Mem\u00f3rias do Esquecimento, sem jamais entender por que me fizeram testemunha de um crime que a ditadura repetiria anos afora _ simular &#8220;suic\u00eddio&#8221; para encobrir assassinatos.<\/p>\n<p>Envergonhada de si mesma, a ditadura direitista escondeu o terror e a sanha com que punia os que queriam derrub\u00e1-la. Mentiu de forma t\u00e3o ampla, que ainda h\u00e1 quem cultive falsificar a Hist\u00f3ria. Ou que construa teorias para que continuemos espantalhos, meros bonecos de palha, como aqueles no campo, que se fingem de gente para afugentar p\u00e1ssaros, mas s\u00e3o incapazes de um gesto de amor, como os de Suzana Lisboa,\u00a0Graziane Righi, Davi Santos e tantos mais.<\/p>\n<p>*Jornalista e escritor<\/p>\n<p><strong><a href=\"http:\/\/wp.clicrbs.com.br\/opiniaozh\/2013\/06\/09\/artigo-o-amor-a-verdade\/?topo=13,1,1,,,13%20\" target=\"_blank\">http:\/\/wp.clicrbs.com.br\/opiniaozh\/2013\/06\/09\/artigo-o-amor-a-verdade\/?topo=13,1,1,,,13<\/a><\/strong><\/p>\n","protected":false},"excerpt":{"rendered":"\n<a class=\"moretag\" href=\"https:\/\/pcb.org.br\/portal2\/4969\"> <\/a>","protected":false},"author":1,"featured_media":0,"comment_status":"open","ping_status":"open","sticky":false,"template":"","format":"standard","meta":{"jetpack_post_was_ever_published":false,"_jetpack_newsletter_access":"","_jetpack_dont_email_post_to_subs":false,"_jetpack_newsletter_tier_id":0,"_jetpack_memberships_contains_paywalled_content":false,"_jetpack_memberships_contains_paid_content":false,"footnotes":"","jetpack_publicize_message":"","jetpack_publicize_feature_enabled":true,"jetpack_social_post_already_shared":false,"jetpack_social_options":{"image_generator_settings":{"template":"highway","default_image_id":0,"font":"","enabled":false},"version":2}},"categories":[53],"tags":[],"class_list":["post-4969","post","type-post","status-publish","format-standard","hentry","category-c64-ditadura"],"jetpack_publicize_connections":[],"jetpack_featured_media_url":"","jetpack_shortlink":"https:\/\/wp.me\/p659gw-1i9","jetpack-related-posts":[],"jetpack_likes_enabled":true,"jetpack_sharing_enabled":true,"_links":{"self":[{"href":"https:\/\/pcb.org.br\/portal2\/wp-json\/wp\/v2\/posts\/4969","targetHints":{"allow":["GET"]}}],"collection":[{"href":"https:\/\/pcb.org.br\/portal2\/wp-json\/wp\/v2\/posts"}],"about":[{"href":"https:\/\/pcb.org.br\/portal2\/wp-json\/wp\/v2\/types\/post"}],"author":[{"embeddable":true,"href":"https:\/\/pcb.org.br\/portal2\/wp-json\/wp\/v2\/users\/1"}],"replies":[{"embeddable":true,"href":"https:\/\/pcb.org.br\/portal2\/wp-json\/wp\/v2\/comments?post=4969"}],"version-history":[{"count":0,"href":"https:\/\/pcb.org.br\/portal2\/wp-json\/wp\/v2\/posts\/4969\/revisions"}],"wp:attachment":[{"href":"https:\/\/pcb.org.br\/portal2\/wp-json\/wp\/v2\/media?parent=4969"}],"wp:term":[{"taxonomy":"category","embeddable":true,"href":"https:\/\/pcb.org.br\/portal2\/wp-json\/wp\/v2\/categories?post=4969"},{"taxonomy":"post_tag","embeddable":true,"href":"https:\/\/pcb.org.br\/portal2\/wp-json\/wp\/v2\/tags?post=4969"}],"curies":[{"name":"wp","href":"https:\/\/api.w.org\/{rel}","templated":true}]}}