{"id":4993,"date":"2013-06-17T16:08:31","date_gmt":"2013-06-17T16:08:31","guid":{"rendered":"http:\/\/pcb.org.br\/portal2\/?p=4993"},"modified":"2013-06-17T16:08:31","modified_gmt":"2013-06-17T16:08:31","slug":"ocupemos-as-ruas-todo-apoio-aos-protestos-populares-contra-o-aumento-das-passagens","status":"publish","type":"post","link":"https:\/\/pcb.org.br\/portal2\/4993","title":{"rendered":"OCUPEMOS AS RUAS! TODO APOIO AOS PROTESTOS POPULARES CONTRA O AUMENTO DAS PASSAGENS!"},"content":{"rendered":"\n<p>Nas \u00faltimas semanas, o povo trabalhador brasileiro, em especial a juventude, vem protagonizando uma s\u00e9rie de atos contra o aumento das passagens de \u00f4nibus. O que seria uma s\u00e9rie de manifesta\u00e7\u00f5es locais transformou-se em uma onda de protestos populares no Brasil. A Uni\u00e3o da Juventude Comunista al\u00e9m de apoiar, vem participando de todos os protestos, ombro a ombro com a juventude, as classes populares e as suas diversas formas de organiza\u00e7\u00e3o.<\/p>\n<p>A resposta dos governos e dos monop\u00f3lios midi\u00e1ticos \u00e9 a sistem\u00e1tica tentativa de criminalizar os movimentos, a fim de legitimar a repress\u00e3o aos protestos populares. Tal repress\u00e3o foi t\u00e3o descabida que at\u00e9 rep\u00f3rteres foram arbitrariamente atacados durante os atos. Em um per\u00edodo de organiza\u00e7\u00e3o de grandes eventos internacionais no Brasil, este tipo de a\u00e7\u00e3o policial, t\u00e3o comum no cotidiano dos bairros populares, \u00e9 apenas uma amostra do trato pol\u00edtico que as reivindica\u00e7\u00f5es dos trabalhadores ter\u00e3o se n\u00e3o estiverem de acordo com o interesse dos monop\u00f3lios e da acumula\u00e7\u00e3o capitalista.<\/p>\n<p>Os governantes dos mais distintos partidos pol\u00edticos da ordem tentam veicular a ideia de que os protestos seriam apenas contra um irris\u00f3rio aumento de 0,20 centavos. Eles dizem tamb\u00e9m que os protestos s\u00e3o produto da a\u00e7\u00e3o de algumas organiza\u00e7\u00f5es e partidos que tentam tumultuar a ordem do pa\u00eds diante dos m\u00ednimos efeitos da crise mundial. No entanto, estes governantes vinculados ao projeto burgu\u00eas para o pa\u00eds, que s\u00e3o de partidos como o PT, PSDB, DEM, PMDB e suas for\u00e7as auxiliares, esquecem que cerca de 40% do or\u00e7amento dom\u00e9stico dos trabalhadores s\u00e3o destinados a pagar estas tarifas de transporte. Um servi\u00e7o sem qualidade, no qual a juventude e os trabalhadores s\u00e3o tratados como gado \u2013 ou pior. Tal servi\u00e7o tem como objetivo apenas promover altos lucros para as empresas de \u00f4nibus, grandes financiadoras das campanhas eleitorais desses partidos da ordem.<\/p>\n<p>Portanto, esta luta contra o aumento e por um transporte p\u00fablico de qualidade \u00e9 uma demanda sentida na pele por milh\u00f5es de brasileiros e brasileiras. Uma demanda por melhores condi\u00e7\u00f5es de vida para a popula\u00e7\u00e3o. E como os governos e partidos comprometidos com os interesses dos empres\u00e1rios respondem a esta demanda? Reprimindo, criminalizando e menosprezando a luta deste movimento.<\/p>\n<p>N\u00f3s da Uni\u00e3o da Juventude Comunista, n\u00e3o temos d\u00favida de que lado da trincheira estamos nestas lutas. Estamos ao lado da juventude e do povo trabalhador em movimento. Devemos aprofundar n\u00e3o s\u00f3 as mobiliza\u00e7\u00f5es, mas a organiza\u00e7\u00e3o permanente das demandas destes protestos. Na atual conjuntura, lutar contra o aumento das passagens e por um melhor transporte p\u00fablico \u00e9 lutar contra a mercantiliza\u00e7\u00e3o da vida e contra a natureza privatista de um direito humano fundamental que o capitalismo nos nega: o direito de ir e vir.<\/p>\n<p>Esta luta mostra para os trabalhadores que, apesar da \u201cdemocratiza\u00e7\u00e3o\u201d do consumo via cr\u00e9dito, demandas estruturais para a classe trabalhadora (como sa\u00fade p\u00fablica estatal e de qualidade, educa\u00e7\u00e3o p\u00fablica, reforma agr\u00e1ria e urbana, transporte p\u00fablico de qualidade e conquista de direitos sociais b\u00e1sicos) n\u00e3o ser\u00e3o conquistados por partidos e governos que compactuam com a atual ordem do capital. Estamos certos de que a luta pela defesa da vida humana \u00e9 mais importante que a preserva\u00e7\u00e3o dos interesses particulares da acumula\u00e7\u00e3o capitalista. Por isso, ocupemos as ruas! A vida \u00e9 mais importante que lucros do grande capital!<\/p>\n<p>&#8211; Redu\u00e7\u00e3o das tarifas j\u00e1! Pela estatiza\u00e7\u00e3o das empresas de \u00f4nibus, visando a cria\u00e7\u00e3o da tarifa zero! Transporte p\u00fablico e de qualidade para o povo trabalhador!<\/p>\n<p>&#8211; Contra a criminaliza\u00e7\u00e3o e repress\u00e3o dos movimentos sociais! Quest\u00e3o social n\u00e3o \u00e9 caso de pol\u00edcia!<\/p>\n<p>&#8211; Passe livre j\u00e1! Para estudantes secundaristas, universit\u00e1rios e para os desempregados!<\/p>\n<p>&#8211; Pela organiza\u00e7\u00e3o dos f\u00f3runs populares sobre transporte p\u00fablico e mobilidade urbana! Construindo o poder popular!<\/p>\n<p>&#8211; Abaixo os governos do grande capital! Contra a mercantiliza\u00e7\u00e3o da vida!<\/p>\n<p><strong>Coordena\u00e7\u00e3o Nacional da Uni\u00e3o da Juventude Comunista<\/strong><\/p>\n<blockquote data-secret=\"QlSL5t6kAn\" class=\"wp-embedded-content\"><p><a href=\"https:\/\/pcb.org.br\/portal2\/795\">Programa eleitoral do PCB para Presid\u00eancia da Rep\u00fablica &#8211; 11<\/a><\/p><\/blockquote>\n<p><iframe loading=\"lazy\" class=\"wp-embedded-content\" sandbox=\"allow-scripts\" security=\"restricted\" style=\"position: absolute; clip: rect(1px, 1px, 1px, 1px);\" src=\"https:\/\/pcb.org.br\/portal2\/795\/embed#?secret=QlSL5t6kAn\" data-secret=\"QlSL5t6kAn\" width=\"600\" height=\"338\" title=\"&#8220;Programa eleitoral do PCB para Presid\u00eancia da Rep\u00fablica &#8211; 11&#8221; &#8212; PCB - Partido Comunista Brasileiro\" frameborder=\"0\" marginwidth=\"0\" marginheight=\"0\" scrolling=\"no\"><\/iframe><\/p>\n","protected":false},"excerpt":{"rendered":"\n<a class=\"moretag\" href=\"https:\/\/pcb.org.br\/portal2\/4993\"> <\/a>","protected":false},"author":1,"featured_media":0,"comment_status":"open","ping_status":"open","sticky":false,"template":"","format":"standard","meta":{"jetpack_post_was_ever_published":false,"_jetpack_newsletter_access":"","_jetpack_dont_email_post_to_subs":false,"_jetpack_newsletter_tier_id":0,"_jetpack_memberships_contains_paywalled_content":false,"_jetpack_memberships_contains_paid_content":false,"footnotes":"","jetpack_publicize_message":"","jetpack_publicize_feature_enabled":true,"jetpack_social_post_already_shared":false,"jetpack_social_options":{"image_generator_settings":{"template":"highway","default_image_id":0,"font":"","enabled":false},"version":2}},"categories":[27],"tags":[],"class_list":["post-4993","post","type-post","status-publish","format-standard","hentry","category-c27-ujc"],"jetpack_publicize_connections":[],"jetpack_featured_media_url":"","jetpack_shortlink":"https:\/\/wp.me\/p659gw-1ix","jetpack-related-posts":[],"jetpack_likes_enabled":true,"jetpack_sharing_enabled":true,"_links":{"self":[{"href":"https:\/\/pcb.org.br\/portal2\/wp-json\/wp\/v2\/posts\/4993","targetHints":{"allow":["GET"]}}],"collection":[{"href":"https:\/\/pcb.org.br\/portal2\/wp-json\/wp\/v2\/posts"}],"about":[{"href":"https:\/\/pcb.org.br\/portal2\/wp-json\/wp\/v2\/types\/post"}],"author":[{"embeddable":true,"href":"https:\/\/pcb.org.br\/portal2\/wp-json\/wp\/v2\/users\/1"}],"replies":[{"embeddable":true,"href":"https:\/\/pcb.org.br\/portal2\/wp-json\/wp\/v2\/comments?post=4993"}],"version-history":[{"count":0,"href":"https:\/\/pcb.org.br\/portal2\/wp-json\/wp\/v2\/posts\/4993\/revisions"}],"wp:attachment":[{"href":"https:\/\/pcb.org.br\/portal2\/wp-json\/wp\/v2\/media?parent=4993"}],"wp:term":[{"taxonomy":"category","embeddable":true,"href":"https:\/\/pcb.org.br\/portal2\/wp-json\/wp\/v2\/categories?post=4993"},{"taxonomy":"post_tag","embeddable":true,"href":"https:\/\/pcb.org.br\/portal2\/wp-json\/wp\/v2\/tags?post=4993"}],"curies":[{"name":"wp","href":"https:\/\/api.w.org\/{rel}","templated":true}]}}