{"id":5,"date":"2009-11-19T05:07:18","date_gmt":"2009-11-19T05:07:18","guid":{"rendered":"http:\/\/pcb.org.br\/portal2\/?p=5"},"modified":"2009-11-19T05:07:18","modified_gmt":"2009-11-19T05:07:18","slug":"battisti-vai-viver-ou-morrer-no-brasil-daqui-nao-saira","status":"publish","type":"post","link":"https:\/\/pcb.org.br\/portal2\/5","title":{"rendered":"BATTISTI VAI VIVER OU MORRER NO BRASIL. DAQUI N\u00c3O SAIR\u00c1"},"content":{"rendered":"\n<p>&#8211; J\u00e1 n\u00e3o existe mais Supremo Tribunal Federal. Isso a\u00ed agora \u00e9 uma delegacia de pol\u00edcia.<\/p>\n<p>S\u00f3 faltou acrescentar: dos tempos da ditadura militar. Uma delegacia como o distrito policial que servia de fachada para os carrascos da Opera\u00e7\u00e3o Bandeirantes.<\/p>\n<p>Quem passava pela rua Tut\u00f3ia, no bairro paulistano do Para\u00edso (!!!), s\u00f3 via as instala\u00e7\u00f5es de uma institui\u00e7\u00e3o dedicada a proteger os cidad\u00e3os.<\/p>\n<p>Nos fundos, sorrateiramente, infiltraram-se os efetivos de uma institui\u00e7\u00e3o infernal, dedicados a atentar contra a liberdade, a integridade f\u00edsica e a pr\u00f3pria vida dos cidad\u00e3os.<\/p>\n<p>Tamb\u00e9m o STF tem efetivos dedicados a tal faina.<\/p>\n<p>J\u00e1 atentaram contra a liberdade do escritor e perseguido pol\u00edtico Cesare Battisti, ordenando sua discut\u00edvel deten\u00e7\u00e3o e mantendo-o sequestrado depois que o Governo brasileiro lhe concedeu ref\u00fagio humanit\u00e1rio, h\u00e1 dez meses.<\/p>\n<p>Tamb\u00e9m atentaram contra sua integridade f\u00edsica: a ansiedade e a m\u00e1goa por estar sendo t\u00e3o injusti\u00e7ado o reduziram a um trapo.<\/p>\n<p>E tramam contra sua vida, pois &#8212; prestem muita aten\u00e7\u00e3o no que afirmo! &#8212; Cesare Battisti jamais ser\u00e1 extraditado para a It\u00e1lia. Vai viver ou morrer no Brasil, dependendo da decis\u00e3o das autoridades brasileiras. Daqui n\u00e3o sair\u00e1.<\/p>\n<p>Na 5\u00aa feira em que o ministro Marco Aur\u00e9lio Mello honrou as cal\u00e7as que veste, voc\u00eas-sabem-quem se comportou como um garoto assustado: molhou-as e preferiu n\u00e3o aparecer em p\u00fablico, pensando que assim evitaria o vexame.<\/p>\n<p>Em v\u00e3o: seu papel neste drama jamais ser\u00e1 esquecido. Ou vai buscar sua dignidade onde a atirou, ou passar\u00e1 \u00e0 Hist\u00f3ria com o estigma da inf\u00e2mia e da cumplicidade num assassinato.<\/p>\n<p>Pois, repito: Cesare Battisti n\u00e3o ser\u00e1 extraditado para a It\u00e1lia. Vai viver ou morrer no Brasil. Daqui n\u00e3o sair\u00e1.<\/p>\n<p>Falo o que dele ouvi e tenho absoluta certeza de que cumprir\u00e1 o que disse, pois pertence \u00e0 classe dos homens, n\u00e3o \u00e0 dos garotinhos mij\u00f5es.<\/p>\n<p>Marco Aur\u00e9lio n\u00e3o apenas votou, mas fez o verdadeiro relat\u00f3rio do Caso Battisti, reduzindo a p\u00f3 o papelucho de C\u00e9sar Peluso.<\/p>\n<p>Provou, sem deixar sombra de d\u00favida, que o STF n\u00e3o tem direito de rever o ref\u00fagio concedido a Battisti.<\/p>\n<p>Est\u00e1 apenas usurpando prerrogativa de outro Poder, o que implica burlar uma lei e ignorar a jurisprud\u00eancia firmada nos casos cong\u00eaneres por ele pr\u00f3prio apreciados anteriormente.<\/p>\n<p>Provou que a senten\u00e7a que a It\u00e1lia quer ver aplicada contra Battisti especifica claramente (34 vezes!) que os delitos cometidos pelos Prolet\u00e1rios Armados para o Comunismo constitu\u00edam subvers\u00e3o contra o poder do Estado.<\/p>\n<p>O pobre Tarso Genro, por proclamar esta obviedade, foi fulminado como juridicamente ignorante pela engrenagem de comunica\u00e7\u00e3o a servi\u00e7o dos juridicamente matreiros e juridicamente delinquentes.<\/p>\n<p>Provou que os delitos falsamente imputados a Battisti est\u00e3o, ademais, prescritos.<\/p>\n<p>E provou a m\u00e1 f\u00e9 dos que, depois de ouvirem a verdade cristalina, n\u00e3o modificaram seu voto, para agirem como verdadeiros juristas.<\/p>\n<p>Por enquanto, n\u00e3o passam de vis linchadores, da mesma laia daqueles que entregaram Olga Ben\u00e1rio aos nazistas (pois foi o STF quem decidiu tal ignom\u00ednia, tendo Get\u00falio Vargas apenas lavado as m\u00e3os, ao ignorar o pedido de clem\u00eancia).<\/p>\n<p>E ser\u00e3o definitivamente linchadores se desperdi\u00e7arem a \u00faltima oportunidade, na pr\u00f3xima 4\u00aa feira (18), para salvarem sua reputa\u00e7\u00e3o e sua honra, evitando acumplicar-se com um assassinato.<\/p>\n<p>Pois, a minha \u00faltima palavra \u00e9 tamb\u00e9m a definitiva de Cesare Battisti: ele vai viver ou morrer no Brasil. Daqui n\u00e3o sair\u00e1.<\/p>\n<p>*Jornalista, escritor e ex-preso pol\u00edtico.<\/p>\n<p>Fonte: <a href=\"http:\/\/naufrago-da-utopia.blogspot.com\" target=\"_self\">http:\/\/naufrago-da-utopia.blogspot.com<\/a><\/p>\n","protected":false},"excerpt":{"rendered":"\n\n\nCr\u00e9dito: celsolungaretti-orebate.blogspot.com\n\n\n\n\nCelso Lungaretti*\nTerminada a segunda sess\u00e3o do julgamento do pedido de extradi\u00e7\u00e3o de Cesare Battisti no Supremo Tribunal Federal, batalh\u00f5es de jornalistas colhiam as impress\u00f5es dos personagens do Brasil oficial \u00e0 porta da lei (kafkiana como nunca!), mas quem fazia a melhor avalia\u00e7\u00e3o dos acontecimentos era o jovem orador que, com seu megafone, falava a algumas dezenas de outros jovens, localizados a uns 300 metros de dist\u00e2ncia, no Brasil real:\n<a class=\"moretag\" href=\"https:\/\/pcb.org.br\/portal2\/5\"> <\/a>","protected":false},"author":1,"featured_media":0,"comment_status":"open","ping_status":"open","sticky":false,"template":"","format":"standard","meta":{"jetpack_post_was_ever_published":false,"_jetpack_newsletter_access":"","_jetpack_dont_email_post_to_subs":false,"_jetpack_newsletter_tier_id":0,"_jetpack_memberships_contains_paywalled_content":false,"_jetpack_memberships_contains_paid_content":false,"footnotes":"","jetpack_publicize_message":"","jetpack_publicize_feature_enabled":true,"jetpack_social_post_already_shared":false,"jetpack_social_options":{"image_generator_settings":{"template":"highway","default_image_id":0,"font":"","enabled":false},"version":2}},"categories":[37],"tags":[],"class_list":["post-5","post","type-post","status-publish","format-standard","hentry","category-c42-comunistas"],"jetpack_publicize_connections":[],"jetpack_featured_media_url":"","jetpack_shortlink":"https:\/\/wp.me\/p659gw-5","jetpack-related-posts":[],"jetpack_likes_enabled":true,"jetpack_sharing_enabled":true,"_links":{"self":[{"href":"https:\/\/pcb.org.br\/portal2\/wp-json\/wp\/v2\/posts\/5","targetHints":{"allow":["GET"]}}],"collection":[{"href":"https:\/\/pcb.org.br\/portal2\/wp-json\/wp\/v2\/posts"}],"about":[{"href":"https:\/\/pcb.org.br\/portal2\/wp-json\/wp\/v2\/types\/post"}],"author":[{"embeddable":true,"href":"https:\/\/pcb.org.br\/portal2\/wp-json\/wp\/v2\/users\/1"}],"replies":[{"embeddable":true,"href":"https:\/\/pcb.org.br\/portal2\/wp-json\/wp\/v2\/comments?post=5"}],"version-history":[{"count":0,"href":"https:\/\/pcb.org.br\/portal2\/wp-json\/wp\/v2\/posts\/5\/revisions"}],"wp:attachment":[{"href":"https:\/\/pcb.org.br\/portal2\/wp-json\/wp\/v2\/media?parent=5"}],"wp:term":[{"taxonomy":"category","embeddable":true,"href":"https:\/\/pcb.org.br\/portal2\/wp-json\/wp\/v2\/categories?post=5"},{"taxonomy":"post_tag","embeddable":true,"href":"https:\/\/pcb.org.br\/portal2\/wp-json\/wp\/v2\/tags?post=5"}],"curies":[{"name":"wp","href":"https:\/\/api.w.org\/{rel}","templated":true}]}}