{"id":5001,"date":"2013-06-20T17:39:07","date_gmt":"2013-06-20T17:39:07","guid":{"rendered":"http:\/\/pcb.org.br\/portal2\/?p=5001"},"modified":"2013-06-20T17:39:07","modified_gmt":"2013-06-20T17:39:07","slug":"toda-forca-ao-movimento-popular-nao-ao-fascismo","status":"publish","type":"post","link":"https:\/\/pcb.org.br\/portal2\/5001","title":{"rendered":"Toda for\u00e7a ao movimento popular! N\u00e3o ao fascismo!"},"content":{"rendered":"\n<p>Por todo o pa\u00eds, centenas de milhares de pessoas, em sua maioria jovens, v\u00eam ocupando as ruas para demonstrar insatisfa\u00e7\u00e3o com o aumento do pre\u00e7o das passagens, dos alimentos e dos servi\u00e7os p\u00fablicos em geral, al\u00e9m de outras quest\u00f5es, provocadas pela ofensiva do capitalismo contra nossos direitos, como o desmonte da sa\u00fade e da educa\u00e7\u00e3o, as privatiza\u00e7\u00f5es, a brutalidade policial, a corrup\u00e7\u00e3o, a desigual distribui\u00e7\u00e3o da renda, a precariza\u00e7\u00e3o do trabalho, a falta de perspectivas para a maioria dos jovens e, sobretudo, o sentimento de trai\u00e7\u00e3o do governo e a farsa da democracia burguesa.<\/p>\n<p>O crescimento do movimento fez com que governos municipais e estaduais recuassem da sua postura inicial de intransig\u00eancia e reduzissem as tarifas. Ao faz\u00ea-lo, no entanto, anunciaram que, para compensar a queda do pre\u00e7o das passagens, teriam que retirar verbas de outras \u00e1reas, insinuando cortes em setores sociais. Trata-se de claro falseamento dos fatos, pois esses e outros recursos para resolver problemas sociais podem ser obtidos das obras desnecess\u00e1rias e superfaturadas, como a do Maracan\u00e3, do pagamento de juros aos banqueiros, do super\u00e1vit prim\u00e1rio.<\/p>\n<p>O\u00a0<strong>Partido Comunista Brasileiro (PCB)<\/strong> e a\u00a0<strong>Uni\u00e3o da Juventude Comunista (UJC)<\/strong> participam ativamente dos atos em todo o pa\u00eds, com seus militantes, apoiadores e aliados, suas bandeiras e propostas para a solu\u00e7\u00e3o dos problemas apontados pelos manifestantes. As ruas s\u00e3o o espa\u00e7o prop\u00edcio para o exerc\u00edcio da a\u00e7\u00e3o pol\u00edtica, a livre manifesta\u00e7\u00e3o das vontades e ideias dos indiv\u00edduos e dos grupos organizados em partidos, sindicatos e outras formas pol\u00edticas e sociais que contribuem para a reflex\u00e3o e o encaminhamento das lutas. Foi nas ruas que os comunistas, as esquerdas e outros setores sociais venceram a campanha \u201cO Petr\u00f3leo \u00e9 Nosso\u201d nos anos 50 e derrotaram a ditadura na d\u00e9cada de 1980. \u00c9 nas ruas que lutamos por melhores condi\u00e7\u00f5es de vida e trabalho e por uma sociedade igualit\u00e1ria, sem exploradores nem explorados.<\/p>\n<p>Com o crescimento das manifesta\u00e7\u00f5es, segmentos da direita tentam impedir que partidos, sindicatos e outras organiza\u00e7\u00f5es pol\u00edticas e sociais se manifestem. Ocorrem tamb\u00e9m atos de viol\u00eancia, como depreda\u00e7\u00f5es de pr\u00e9dios p\u00fablicos, promovidos por provocadores, sobretudo grupos de direita.\u00a0A desproporcional viol\u00eancia policial, exatamente a mesma em todos os pa\u00edses capitalistas onde os povos se levantam, se encontra com a dos provocadores, dando \u00e0 m\u00eddia burguesa oportunidade para exigir que as manifesta\u00e7\u00f5es sejam nacionalistas, ordeiras e sem os partidos de bandeiras vermelhas. Tentam sequestrar o movimento, jogando a massa despolitizada contra os partidos de voca\u00e7\u00e3o socialista.<\/p>\n<p>O PCB repudia veementemente essas duas faces da viol\u00eancia e prop\u00f5e \u00e0s organiza\u00e7\u00f5es pol\u00edticas e movimentos do campo popular a se unirem nas ruas e para al\u00e9m dessas manifesta\u00e7\u00f5es. Vamos garantir a livre manifesta\u00e7\u00e3o popular e barrar o antipartidarismo, que s\u00f3 interessa \u00e0 direita. O movimento \u00e9 suprapartid\u00e1rio, com pessoas, partidos e organiza\u00e7\u00f5es diversas em sua composi\u00e7\u00e3o. Mas n\u00e3o pode ser apartid\u00e1rio.<\/p>\n<p>\u00c9 preciso fortalecer as lutas populares, com a presen\u00e7a dos trabalhadores organizados, apontando para a estatiza\u00e7\u00e3o do sistema de transportes, sob controle da popula\u00e7\u00e3o, mostrando que s\u00f3 assim poderemos conquistar a tarifa zero; \u00e9 preciso lutar pela desmilitariza\u00e7\u00e3o das pol\u00edcias, avan\u00e7ar na defesa da sa\u00fade e da educa\u00e7\u00e3o p\u00fablicas, dentre outras lutas. Mas temos que chamar a aten\u00e7\u00e3o para as ra\u00edzes dos problemas que nos afligem, n\u00e3o apenas suas consequ\u00eancias: quanto mais capitalismo, mais desigualdade e mais exclus\u00e3o. Nossa luta \u00e9 contra o sistema capitalista e em defesa do socialismo. Vamos formar uma ampla frente anticapitalista, combativa, para, com unidade de a\u00e7\u00e3o, avan\u00e7ar por amplas conquistas do movimento popular e pela sociedade socialista.<\/p>\n<p><strong>N\u00c3O BASTA SE INDIGNAR: \u00c9 PRECISO MUDAR O SISTEMA!<\/strong><\/p>\n<p>Secretariado Nacional<\/p>\n<p>PCB &#8211; Partido Comunista Brasileiro<\/p>\n","protected":false},"excerpt":{"rendered":"\n<a class=\"moretag\" href=\"https:\/\/pcb.org.br\/portal2\/5001\"> <\/a>","protected":false},"author":1,"featured_media":0,"comment_status":"open","ping_status":"open","sticky":false,"template":"","format":"standard","meta":{"jetpack_post_was_ever_published":false,"_jetpack_newsletter_access":"","_jetpack_dont_email_post_to_subs":false,"_jetpack_newsletter_tier_id":0,"_jetpack_memberships_contains_paywalled_content":false,"_jetpack_memberships_contains_paid_content":false,"footnotes":"","jetpack_publicize_message":"","jetpack_publicize_feature_enabled":true,"jetpack_social_post_already_shared":false,"jetpack_social_options":{"image_generator_settings":{"template":"highway","default_image_id":0,"font":"","enabled":false},"version":2}},"categories":[26],"tags":[],"class_list":["post-5001","post","type-post","status-publish","format-standard","hentry","category-c25-notas-politicas-do-pcb"],"jetpack_publicize_connections":[],"jetpack_featured_media_url":"","jetpack_shortlink":"https:\/\/wp.me\/p659gw-1iF","jetpack-related-posts":[],"jetpack_likes_enabled":true,"jetpack_sharing_enabled":true,"_links":{"self":[{"href":"https:\/\/pcb.org.br\/portal2\/wp-json\/wp\/v2\/posts\/5001","targetHints":{"allow":["GET"]}}],"collection":[{"href":"https:\/\/pcb.org.br\/portal2\/wp-json\/wp\/v2\/posts"}],"about":[{"href":"https:\/\/pcb.org.br\/portal2\/wp-json\/wp\/v2\/types\/post"}],"author":[{"embeddable":true,"href":"https:\/\/pcb.org.br\/portal2\/wp-json\/wp\/v2\/users\/1"}],"replies":[{"embeddable":true,"href":"https:\/\/pcb.org.br\/portal2\/wp-json\/wp\/v2\/comments?post=5001"}],"version-history":[{"count":0,"href":"https:\/\/pcb.org.br\/portal2\/wp-json\/wp\/v2\/posts\/5001\/revisions"}],"wp:attachment":[{"href":"https:\/\/pcb.org.br\/portal2\/wp-json\/wp\/v2\/media?parent=5001"}],"wp:term":[{"taxonomy":"category","embeddable":true,"href":"https:\/\/pcb.org.br\/portal2\/wp-json\/wp\/v2\/categories?post=5001"},{"taxonomy":"post_tag","embeddable":true,"href":"https:\/\/pcb.org.br\/portal2\/wp-json\/wp\/v2\/tags?post=5001"}],"curies":[{"name":"wp","href":"https:\/\/api.w.org\/{rel}","templated":true}]}}