{"id":5018,"date":"2013-06-26T15:58:24","date_gmt":"2013-06-26T15:58:24","guid":{"rendered":"http:\/\/pcb.org.br\/portal2\/?p=5018"},"modified":"2013-06-26T15:58:24","modified_gmt":"2013-06-26T15:58:24","slug":"necessidade-de-lutar-contra-o-anticomunismo","status":"publish","type":"post","link":"https:\/\/pcb.org.br\/portal2\/5018","title":{"rendered":"Necessidade de lutar contra o anticomunismo"},"content":{"rendered":"\n<p>Caros camaradas,<\/p>\n<p>Desde a derrota sofrida pelo movimento comunista internacional na RDA, na Uni\u00e3o Sovi\u00e9tica e na Europa Oriental, uma campanha permanente foi desencadeada com o objetivo de satanizar e criminalizar o comunismo hist\u00f3rico e, mais amplamente, as id\u00e9ias de revolu\u00e7\u00e3o, de luta de classes e de oposi\u00e7\u00e3o popular \u00e0 EU (Uni\u00e3o Europ\u00e9ia).<\/p>\n<p>Todos os tipos de meios, dos mais rudes aos mais sofisticados, t\u00eam sido utilizados para esse prop\u00f3sito, sendo a m\u00eddia de massa, os canais de TV e os livros escolares os mais cru\u00e9is e trai\u00e7oeiros. Medidas legais e persegui\u00e7\u00f5es pr\u00e1ticas tem sido igualmente tentadas &#8211; \u00e1s vezes com sucesso, como na Hungria, \u00e0s vezes sem sucesso, como na Mold\u00e1via &#8211; a fim de proibir s\u00edmbolos comunistas como a foice e o martelo ou at\u00e9 mesmo o pr\u00f3prio uso da palavra &#8220;comunista&#8221;. Estas medidas repressivas s\u00e3o todas mais perigosas do que alguns partidos ocidentais que afirmam-se comunistas e viraram as costas para estes s\u00edmbolos em vez de defend\u00ea-los contra o inimigo de classe. Alguns partidos orientais foram obrigados a mudar seus nomes, alguns cidad\u00e3os supostamente simp\u00e1ticos aos antigos Estados socialistas est\u00e3o sendo demitidos ou s\u00e3o privados de suas aposentadorias, particularmente na ex-RDA. Campanhas que apregoam a equival\u00eancia \u201ccomunismo = fascismo\u201d, \u201cStalin = Hitler\u201d, confundindo assim os carrascos nazistas dos povos da Europa e os libertadores sovi\u00e9ticos destes mesmos povos. Esta propaganda imunda pode causar incalcul\u00e1veis estragos pol\u00edticos, causando primeiro uma relativiza\u00e7\u00e3o do fascismo, em seguida sua banaliza\u00e7\u00e3o e, por fim, sua justifica\u00e7\u00e3o que, em tempos de crise do capitalismo, torna-se uma carta na manga no jogo pol\u00edtico do capital, o que \u00e9 extremamente preocupante.<\/p>\n<p>Considerando-se os passos adiante alcan\u00e7ados pela &#8220;Europa Federal&#8221;, projeto supranacional e imperialista ligado \u00e0 uni\u00e3o transatl\u00e2ntica EUA-UE, podemos legitimamente prever tentativas de ampliar as medidas repressivas tomadas na Europa Oriental, na Europa Ocidental e Am\u00e9rica do Norte, se n\u00e3o lutarmos juntos e de forma adequada contra isto. \u00c9 f\u00e1cil enfrentar os euro-macartistas ca\u00e7adores de bruxas com suas contradi\u00e7\u00f5es: atrav\u00e9s de toda a &#8220;guerra fria&#8221;, reprovavam o comunismo hist\u00f3rico pela &#8220;falta de pluralismo pol\u00edtico&#8221;, mas, assim que a contra-revolu\u00e7\u00e3o assumiu, essas &#8220;democracias&#8221; lan\u00e7aram ataques recorrentes contra a liberdade de opini\u00e3o e express\u00e3o, visando, al\u00e9m dos comunistas, todo o movimento democr\u00e1tico e popular.<\/p>\n<p>Caros camaradas,<\/p>\n<p>Achamos necess\u00e1rio refor\u00e7ar a solidariedade de classe com os comunistas perseguidos e dar um impulso permanente para a campanha internacional contra a criminaliza\u00e7\u00e3o do comunismo e o euro-macartismo, que recebeu uma bem-vinda resposta internacional do relat\u00f3rio Lindblad. Os encontros anuais vi\u00e1veis \u200b\u200bpoderiam ser organizados nos dias 7 de novembro, no 2 de fevereiro ou 18 de mar\u00e7o (pela Comuna de Paris, contra a qual a maci\u00e7a repress\u00e3o anticomunista iniciou sua trajet\u00f3ria sangrenta).<\/p>\n<p>Na Fran\u00e7a, o PRCF vai trabalhar nesse sentido em sua barraca na &#8220;Festa do \u00a0l&#8217;Humanit\u00e9&#8221; e ter\u00e1 o prazer de acolher as organiza\u00e7\u00f5es estrangeiras dispostas a fazer o mesmo. Nossa confer\u00eancia internacional (4 e 5 de maio, em Paris) j\u00e1 reafirmou nossa solidariedade para com os partidos comunistas da Pol\u00f4nia, Hungria e Tchequia.<\/p>\n<p>Recebam, queridos camaradas, nossas fraternais sauda\u00e7\u00f5es comunistas.<\/p>\n<p>Secretaria Nacional do PRCF<\/p>\n","protected":false},"excerpt":{"rendered":"\n(Nota do PRCF)\n<a class=\"moretag\" href=\"https:\/\/pcb.org.br\/portal2\/5018\"> <\/a>","protected":false},"author":1,"featured_media":0,"comment_status":"open","ping_status":"open","sticky":false,"template":"","format":"standard","meta":{"jetpack_post_was_ever_published":false,"_jetpack_newsletter_access":"","_jetpack_dont_email_post_to_subs":false,"_jetpack_newsletter_tier_id":0,"_jetpack_memberships_contains_paywalled_content":false,"_jetpack_memberships_contains_paid_content":false,"footnotes":"","jetpack_publicize_message":"","jetpack_publicize_feature_enabled":true,"jetpack_social_post_already_shared":false,"jetpack_social_options":{"image_generator_settings":{"template":"highway","default_image_id":0,"font":"","enabled":false},"version":2}},"categories":[109],"tags":[],"class_list":["post-5018","post","type-post","status-publish","format-standard","hentry","category-c122-franca"],"jetpack_publicize_connections":[],"jetpack_featured_media_url":"","jetpack_shortlink":"https:\/\/wp.me\/p659gw-1iW","jetpack-related-posts":[],"jetpack_likes_enabled":true,"jetpack_sharing_enabled":true,"_links":{"self":[{"href":"https:\/\/pcb.org.br\/portal2\/wp-json\/wp\/v2\/posts\/5018","targetHints":{"allow":["GET"]}}],"collection":[{"href":"https:\/\/pcb.org.br\/portal2\/wp-json\/wp\/v2\/posts"}],"about":[{"href":"https:\/\/pcb.org.br\/portal2\/wp-json\/wp\/v2\/types\/post"}],"author":[{"embeddable":true,"href":"https:\/\/pcb.org.br\/portal2\/wp-json\/wp\/v2\/users\/1"}],"replies":[{"embeddable":true,"href":"https:\/\/pcb.org.br\/portal2\/wp-json\/wp\/v2\/comments?post=5018"}],"version-history":[{"count":0,"href":"https:\/\/pcb.org.br\/portal2\/wp-json\/wp\/v2\/posts\/5018\/revisions"}],"wp:attachment":[{"href":"https:\/\/pcb.org.br\/portal2\/wp-json\/wp\/v2\/media?parent=5018"}],"wp:term":[{"taxonomy":"category","embeddable":true,"href":"https:\/\/pcb.org.br\/portal2\/wp-json\/wp\/v2\/categories?post=5018"},{"taxonomy":"post_tag","embeddable":true,"href":"https:\/\/pcb.org.br\/portal2\/wp-json\/wp\/v2\/tags?post=5018"}],"curies":[{"name":"wp","href":"https:\/\/api.w.org\/{rel}","templated":true}]}}