{"id":5019,"date":"2013-06-26T16:02:18","date_gmt":"2013-06-26T16:02:18","guid":{"rendered":"http:\/\/pcb.org.br\/portal2\/?p=5019"},"modified":"2013-06-26T16:02:18","modified_gmt":"2013-06-26T16:02:18","slug":"o-discurso-fascista","status":"publish","type":"post","link":"https:\/\/pcb.org.br\/portal2\/5019","title":{"rendered":"O DISCURSO FASCISTA"},"content":{"rendered":"\n<p>Os rumos que tomaram as manifesta\u00e7\u00f5es no Brasil est\u00e3o cada vez mais perigosos. Est\u00e3o desconfigurando as pautas de reivindica\u00e7\u00e3o, o que temos s\u00e3o cada vez mais pautas abstratas e nacionalistas.<\/p>\n<p>O discurso fascista anti-partid\u00e1rio e autorit\u00e1rio do &#8220;meu partido \u00e9 o Brasil&#8221; ganhou um eco enorme. Os manifestantes mandam autoritariamente &#8211; sem saber o que est\u00e3o fazendo &#8211; baixarem as gloriosas bandeiras que sobreviveram ao fascismo, ao nazismo e \u00e0s ditaduras militares, para conquistar essa rec\u00e9m democracia burguesa brasileira. O sentimento anti-partido \u00e9 legitimo por um lado, por causa das experi\u00eancias de partidos burgueses como o PSDB e o DEM (que historicamente nunca levantaram bandeiras e justamente se forjam com esse discurso patri\u00f3tico); por outro lado &#8211; \u00e9 aqui que est\u00e1 a trag\u00e9dia da esperan\u00e7a &#8211; \u00e9 um sentimento de TRAI\u00c7\u00c3O das bandeiras vermelhas, por causa da experi\u00eancia desastrosa do governo do PT e PCdoB, um governo de frente popular que nem ao menos conseguiu ser um governo reformista radical.<\/p>\n<p>Os respingos desta trai\u00e7\u00e3o ca\u00edram sobre as bandeiras vermelhas que n\u00e3o se renderam ao Capital e ao fisiologismo. Respingou nos militantes obstinados das vermelhas bandeiras do PSTU, do PCB e do PCO, e da amarelinha do PSOL, que atrav\u00e9s da democracia oper\u00e1ria (mesmo com algumas contradi\u00e7\u00f5es), fizeram da rua n\u00e3o arquibancada, mas trincheiras de lutas contra os ataques neoliberais dos governos do PT\/PSDB aos trabalhadores e \u00e0 popula\u00e7\u00e3o pobre.<\/p>\n<p>E esses obstinados nunca dormiram, est\u00e3o acordados h\u00e1 d\u00e9cada de anos. N\u00e3o ser\u00e1 agora que ir\u00e3o dormir ou abaixar as bandeiras. \u00c9 com paci\u00eancia revolucion\u00e1ria que combater\u00e3o a resson\u00e2ncia reacion\u00e1ria que atinge esse grande setor da classe m\u00e9dia e setores desarticulados e desorganizados das classes trabalhadoras.<\/p>\n<p>Uma coisa \u00e9 certa: \u00e9 hora da verdadeira esquerda se unir. Marx, talvez hoje estaria dizendo: &#8220;esquerdas do Brasil, unam-se&#8221;!<\/p>\n","protected":false},"excerpt":{"rendered":"\nThiago Roney\n<a class=\"moretag\" href=\"https:\/\/pcb.org.br\/portal2\/5019\"> <\/a>","protected":false},"author":1,"featured_media":0,"comment_status":"open","ping_status":"open","sticky":false,"template":"","format":"standard","meta":{"jetpack_post_was_ever_published":false,"_jetpack_newsletter_access":"","_jetpack_dont_email_post_to_subs":false,"_jetpack_newsletter_tier_id":0,"_jetpack_memberships_contains_paywalled_content":false,"_jetpack_memberships_contains_paid_content":false,"footnotes":"","jetpack_publicize_message":"","jetpack_publicize_feature_enabled":true,"jetpack_social_post_already_shared":false,"jetpack_social_options":{"image_generator_settings":{"template":"highway","default_image_id":0,"font":"","enabled":false},"version":2}},"categories":[119],"tags":[],"class_list":["post-5019","post","type-post","status-publish","format-standard","hentry","category-c132-passe-livre"],"jetpack_publicize_connections":[],"jetpack_featured_media_url":"","jetpack_shortlink":"https:\/\/wp.me\/p659gw-1iX","jetpack-related-posts":[],"jetpack_likes_enabled":true,"jetpack_sharing_enabled":true,"_links":{"self":[{"href":"https:\/\/pcb.org.br\/portal2\/wp-json\/wp\/v2\/posts\/5019","targetHints":{"allow":["GET"]}}],"collection":[{"href":"https:\/\/pcb.org.br\/portal2\/wp-json\/wp\/v2\/posts"}],"about":[{"href":"https:\/\/pcb.org.br\/portal2\/wp-json\/wp\/v2\/types\/post"}],"author":[{"embeddable":true,"href":"https:\/\/pcb.org.br\/portal2\/wp-json\/wp\/v2\/users\/1"}],"replies":[{"embeddable":true,"href":"https:\/\/pcb.org.br\/portal2\/wp-json\/wp\/v2\/comments?post=5019"}],"version-history":[{"count":0,"href":"https:\/\/pcb.org.br\/portal2\/wp-json\/wp\/v2\/posts\/5019\/revisions"}],"wp:attachment":[{"href":"https:\/\/pcb.org.br\/portal2\/wp-json\/wp\/v2\/media?parent=5019"}],"wp:term":[{"taxonomy":"category","embeddable":true,"href":"https:\/\/pcb.org.br\/portal2\/wp-json\/wp\/v2\/categories?post=5019"},{"taxonomy":"post_tag","embeddable":true,"href":"https:\/\/pcb.org.br\/portal2\/wp-json\/wp\/v2\/tags?post=5019"}],"curies":[{"name":"wp","href":"https:\/\/api.w.org\/{rel}","templated":true}]}}