{"id":506,"date":"2010-05-31T20:58:39","date_gmt":"2010-05-31T20:58:39","guid":{"rendered":"http:\/\/pcb.org.br\/portal2\/?p=506"},"modified":"2010-05-31T20:58:39","modified_gmt":"2010-05-31T20:58:39","slug":"mais-de-300-mil-contra-a-politica-de-direita","status":"publish","type":"post","link":"https:\/\/pcb.org.br\/portal2\/506","title":{"rendered":"Mais de 300 mil contra a pol\u00edtica de direita"},"content":{"rendered":"\n<p>Mais de 300 mil pessoas ocuparam o centro de Lisboa contra a pol\u00edtica de desastre nacional do PS e PSD. Com as avenidas Fontes Pereira de Melo, Ant\u00f3nio Augusto Aguiar cheias, assim como a pra\u00e7a Marqu\u00eas de Pombal, Avenida da Liberdade at\u00e9 aos Restauradores, uma massa imensa de indigna\u00e7\u00e3o, protesto e luta, respondeu ao apelo da CGTP-IN.<\/p>\n<p>Foi a maior manifesta\u00e7\u00e3o das \u00faltimas d\u00e9cadas, uma clara demonstra\u00e7\u00e3o da for\u00e7a, unidade e determina\u00e7\u00e3o da classe oper\u00e1ria e de todos os trabalhadores, que contou com a solidariedade e empenho do PCP.<\/p>\n<p>Esta impressionante jornada de luta, refor\u00e7ou a convic\u00e7\u00e3o de que \u00e9 poss\u00edvel derrotar a pol\u00edtica de desastre nacional, de abdica\u00e7\u00e3o dos interesses do pa\u00eds, de agravamento da explora\u00e7\u00e3o que o PS, o PSD e CDS querem impor aos trabalhadores e ao Povo.<\/p>\n<p>Perante a escalada de medidas contra os trabalhadores, o Povo e o pa\u00eds decididas nos \u00faltimos meses, esta foi a resposta do Povo portugu\u00eas, \u00e0s pretens\u00f5es dos grupos econ\u00f3micos e financeiros, do PS, do PSD e do CDS, uma clara exig\u00eancia de ruptura com a pol\u00edtica de direita, de mudan\u00e7a na vida nacional.<\/p>\n<p>Uma jornada que ficar\u00e1 inscrita na hist\u00f3ria da luta do Povo portugu\u00eas, uma afirma\u00e7\u00e3o patri\u00f3tica e de classe, um sinal de confian\u00e7a e esperan\u00e7a que se projectar\u00e1 no futuro.<\/p>\n<p><strong>A Luta continua!<\/strong><\/p>\n<p class=\"MsoNormal\">30 Maio 2010<\/p>\n<p class=\"MsoNormal\">Fonte: <a href=\"http:\/\/www.pcp.pt\/mais-de-300-mil-contra-pol%C3%ADtica-de-direita\" target=\"_blank\">http:\/\/www.pcp.pt\/mais-de-300-mil-contra-pol%C3%ADtica-de-direita<\/a><\/p>\n<p>Mais fotos: <a href=\"http:\/\/www.pcp.pt\/node\/243847\" target=\"_blank\">http:\/\/www.pcp.pt\/node\/243847<\/a><\/p>\n<p>Video: <a href=\"http:\/\/www.youtube.com\/watch?v=xD1MQVVtb3c&amp;feature=player_embedded\" target=\"_blank\">http:\/\/www.youtube.com\/watch?v=xD1MQVVtb3c<\/a><\/p>\n<p> <object width=\"480\" height=\"385\"><param name=\"movie\" value=\"http:\/\/www.youtube.com\/v\/xD1MQVVtb3c&amp;hl=en_US&amp;fs=1&amp;\" \/><param name=\"allowFullScreen\" value=\"true\" \/><param name=\"allowscriptaccess\" value=\"always\" \/><\/object> <\/p>\n","protected":false},"excerpt":{"rendered":"\n\n\nCr\u00e9dito: PCP\nClique na imagem para ampliar\n\n\n\n\nA maior manifesta\u00e7\u00e3o das \u00faltimas d\u00e9cadas\n<a class=\"moretag\" href=\"https:\/\/pcb.org.br\/portal2\/506\"> <\/a>","protected":false},"author":1,"featured_media":0,"comment_status":"open","ping_status":"open","sticky":false,"template":"","format":"standard","meta":{"jetpack_post_was_ever_published":false,"_jetpack_newsletter_access":"","_jetpack_dont_email_post_to_subs":false,"_jetpack_newsletter_tier_id":0,"_jetpack_memberships_contains_paywalled_content":false,"_jetpack_memberships_contains_paid_content":false,"footnotes":"","jetpack_publicize_message":"","jetpack_publicize_feature_enabled":true,"jetpack_social_post_already_shared":false,"jetpack_social_options":{"image_generator_settings":{"template":"highway","default_image_id":0,"font":"","enabled":false},"version":2}},"categories":[71],"tags":[],"class_list":["post-506","post","type-post","status-publish","format-standard","hentry","category-c84-solidariedade"],"jetpack_publicize_connections":[],"jetpack_featured_media_url":"","jetpack_shortlink":"https:\/\/wp.me\/p659gw-8a","jetpack-related-posts":[],"jetpack_likes_enabled":true,"jetpack_sharing_enabled":true,"_links":{"self":[{"href":"https:\/\/pcb.org.br\/portal2\/wp-json\/wp\/v2\/posts\/506","targetHints":{"allow":["GET"]}}],"collection":[{"href":"https:\/\/pcb.org.br\/portal2\/wp-json\/wp\/v2\/posts"}],"about":[{"href":"https:\/\/pcb.org.br\/portal2\/wp-json\/wp\/v2\/types\/post"}],"author":[{"embeddable":true,"href":"https:\/\/pcb.org.br\/portal2\/wp-json\/wp\/v2\/users\/1"}],"replies":[{"embeddable":true,"href":"https:\/\/pcb.org.br\/portal2\/wp-json\/wp\/v2\/comments?post=506"}],"version-history":[{"count":0,"href":"https:\/\/pcb.org.br\/portal2\/wp-json\/wp\/v2\/posts\/506\/revisions"}],"wp:attachment":[{"href":"https:\/\/pcb.org.br\/portal2\/wp-json\/wp\/v2\/media?parent=506"}],"wp:term":[{"taxonomy":"category","embeddable":true,"href":"https:\/\/pcb.org.br\/portal2\/wp-json\/wp\/v2\/categories?post=506"},{"taxonomy":"post_tag","embeddable":true,"href":"https:\/\/pcb.org.br\/portal2\/wp-json\/wp\/v2\/tags?post=506"}],"curies":[{"name":"wp","href":"https:\/\/api.w.org\/{rel}","templated":true}]}}