{"id":5065,"date":"2013-07-08T18:12:34","date_gmt":"2013-07-08T18:12:34","guid":{"rendered":"http:\/\/pcb.org.br\/portal2\/?p=5065"},"modified":"2013-07-08T18:12:34","modified_gmt":"2013-07-08T18:12:34","slug":"11-de-julho-de-2013-um-marco-da-retomada-das-manifestacoes-populares-contra-a-ordem-e-o-sistema","status":"publish","type":"post","link":"https:\/\/pcb.org.br\/portal2\/5065","title":{"rendered":"11 DE JULHO DE 2013: Um marco da retomada das manifesta\u00e7\u00f5es populares contra a ordem e o sistema"},"content":{"rendered":"\n<p>Nada como o acirramento da luta de classes para desnudar as diferen\u00e7as inconcili\u00e1veis entre reformistas e revolucion\u00e1rios. Neste 11 de julho de 2013, as chamadas \u201cesquerdas\u201d brasileiras se comportar\u00e3o de forma totalmente distinta, deixando clara a dificuldade de unidade entre elas, salvo em algumas quest\u00f5es pontuais.<\/p>\n<p>Em 26 de junho, as centrais sindicais pelegas e as for\u00e7as pol\u00edticas e sociais caudat\u00e1rias do governo convocaram um Dia Nacional de Lutas\u00a0<em>\u201cem defesa da democracia e dos direitos dos trabalhadores\u201d<\/em>. Como essas centrais n\u00e3o s\u00e3o de luta, mas de concilia\u00e7\u00e3o, tratava-se de defender o governo contra\u00a0<em>\u201co golpe da direita\u201d<\/em> e de tentar assumir o comando das manifesta\u00e7\u00f5es de rua, com vistas a enquadr\u00e1-las na ordem.<\/p>\n<p>Na semana passada, o governo orientou essas for\u00e7as a inclu\u00edrem e privilegiarem na pauta do 11 de julho uma bandeira que n\u00e3o constava da convoca\u00e7\u00e3o original: a chamada \u201creforma pol\u00edtica\u201d, na realidade uma mera reforma eleitoral para iludir o povo com a id\u00e9ia de que \u00e9 poss\u00edvel \u201cdemocratizar\u201d a democracia burguesa.<\/p>\n<p>Trata-se de uma jogada diversionista, que tenta sequestrar a pauta de contesta\u00e7\u00e3o \u00e0 ordem surgida das ruas &#8211; em que se destacam as lutas contra a privatiza\u00e7\u00e3o e a fascistiza\u00e7\u00e3o do estado &#8211; para passar a impress\u00e3o de que o povo vai decidir e melhorar seu destino, nos marcos do capitalismo, escolhendo entre o voto distrital ou proporcional, financiamento p\u00fablico ou privado, lista fechada ou aberta, coliga\u00e7\u00f5es ou n\u00e3o, tudo para legitimar as institui\u00e7\u00f5es burguesas e lhes dar estabilidade.<\/p>\n<p>Em 11 de julho, os pelegos e reformistas provavelmente montar\u00e3o uma farsa, para tentar restabelecer a ordem, blindar o governo Dilma e se mostrarem combativos,\u00a0garantindo assim seus aparelhos e cargos, assegurados pela \u201cpaz social\u201d imposta\u00a0por um governo \u201cacima das classes\u201d.<\/p>\n<p>Nesse quadro, cabe \u00e0 esquerda revolucion\u00e1ria (antigovernista, anticapitalista e socialista), por enquanto minorit\u00e1ria, denunciar esta farsa e redobrar seus esfor\u00e7os para que o 11 de julho seja um marco da retomada e amplia\u00e7\u00e3o, em quantidade e qualidade, das manifesta\u00e7\u00f5es populares contra a ordem e o sistema.<\/p>\n<p>Diferenciando-nos dos atos chapa branca e eleitoreiros dos governistas, temos que direcionar nossa a\u00e7\u00e3o pol\u00edtica neste dia para marcar um trabalho junto \u00e0 classe oper\u00e1ria e aos trabalhadores em geral, nos seus locais de trabalho e moradia.<\/p>\n<p>\u00c9 fundamental a unidade de a\u00e7\u00e3o dessas for\u00e7as revolucion\u00e1rias, neste 11 de julho e a partir dele. Compartilhando ombro a ombro o cotidiano das lutas populares e a partir das frentes comuns de atua\u00e7\u00e3o e luta e n\u00e3o apenas em entendimentos de c\u00fapulas \u00e9 que criaremos as condi\u00e7\u00f5es para a composi\u00e7\u00e3o de uma forte e combativa frente de natureza anticapitalista e socialista, para al\u00e9m dos partidos pol\u00edticos registrados e do horizonte eleitoral, num ambiente de respeito m\u00fatuo, sem preconceitos, estigmatiza\u00e7\u00f5es e hegemonismos.<\/p>\n<p>EM 11 DE JULHO:<\/p>\n<p>GREVES, ONDE FOR POSS\u00cdVEL!<\/p>\n<p>OCUPAR AS RUAS \u00c9 PRECISO!<\/p>\n<p><em>PCB \u2013 Partido Comunista Brasileiro<\/em><\/p>\n<p><em>Comit\u00ea Central<\/em><\/p>\n<p><em>8 de julho de 2013<\/em><\/p>\n","protected":false},"excerpt":{"rendered":"\n(Nota Pol\u00edtica do PCB)\n<a class=\"moretag\" href=\"https:\/\/pcb.org.br\/portal2\/5065\"> <\/a>","protected":false},"author":1,"featured_media":0,"comment_status":"open","ping_status":"open","sticky":false,"template":"","format":"standard","meta":{"jetpack_post_was_ever_published":false,"_jetpack_newsletter_access":"","_jetpack_dont_email_post_to_subs":false,"_jetpack_newsletter_tier_id":0,"_jetpack_memberships_contains_paywalled_content":false,"_jetpack_memberships_contains_paid_content":false,"footnotes":"","jetpack_publicize_message":"","jetpack_publicize_feature_enabled":true,"jetpack_social_post_already_shared":false,"jetpack_social_options":{"image_generator_settings":{"template":"highway","default_image_id":0,"font":"","enabled":false},"version":2}},"categories":[26],"tags":[],"class_list":["post-5065","post","type-post","status-publish","format-standard","hentry","category-c25-notas-politicas-do-pcb"],"jetpack_publicize_connections":[],"jetpack_featured_media_url":"","jetpack_shortlink":"https:\/\/wp.me\/p659gw-1jH","jetpack-related-posts":[],"jetpack_likes_enabled":true,"jetpack_sharing_enabled":true,"_links":{"self":[{"href":"https:\/\/pcb.org.br\/portal2\/wp-json\/wp\/v2\/posts\/5065","targetHints":{"allow":["GET"]}}],"collection":[{"href":"https:\/\/pcb.org.br\/portal2\/wp-json\/wp\/v2\/posts"}],"about":[{"href":"https:\/\/pcb.org.br\/portal2\/wp-json\/wp\/v2\/types\/post"}],"author":[{"embeddable":true,"href":"https:\/\/pcb.org.br\/portal2\/wp-json\/wp\/v2\/users\/1"}],"replies":[{"embeddable":true,"href":"https:\/\/pcb.org.br\/portal2\/wp-json\/wp\/v2\/comments?post=5065"}],"version-history":[{"count":0,"href":"https:\/\/pcb.org.br\/portal2\/wp-json\/wp\/v2\/posts\/5065\/revisions"}],"wp:attachment":[{"href":"https:\/\/pcb.org.br\/portal2\/wp-json\/wp\/v2\/media?parent=5065"}],"wp:term":[{"taxonomy":"category","embeddable":true,"href":"https:\/\/pcb.org.br\/portal2\/wp-json\/wp\/v2\/categories?post=5065"},{"taxonomy":"post_tag","embeddable":true,"href":"https:\/\/pcb.org.br\/portal2\/wp-json\/wp\/v2\/tags?post=5065"}],"curies":[{"name":"wp","href":"https:\/\/api.w.org\/{rel}","templated":true}]}}