{"id":508,"date":"2010-06-01T03:08:32","date_gmt":"2010-06-01T03:08:32","guid":{"rendered":"http:\/\/pcb.org.br\/portal2\/?p=508"},"modified":"2010-06-01T03:08:32","modified_gmt":"2010-06-01T03:08:32","slug":"repudio-indignado-a-mais-uma-covarde-e-desumana-agressao-sionista","status":"publish","type":"post","link":"https:\/\/pcb.org.br\/portal2\/508","title":{"rendered":"REP\u00daDIO INDIGNADO A MAIS UMA COVARDE E DESUMANA AGRESS\u00c3O SIONISTA"},"content":{"rendered":"\n<p>O Partido Comunista Brasileiro (PCB) manifesta seu rep\u00fadio e indigna\u00e7\u00e3o diante do covarde ataque cometido por agentes do Estado terrorista de Israel, que agiram como verdadeiros piratas modernos contra a flotilha humanit\u00e1ria que levava rem\u00e9dios e suprimentos para a popula\u00e7\u00e3o bloqueada da Faixa de Gaza.<\/p>\n<p>Trata-se de uma a\u00e7\u00e3o desumana e b\u00e1rbara contra civis pacifistas, desarmados, realizada em \u00e1guas internacionais, com o uso de barcos de guerra, for\u00e7as especiais, helic\u00f3pteros e armas pesadas. Foram assassinados cruelmente mais de 15 pacifistas e cerca de cinco dezenas ficaram feridos.<\/p>\n<p>Este escandaloso massacre realizado pelos piratas israelenses faz parte da ofensiva sionista para calar todas as for\u00e7as progressistas do mundo que clamam por uma paz justa na regi\u00e3o e pela forma\u00e7\u00e3o do Estado Palestino, livre e soberano. Al\u00e9m de uma viola\u00e7\u00e3o ao direito internacional, esta agress\u00e3o demonstra claramente para o mundo os m\u00e9todos brutais com que o governo israelense trata n\u00e3o s\u00f3 os palestinos, mas todos os povos que se op\u00f5em \u00e0 sua pol\u00edtica de opress\u00e3o na regi\u00e3o. A impunidade de Israel \u00e9 garantida por sua alian\u00e7a com o imperialismo, sobretudo o norte-americano.<\/p>\n<p>O Partido Comunista Brasileiro, coerente com sua a\u00e7\u00e3o internacionalista em defesa da liberdade dos povos, envia suas condol\u00eancias \u00e0s fam\u00edlias dos pacifistas assassinados nessa a\u00e7\u00e3o selvagem, ao mesmo tempo em que manifesta sua profunda admira\u00e7\u00e3o por todos os pacifistas da <em>Frotilha da Liberdade<\/em> que, mesmo arriscando a pr\u00f3pria vida, tiveram a coragem de expor ao mundo as atrocidades do bloqueio israelense por terra, mar e ar ao povo palestino na Faixa de Gaza.<\/p>\n<p>Diante dessa barbaridade que envergonha o mundo, o Partido Comunista Brasileiro soma-se \u00e0s for\u00e7as progressistas que v\u00eam emprestando irrestrita solidariedade ao povo palestino e dirige-se ao governo brasileiro no sentido de que rompa imediatamente todas as rela\u00e7\u00f5es comerciais com Israel, expulse seu embaixador do Brasil e realize uma a\u00e7\u00e3o firme na ONU contra mais essa barbaridade cometida pelas for\u00e7as sionistas.<\/p>\n<p>Secretariado Nacional do PCB<\/p>\n<p>31 de maio de 2010.<\/p>\n","protected":false},"excerpt":{"rendered":"\n\n\n  \nCr\u00e9dito: Carlos Latuff\nClique na imagem para ampliar.\n\n\n\n\n\n\n\n\n(Nota Pol\u00edtica do PCB)\n<a class=\"moretag\" href=\"https:\/\/pcb.org.br\/portal2\/508\"> <\/a>","protected":false},"author":1,"featured_media":0,"comment_status":"open","ping_status":"open","sticky":false,"template":"","format":"standard","meta":{"jetpack_post_was_ever_published":false,"_jetpack_newsletter_access":"","_jetpack_dont_email_post_to_subs":false,"_jetpack_newsletter_tier_id":0,"_jetpack_memberships_contains_paywalled_content":false,"_jetpack_memberships_contains_paid_content":false,"footnotes":"","jetpack_publicize_message":"","jetpack_publicize_feature_enabled":true,"jetpack_social_post_already_shared":false,"jetpack_social_options":{"image_generator_settings":{"template":"highway","default_image_id":0,"font":"","enabled":false},"version":2}},"categories":[26],"tags":[],"class_list":["post-508","post","type-post","status-publish","format-standard","hentry","category-c25-notas-politicas-do-pcb"],"jetpack_publicize_connections":[],"jetpack_featured_media_url":"","jetpack_shortlink":"https:\/\/wp.me\/p659gw-8c","jetpack-related-posts":[],"jetpack_likes_enabled":true,"jetpack_sharing_enabled":true,"_links":{"self":[{"href":"https:\/\/pcb.org.br\/portal2\/wp-json\/wp\/v2\/posts\/508","targetHints":{"allow":["GET"]}}],"collection":[{"href":"https:\/\/pcb.org.br\/portal2\/wp-json\/wp\/v2\/posts"}],"about":[{"href":"https:\/\/pcb.org.br\/portal2\/wp-json\/wp\/v2\/types\/post"}],"author":[{"embeddable":true,"href":"https:\/\/pcb.org.br\/portal2\/wp-json\/wp\/v2\/users\/1"}],"replies":[{"embeddable":true,"href":"https:\/\/pcb.org.br\/portal2\/wp-json\/wp\/v2\/comments?post=508"}],"version-history":[{"count":0,"href":"https:\/\/pcb.org.br\/portal2\/wp-json\/wp\/v2\/posts\/508\/revisions"}],"wp:attachment":[{"href":"https:\/\/pcb.org.br\/portal2\/wp-json\/wp\/v2\/media?parent=508"}],"wp:term":[{"taxonomy":"category","embeddable":true,"href":"https:\/\/pcb.org.br\/portal2\/wp-json\/wp\/v2\/categories?post=508"},{"taxonomy":"post_tag","embeddable":true,"href":"https:\/\/pcb.org.br\/portal2\/wp-json\/wp\/v2\/tags?post=508"}],"curies":[{"name":"wp","href":"https:\/\/api.w.org\/{rel}","templated":true}]}}