{"id":5099,"date":"2013-07-15T17:27:27","date_gmt":"2013-07-15T17:27:27","guid":{"rendered":"http:\/\/pcb.org.br\/portal2\/?p=5099"},"modified":"2013-07-15T17:27:27","modified_gmt":"2013-07-15T17:27:27","slug":"toda-solidariedade-ao-camarada-jose-cristian-goes","status":"publish","type":"post","link":"https:\/\/pcb.org.br\/portal2\/5099","title":{"rendered":"Toda solidariedade ao camarada Jos\u00e9 Cristian G\u00f3es"},"content":{"rendered":"\n<p>O Partido Comunista Brasileiro (PCB) torna p\u00fablica sua total e irrestrita solidariedade ao camarada Jos\u00e9 Cristian G\u00f3es, jornalista que foi absurdamente condenado pela justi\u00e7a estadual de Sergipe a 07 meses e 16 dias de pris\u00e3o. Seu &#8220;crime&#8221;? Escrever uma cr\u00f4nica ficcional.<\/p>\n<p>Tal condena\u00e7\u00e3o ultrapassa todos os limites do absurdo, sendo grav\u00edssima afronta ao exerc\u00edcio constitucional \u00e0 liberdade de express\u00e3o e ao ordenamento jur\u00eddico brasileiro. E desmascara com clareza a perman\u00eancia de modelos arcaicos e autorit\u00e1rios em determinadas institui\u00e7\u00f5es p\u00fablicas.<\/p>\n<p>A condena\u00e7\u00e3o absurda de Jos\u00e9 Cristian G\u00f3es \u00e9 parte de persegui\u00e7\u00e3o p\u00fablica a que o camarada vem sendo submetido pelo desembargador do Tribunal de Justi\u00e7a do Estado de Sergipe, Edson Ulisses de Melo, vice-presidente do tribunal. O desembargador \u00e9 cunhado do governador de Sergipe, Marcelo D\u00e9da (PT) e foi nomeado por ele para o mais alto cargo do Judici\u00e1rio estadual.<\/p>\n<p>O desembargador n\u00e3o gostou de uma cr\u00f4nica ficcional escrita pelo jornalista Jos\u00e9 Cristian G\u00f3es sobre o coronelismo (\u201cEu, o coronel em mim\u201d), tendo identificado o texto como uma cr\u00edtica a seu cunhado, o governador de Sergipe.<\/p>\n<p>O texto de Go\u00e9s \u00e9 ficcional, escrito em primeira pessoa e n\u00e3o t\u00eam nomes de pessoas, locais e nem datas. Mesmo sem tais refer\u00eancias, o desembargador Edson Ulisses moveu dois processos contra o jornalista: um criminal, onde pede pris\u00e3o de Jos\u00e9 Cristian G\u00f3es; e um c\u00edvel, onde pede indeniza\u00e7\u00e3o por danos morais.<\/p>\n<p>Cristian G\u00f3es \u00e9 um jornalista militante pelos direitos humanos, foi presidente do Sindicato dos Jornalistas de Sergipe e atua junto aos movimentos sociais e sindicais em Sergipe e no Brasil h\u00e1 mais de 20 anos.<\/p>\n<p>O juiz substituto do Juizado Criminal Especial em Aracaju, Eduardo Portela, reconhece que n\u00e3o h\u00e1 nomes, n\u00e3o h\u00e1 refer\u00eancia a pessoas, mas sentencia o jornalista Jos\u00e9 Cristian G\u00f3es a 07 meses e 16 dias de pris\u00e3o por escrever o texto que \u201c\u00e9 poss\u00edvel fazer uma associa\u00e7\u00e3o\u201d e \u201cdar a entender\u201d que o jornalista escreveu no texto a palavra \u201ccoronel\u201d fazia refer\u00eancias ao governador e \u201cjagun\u00e7o das leis\u201d ao desembargador.<\/p>\n<p>O artigo XIX da Declara\u00e7\u00e3o Universal dos Direitos Humanos \u00e9 claro: \u201ctodo ser humano tem direito \u00e0 liberdade de opini\u00e3o e express\u00e3o; esse direito inclui a liberdade de ter opini\u00f5es sem sofrer interfer\u00eancia e de procurar, receber e divulgar informa\u00e7\u00f5es e ideias por quaisquer meios e independentemente de fronteiras\u201d. A Constitui\u00e7\u00e3o Federal brasileira, de 1988, diz em seu o artigo 5\u00ba, IX: \u201c\u00c9 livre a express\u00e3o da atividade intelectual, art\u00edsticas, cient\u00edfica e de comunica\u00e7\u00e3o, independentemente de censura ou licen\u00e7a\u201d.<\/p>\n<p>Como se percebe, a condena\u00e7\u00e3o criminal do jornalista Jos\u00e9 Cristian G\u00f3es \u00e9 inconceb\u00edvel sob todos os aspectos. Por isso, o PCB conclama todas as organiza\u00e7\u00f5es pol\u00edticas e sociais em Sergipe e no Brasil a agir no sentido de atuar para reverter essa absurda condena\u00e7\u00e3o porque ela n\u00e3o afeta apenas ao jornalista, mas todos \u00e0 sociedade brasileira.<\/p>\n<p>PCB &#8211; Partido Comunista Brasileiro<\/p>\n<p>Secretariado Nacional<\/p>\n","protected":false},"excerpt":{"rendered":"\n<a class=\"moretag\" href=\"https:\/\/pcb.org.br\/portal2\/5099\"> <\/a>","protected":false},"author":1,"featured_media":0,"comment_status":"open","ping_status":"open","sticky":false,"template":"","format":"standard","meta":{"jetpack_post_was_ever_published":false,"_jetpack_newsletter_access":"","_jetpack_dont_email_post_to_subs":false,"_jetpack_newsletter_tier_id":0,"_jetpack_memberships_contains_paywalled_content":false,"_jetpack_memberships_contains_paid_content":false,"footnotes":"","jetpack_publicize_message":"","jetpack_publicize_feature_enabled":true,"jetpack_social_post_already_shared":false,"jetpack_social_options":{"image_generator_settings":{"template":"highway","default_image_id":0,"font":"","enabled":false},"version":2}},"categories":[107],"tags":[],"class_list":["post-5099","post","type-post","status-publish","format-standard","hentry","category-c120-grecia"],"jetpack_publicize_connections":[],"jetpack_featured_media_url":"","jetpack_shortlink":"https:\/\/wp.me\/p659gw-1kf","jetpack-related-posts":[],"jetpack_likes_enabled":true,"jetpack_sharing_enabled":true,"_links":{"self":[{"href":"https:\/\/pcb.org.br\/portal2\/wp-json\/wp\/v2\/posts\/5099","targetHints":{"allow":["GET"]}}],"collection":[{"href":"https:\/\/pcb.org.br\/portal2\/wp-json\/wp\/v2\/posts"}],"about":[{"href":"https:\/\/pcb.org.br\/portal2\/wp-json\/wp\/v2\/types\/post"}],"author":[{"embeddable":true,"href":"https:\/\/pcb.org.br\/portal2\/wp-json\/wp\/v2\/users\/1"}],"replies":[{"embeddable":true,"href":"https:\/\/pcb.org.br\/portal2\/wp-json\/wp\/v2\/comments?post=5099"}],"version-history":[{"count":0,"href":"https:\/\/pcb.org.br\/portal2\/wp-json\/wp\/v2\/posts\/5099\/revisions"}],"wp:attachment":[{"href":"https:\/\/pcb.org.br\/portal2\/wp-json\/wp\/v2\/media?parent=5099"}],"wp:term":[{"taxonomy":"category","embeddable":true,"href":"https:\/\/pcb.org.br\/portal2\/wp-json\/wp\/v2\/categories?post=5099"},{"taxonomy":"post_tag","embeddable":true,"href":"https:\/\/pcb.org.br\/portal2\/wp-json\/wp\/v2\/tags?post=5099"}],"curies":[{"name":"wp","href":"https:\/\/api.w.org\/{rel}","templated":true}]}}