{"id":5100,"date":"2013-07-15T17:28:50","date_gmt":"2013-07-15T17:28:50","guid":{"rendered":"http:\/\/pcb.org.br\/portal2\/?p=5100"},"modified":"2013-07-15T17:28:50","modified_gmt":"2013-07-15T17:28:50","slug":"bndes-facilita-pagamentos-de-eike","status":"publish","type":"post","link":"https:\/\/pcb.org.br\/portal2\/5100","title":{"rendered":"BNDES facilita pagamentos de Eike"},"content":{"rendered":"\n<p>\u00a0<\/p>\n<p class=\"MsoNormal\" style=\"margin-bottom: .0001pt; line-height: normal;\"><span style=\"font-size: 10.5pt; font-family: \" color:=\"color:\" black;=\"black;\" mso-themecolor:=\"mso-themecolor:\" text1;\"=\"text1;\"\">Uma das prorroga\u00e7\u00f5es foi assinada a apenas quatro dias do prazo em que a empresa deveria ter feito o pagamento. Em 15 de setembro de2012 a UTE Parna\u00edba, que tem a MPX como s\u00f3cia, deveria ter pago ao BNDES R$ 242,7 milh\u00f5es. No dia 11 de setembro de 2012, por\u00e9m, um aditivo mudou o pagamento para mar\u00e7o de 2013.<\/span><\/p>\n<p class=\"MsoNormal\" style=\"margin-bottom: .0001pt; line-height: normal;\"><span style=\"font-size: 10.5pt; font-family: \" color:=\"color:\" black;=\"black;\" mso-themecolor:=\"mso-themecolor:\" text1;\"=\"text1;\"\">O adiamento ocorreu tamb\u00e9m em contrato de R$ 240 milh\u00f5es firmado em dezembro de 2009 com a empresa UTE Porto de Itaqui Gera\u00e7\u00e3o de Energia S.A., que tem a MPX como s\u00f3cia. O contrato original previa amortiza\u00e7\u00e3o equivalente a cinco parcelas em junho de 2012, mas um aditivo postergou a quita\u00e7\u00e3o em 13 meses.<\/span><\/p>\n<p class=\"MsoNormal\" style=\"margin-bottom: .0001pt; line-height: normal;\"><span style=\"font-size: 10.5pt; font-family: \" color:=\"color:\" black;=\"black;\" mso-themecolor:=\"mso-themecolor:\" text1;\"=\"text1;\"\">Outro acordo, com a Porto do Pec\u00e9m Gera\u00e7\u00e3o de Energia, na qual a MPX est\u00e1 envolvida, o BNDES prorrogou a exig\u00eancia de desempenho t\u00e9cnico em seis meses: de dezembro de 2011 para junho de 2012.<\/span><\/p>\n<p class=\"MsoNormal\" style=\"margin-bottom: .0001pt; line-height: normal;\"><strong><span style=\"font-size: 10.5pt; font-family: \" color:=\"color:\" black;=\"black;\" mso-themecolor:=\"mso-themecolor:\" text1;\"=\"text1;\"\">Juros baixos<\/span><\/strong><\/p>\n<p class=\"MsoNormal\" style=\"margin-bottom: .0001pt; line-height: normal;\"><span style=\"font-size: 10.5pt; font-family: \" color:=\"color:\" black;=\"black;\" mso-themecolor:=\"mso-themecolor:\" text1;\"=\"text1;\"\">No entanto, as vantagens oferecidas a projetos ligados ao empres\u00e1rio n\u00e3o se resumem a adiamentos. O maior dos contratos individuais entre BNDES e empresas de Eike, de R$ 1,4 bilh\u00e3o, foi firmado em julho de 2009 para a implanta\u00e7\u00e3o de uma termoel\u00e9trica dentro do complexo industrial de Pec\u00e9m, em S\u00e3o Gon\u00e7alo do Amarante (CE), que tem como acionista a MPX.<\/span><\/p>\n<p class=\"MsoNormal\" style=\"margin-bottom: .0001pt; line-height: normal;\"><span style=\"font-size: 10.5pt; font-family: \" color:=\"color:\" black;=\"black;\" mso-themecolor:=\"mso-themecolor:\" text1;\"=\"text1;\"\">A unidade est\u00e1 em opera\u00e7\u00e3o e, segundo o contrato, os pagamentos do financiamento do BNDES ser\u00e3o realizados at\u00e9 junho de 2026. Os juros cobrados s\u00e3o de 2,77% ao ano acima da Taxa de Juros de Longo Prazo (TJLP), atualmente em 5% ao ano. A taxa \u00e9 inferior \u00e0 Selic, que foi elevada pelo Banco Central para 8,5% ao ano na semana passada, usada pelo Tesouro para levantar recursos no mercado.<\/span><\/p>\n<p class=\"MsoNormal\" style=\"margin-bottom: .0001pt; line-height: normal;\"><span style=\"font-size: 10.5pt; font-family: \" color:=\"color:\" black;=\"black;\" mso-themecolor:=\"mso-themecolor:\" text1;\"=\"text1;\"\">H\u00e1 taxas de juros ainda mais favor\u00e1veis ao grupo. Em dezembro de 2009, um contrato de R$ 407,7 milh\u00f5es com a LLX Sudeste para a compra de equipamentos para a constru\u00e7\u00e3o do porto de Sepetiba, em Itagua\u00ed (RJ), tem juros fixos de 4,5% ao ano.<\/span><\/p>\n<p class=\"MsoNormal\" style=\"margin-bottom: .0001pt; line-height: normal;\"><span style=\"font-size: 10.5pt; font-family: \" color:=\"color:\" black;=\"black;\" mso-themecolor:=\"mso-themecolor:\" text1;\"=\"text1;\"\">Na \u00e9poca da assinatura do contrato, a Selic era em 8,75%. O BNDES justifica que, em linhas espec\u00edficas, outras empresas tamb\u00e9m receberam juros subsidiados (leia mais abaixo).<\/span><\/p>\n<p class=\"MsoNormal\" style=\"margin-bottom: .0001pt; line-height: normal;\"><strong><span style=\"font-size: 10.5pt; font-family: \" color:=\"color:\" black;=\"black;\" mso-themecolor:=\"mso-themecolor:\" text1;\"=\"text1;\"\">Garantias<\/span><\/strong><\/p>\n<p class=\"MsoNormal\" style=\"margin-bottom: .0001pt; line-height: normal;\"><span style=\"font-size: 10.5pt; font-family: \" color:=\"color:\" black;=\"black;\" mso-themecolor:=\"mso-themecolor:\" text1;\"=\"text1;\"\">As garantias tamb\u00e9m chamam a aten\u00e7\u00e3o. Penhor de a\u00e7\u00f5es das pr\u00f3prias companhias, cartas de fian\u00e7a assinadas por empresas do grupo e bens que ainda seriam comprados est\u00e3o entre as garantias ofertadas pelo grupo EBX.<\/span><\/p>\n<p class=\"MsoNormal\" style=\"margin-bottom: .0001pt; line-height: normal;\"><span style=\"font-size: 10.5pt; font-family: \" color:=\"color:\" black;=\"black;\" mso-themecolor:=\"mso-themecolor:\" text1;\"=\"text1;\"\">Num contrato que assina como pessoa f\u00edsica, no valor de R$ 1,344 bilh\u00e3o, para a constru\u00e7\u00e3o de um estaleiro pela OSX, Eike oferece entre as garantias dividendos uma de suas empresas, com sede na Holanda. Firmado em 2012, o contrato prev\u00ea amortiza\u00e7\u00f5es a partir de 2016 e pagamento at\u00e9 2034. Projetos de infraestrutura, como estaleiros, usinas e portos, geralmente s\u00e3o financiados no longo prazo. No caso de Eike, a maior parte dos empr\u00e9stimos vence na pr\u00f3xima d\u00e9cada.<\/span><\/p>\n<p class=\"MsoNormal\" style=\"margin-bottom: .0001pt; line-height: normal;\"><span style=\"font-size: 10.5pt; font-family: \" color:=\"color:\" black;=\"black;\" mso-themecolor:=\"mso-themecolor:\" text1;\"=\"text1;\"\"> <\/span><\/p>\n<p class=\"MsoNormal\" style=\"margin-bottom: .0001pt; line-height: normal;\"><span style=\"font-size: 10.5pt; font-family: \" color:=\"color:\" black;=\"black;\" mso-themecolor:=\"mso-themecolor:\" text1;\"=\"text1;\"\">_______________________________________________________________<\/span><\/p>\n<p class=\"MsoNormal\" style=\"margin-bottom: .0001pt; line-height: normal;\"><span style=\"font-size: 10.5pt; font-family: \" color:=\"color:\" black;=\"black;\" mso-themecolor:=\"mso-themecolor:\" text1;\"=\"text1;\"\"> <\/span><\/p>\n<p class=\"MsoNormal\" style=\"margin-bottom: .0001pt; line-height: normal;\"><strong><span style=\"font-size: 10.5pt; font-family: \" color:=\"color:\" black;=\"black;\" mso-themecolor:=\"mso-themecolor:\" text1;\"=\"text1;\"\">BNDES aponta \u2018benef\u00edcio social\u2019 em projetos de Eike<\/span><\/strong><\/p>\n<p class=\"MsoNormal\" style=\"margin-bottom: .0001pt; line-height: normal;\"><em><span style=\"font-size: 10.5pt; font-family: \" color:=\"color:\" black;=\"black;\" mso-themecolor:=\"mso-themecolor:\" text1;\"=\"text1;\"\">O Estado de S. Paulo<\/span><\/em><\/p>\n<p class=\"MsoNormal\" style=\"margin-bottom: .0001pt; line-height: normal;\"><span style=\"font-size: 10.5pt; font-family: \" color:=\"color:\" black;=\"black;\" mso-themecolor:=\"mso-themecolor:\" text1;\"=\"text1;\"\"> <\/span><\/p>\n<p class=\"MsoNormal\" style=\"margin-bottom: .0001pt; line-height: normal;\"><span style=\"font-size: 10.5pt; font-family: \" color:=\"color:\" black;=\"black;\" mso-themecolor:=\"mso-themecolor:\" text1;\"=\"text1;\"\">O BNDES afirma que as altera\u00e7\u00f5es em contratos decorrem de &#8220;especificidades&#8221; e que as condi\u00e7\u00f5es facilitadas s\u00e3o resultado de benef\u00edcios sociais provocados pelos investimentos. Ressalta ainda que suas opera\u00e7\u00f5es s\u00e3o acompanhadas por \u00f3rg\u00e3os de controle, como Tribunal de Contas de Uni\u00e3o, Controladoria-Geral da Uni\u00e3o e Banco Central. &#8220;Cada projeto tem suas pr\u00f3prias especificidades e por vezes \u00e9 necess\u00e1rio realizar posterga\u00e7\u00e3o de alguns prazos para refletir os novos cronogramas de implanta\u00e7\u00e3o dos empreendimentos, desde que tecnicamente justific\u00e1veis&#8221;, diz o banco, em nota.<\/span><\/p>\n<p class=\"MsoNormal\" style=\"margin-bottom: .0001pt; line-height: normal;\"><span style=\"font-size: 10.5pt; font-family: \" color:=\"color:\" black;=\"black;\" mso-themecolor:=\"mso-themecolor:\" text1;\"=\"text1;\"\">A institui\u00e7\u00e3o justifica a concess\u00e3o de empr\u00e9stimos com juros facilitados pelo uso da linha para Investimentos Sociais de Empresas (ISE), que tem como objetivo a explora\u00e7\u00e3o do potencial de gera\u00e7\u00e3o social dos investimentos feitos. Em rela\u00e7\u00e3o \u00e0 taxa de 4,5% do contrato com a LLX Sudeste, o banco afirma ter usado esse porcentual dentro do Programa BNDES de Sustenta\u00e7\u00e3o do Investimento \u2013 BNDES PSI e acrescenta que outras companhias se beneficiaram dessa taxa.<\/span><\/p>\n<p class=\"MsoNormal\" style=\"margin-bottom: .0001pt; line-height: normal;\"><span style=\"font-size: 10.5pt; font-family: \" color:=\"color:\" black;=\"black;\" mso-themecolor:=\"mso-themecolor:\" text1;\"=\"text1;\"\">O BNDES diz que as garantias s\u00e3o &#8220;estruturadas de forma a mitigar o risco de cr\u00e9dito da opera\u00e7\u00e3o, obedecendo \u00e0s normas e pr\u00e1ticas banc\u00e1rias vigentes&#8221;. O banco recusou-se a informar o valor j\u00e1 pago a t\u00edtulo de amortiza\u00e7\u00e3o nos contratos.<\/span><\/p>\n<p class=\"MsoNormal\" style=\"margin-bottom: .0001pt; line-height: normal;\"><span style=\"font-size: 10.5pt; font-family: \" color:=\"color:\" black;=\"black;\" mso-themecolor:=\"mso-themecolor:\" text1;\"=\"text1;\"\"> <\/span><\/p>\n<p class=\"MsoNormal\" style=\"margin-bottom: .0001pt; line-height: normal;\"><span style=\"font-size: 10.5pt; font-family: \" color:=\"color:\" black;=\"black;\" mso-themecolor:=\"mso-themecolor:\" text1;\"=\"text1;\"\">_______________________________________________________________<\/span><\/p>\n<p class=\"MsoNormal\" style=\"margin-bottom: .0001pt; line-height: normal;\"><span style=\"font-size: 10.5pt; font-family: \" color:=\"color:\" black;=\"black;\" mso-themecolor:=\"mso-themecolor:\" text1;\"=\"text1;\"\"> <\/span><\/p>\n<p class=\"MsoNormal\" style=\"margin-bottom: .0001pt; line-height: normal;\"><strong><span style=\"font-size: 10.5pt; font-family: \" color:=\"color:\" black;=\"black;\" mso-themecolor:=\"mso-themecolor:\" text1;\"=\"text1;\"\">Empresas de \u00f4nibus lucram at\u00e9 com vans<\/span><\/strong><\/p>\n<p class=\"MsoNormal\" style=\"margin-bottom: .0001pt; line-height: normal;\"><em><span style=\"font-size: 10.5pt; font-family: \" color:=\"color:\" black;=\"black;\" mso-themecolor:=\"mso-themecolor:\" text1;\"=\"text1;\"\">O Globo<\/span><\/em><\/p>\n<p class=\"MsoNormal\" style=\"margin-bottom: .0001pt; line-height: normal;\"><span style=\"font-size: 10.5pt; font-family: \" color:=\"color:\" black;=\"black;\" mso-themecolor:=\"mso-themecolor:\" text1;\"=\"text1;\"\"> <\/span><\/p>\n<p class=\"MsoNormal\" style=\"margin-bottom: .0001pt; line-height: normal;\"><span style=\"font-size: 10.5pt; font-family: \" color:=\"color:\" black;=\"black;\" mso-themecolor:=\"mso-themecolor:\" text1;\"=\"text1;\"\">O emaranhado de neg\u00f3cios dos empres\u00e1rios de \u00f4nibus do Rio, mostrado ontem pelo GLOBO, que inclui participa\u00e7\u00e3o em ag\u00eancia de publicidade, terminais rodovi\u00e1rios e at\u00e9 no futuro VLT, transformou antigos advers\u00e1rios em fonte de receita. Em fase de legaliza\u00e7\u00e3o pela prefeitura, as vans j\u00e1 licitadas t\u00eam equipamentos de bilhetagem eletr\u00f4nica, de modo a aceitarem vale-transporte e Bilhete \u00danico Carioca (BUC). S\u00f3 que esses aparelhos s\u00e3o fornecidos &#8211; e a receita \u00e9 processada &#8211; por RioCard e RioCard Tecnologia da Informa\u00e7\u00e3o, empresas criadas pela Federa\u00e7\u00e3o das Empresas de Transporte de Passageiros (Fetranspor) para operar o sistema. Entre os dirigentes da entidade est\u00e3o alguns dos maiores empres\u00e1rios do setor no estado, como Jos\u00e9 Carlos Reis Lavouras, Amaury de Andrade e Jacob Barata, que \u00e9 conhecido como o &#8220;Rei dos \u00d4nibus&#8221;.<\/span><\/p>\n<p class=\"MsoNormal\" style=\"margin-bottom: .0001pt; line-height: normal;\"><span style=\"font-size: 10.5pt; font-family: \" color:=\"color:\" black;=\"black;\" mso-themecolor:=\"mso-themecolor:\" text1;\"=\"text1;\"\">Os motoristas de vans pagam taxa de 8% sobre as receitas, e as empresas filiadas \u00e0 Fetranspor, R$ 0,0215 por opera\u00e7\u00e3o (o que equivale a cerca de 0,8% do valor de uma passagem). Em nota, a federa\u00e7\u00e3o afirmou que esse valor vem caindo, &#8220;por conta de maior efici\u00eancia e produtividade dos processos internos&#8221;. Mas os motoristas ainda mostram insatisfa\u00e7\u00e3o com o processo de presta\u00e7\u00e3o de contas, que consideram pouco transparente. A Fetranspor argumenta que todas as informa\u00e7\u00f5es est\u00e3o \u00e0 disposi\u00e7\u00e3o deles.<\/span><\/p>\n<p class=\"MsoNormal\" style=\"margin-bottom: .0001pt; line-height: normal;\"><span style=\"font-size: 10.5pt; font-family: \" color:=\"color:\" black;=\"black;\" mso-themecolor:=\"mso-themecolor:\" text1;\"=\"text1;\"\">A reclama\u00e7\u00e3o sobre a distribui\u00e7\u00e3o das receitas entre os 104 motoristas de vans j\u00e1 legalizados \u00e9 a mesma que levou a Transportes Paranapuan, que opera na Zona Norte, a entrar na Justi\u00e7a contra a Fetranspor, pedindo a apresenta\u00e7\u00e3o das planilhas.<\/span><\/p>\n<p class=\"MsoNormal\" style=\"margin-bottom: .0001pt; line-height: normal;\"><span style=\"font-size: 10.5pt; font-family: \" color:=\"color:\" black;=\"black;\" mso-themecolor:=\"mso-themecolor:\" text1;\"=\"text1;\"\">&#8211; Pelas nossas planilhas, o que a RioCard deposita \u00e9 inferior ao que transportamos &#8211; diz o consultor Jorge Rodrigues, que faz a contabilidade dos motoristas de vans da Zona Oeste.<\/span><\/p>\n<p class=\"MsoNormal\" style=\"margin-bottom: .0001pt; line-height: normal;\"><span style=\"font-size: 10.5pt; font-family: \" color:=\"color:\" black;=\"black;\" mso-themecolor:=\"mso-themecolor:\" text1;\"=\"text1;\"\">Secret\u00e1rio: d\u00favidas s\u00e3o naturais<\/span><\/p>\n<p class=\"MsoNormal\" style=\"margin-bottom: .0001pt; line-height: normal;\"><span style=\"font-size: 10.5pt; font-family: \" color:=\"color:\" black;=\"black;\" mso-themecolor:=\"mso-themecolor:\" text1;\"=\"text1;\"\">A queixa \u00e9 a mesma entre aqueles que, h\u00e1 dois meses, receberam autoriza\u00e7\u00e3o para ligar Rocinha e Vidigal ao asfalto. Outra d\u00favida \u00e9 se os motoristas de lotadas v\u00e3o ou n\u00e3o compartilhar os subs\u00eddios da prefeitura pelo transporte gratuito dos alunos da rede municipal. S\u00f3 este ano ser\u00e3o cerca de R$ 55 milh\u00f5es.<\/span><\/p>\n<p class=\"MsoNormal\" style=\"margin-bottom: .0001pt; line-height: normal;\"><span style=\"font-size: 10.5pt; font-family: \" color:=\"color:\" black;=\"black;\" mso-themecolor:=\"mso-themecolor:\" text1;\"=\"text1;\"\">Isso motivou a interven\u00e7\u00e3o da prefeitura. No s\u00e1bado, ap\u00f3s uma reuni\u00e3o na Rocinha com o secret\u00e1rio municipal de Transportes, Carlos Roberto Osorio, ficou combinado que uma comiss\u00e3o ir\u00e1 hoje \u00e0 RioCard tirar d\u00favidas. Mas os motoristas da Zona Oeste reclamam que n\u00e3o foram convidados.<\/span><\/p>\n<p class=\"MsoNormal\" style=\"margin-bottom: .0001pt; line-height: normal;\"><span style=\"font-size: 10.5pt; font-family: \" color:=\"color:\" black;=\"black;\" mso-themecolor:=\"mso-themecolor:\" text1;\"=\"text1;\"\">&#8211; A integra\u00e7\u00e3o das vans \u00e9 um processo novo, \u00e9 natural que haja d\u00favidas. Desconhecia reclama\u00e7\u00f5es na Zona Oeste. Quanto \u00e0 divis\u00e3o das receitas, isso \u00e9 um acordo feito entre as partes. N\u00e3o \u00e9 uma quest\u00e3o da prefeitura &#8211; disse Osorio.<\/span><\/p>\n<p class=\"MsoNormal\" style=\"margin-bottom: .0001pt; line-height: normal;\"><span style=\"font-size: 10.5pt; font-family: \" color:=\"color:\" black;=\"black;\" mso-themecolor:=\"mso-themecolor:\" text1;\"=\"text1;\"\">Segundo os motoristas de vans, eles recebem R$ 1,49 por passageiro transportado sem integra\u00e7\u00e3o e R$ 1,01 pelo usu\u00e1rio do BUC, ambos os valores j\u00e1 com o desconto de 8%. Em nota, a Fetranspor disse que esse desconto \u00e9 maior que o das empresas de \u00f4nibus porque a RioCard assumiu as despesas de instala\u00e7\u00e3o e manuten\u00e7\u00e3o dos equipamentos das vans.<\/span><\/p>\n<p class=\"MsoNormal\" style=\"margin-bottom: .0001pt; line-height: normal;\"><span style=\"font-size: 10.5pt; font-family: \" color:=\"color:\" black;=\"black;\" mso-themecolor:=\"mso-themecolor:\" text1;\"=\"text1;\"\">O Sindicato dos Propriet\u00e1rios de Vans afirmou j\u00e1 ter sido procurado por outras empresas de bilhetagem eletr\u00f4nica, que ofereceram uma taxa menor do que os 8% da Fetranspor. S\u00f3 que a legisla\u00e7\u00e3o atual estabelece, nas opera\u00e7\u00f5es de integra\u00e7\u00e3o, que a administra\u00e7\u00e3o do sistema \u00e9 exclusiva das empresas de \u00f4nibus ou da entidade por elas escolhida.<\/span><\/p>\n<p class=\"MsoNormal\" style=\"margin-bottom: .0001pt; line-height: normal;\"><span style=\"font-size: 10.5pt; font-family: \" color:=\"color:\" black;=\"black;\" mso-themecolor:=\"mso-themecolor:\" text1;\"=\"text1;\"\">A federa\u00e7\u00e3o disse ainda que os custos pela opera\u00e7\u00e3o da bilhetagem n\u00e3o s\u00e3o computados nas planilhas usadas para calcular as tarifas dos \u00f4nibus. Sobre a falta de acesso \u00e0s planilhas, a Fetranspor disse depender de autoriza\u00e7\u00e3o do munic\u00edpio.<\/span><\/p>\n<p class=\"MsoNormal\" style=\"margin-bottom: .0001pt; line-height: normal;\"><span style=\"font-size: 10.5pt; font-family: \" color:=\"color:\" black;=\"black;\" mso-themecolor:=\"mso-themecolor:\" text1;\"=\"text1;\"\">Um fato curioso sobre o sistema de bilhetagem \u00e9 que a RioCard Tecnologia foi criada h\u00e1 dois anos em sociedade com Homero Quintaes, que era respons\u00e1vel pelos servi\u00e7os de inform\u00e1tica terceirizados usados pela Fetranspor. Em nota, a Fetranspor disse ter convidado Quintaes por ele ser &#8220;profundo conhecedor da tecnologia necess\u00e1ria&#8221;.<\/span><\/p>\n<p class=\"MsoNormal\" style=\"margin-bottom: .0001pt; line-height: normal;\"><span style=\"font-size: 10.5pt; font-family: \" color:=\"color:\" black;=\"black;\" mso-themecolor:=\"mso-themecolor:\" text1;\"=\"text1;\"\"> <\/span><\/p>\n<p class=\"MsoNormal\" style=\"margin-bottom: .0001pt; line-height: normal;\"><span style=\"font-size: 10.5pt; font-family: \" color:=\"color:\" black;=\"black;\" mso-themecolor:=\"mso-themecolor:\" text1;\"=\"text1;\"\">_______________________________________________________________<\/span><\/p>\n<p class=\"MsoNormal\" style=\"margin-bottom: .0001pt; line-height: normal;\"><span style=\"font-size: 10.5pt; font-family: \" color:=\"color:\" black;=\"black;\" mso-themecolor:=\"mso-themecolor:\" text1;\"=\"text1;\"\"> <\/span><\/p>\n<p class=\"MsoNormal\" style=\"margin-bottom: .0001pt; line-height: normal;\"><strong><span style=\"font-size: 10.5pt; font-family: \" color:=\"color:\" black;=\"black;\" mso-themecolor:=\"mso-themecolor:\" text1;\"=\"text1;\"\">Defesa: dados estrat\u00e9gicos a salvo<\/span><\/strong><\/p>\n<p class=\"MsoNormal\" style=\"margin-bottom: .0001pt; line-height: normal;\"><em><span style=\"font-size: 10.5pt; font-family: \" color:=\"color:\" black;=\"black;\" mso-themecolor:=\"mso-themecolor:\" text1;\"=\"text1;\"\">O Globo<\/span><\/em><\/p>\n<p class=\"MsoNormal\" style=\"margin-bottom: .0001pt; line-height: normal;\"><span style=\"font-size: 10.5pt; font-family: \" color:=\"color:\" black;=\"black;\" mso-themecolor:=\"mso-themecolor:\" text1;\"=\"text1;\"\"> <\/span><\/p>\n<p class=\"MsoNormal\" style=\"margin-bottom: .0001pt; line-height: normal;\"><span style=\"font-size: 10.5pt; font-family: \" color:=\"color:\" black;=\"black;\" mso-themecolor:=\"mso-themecolor:\" text1;\"=\"text1;\"\">As fragilidades do sistema de criptografia de informa\u00e7\u00f5es estrat\u00e9gicas para a defesa nacional est\u00e3o entre as principais preocupa\u00e7\u00f5es apontadas nas reuni\u00f5es do ministro da Defesa, Celso Amorim, com os comandantes de Ex\u00e9rcito, Marinha e Aeron\u00e1utica na \u00faltima semana. Os primeiros relatos dos comandantes ao ministro d\u00e3o conta de que n\u00e3o h\u00e1, por enquanto, evid\u00eancias de invas\u00e3o dos sistemas, mas as investiga\u00e7\u00f5es prosseguem diante da vulnerabilidade na troca de informa\u00e7\u00f5es oficiais. A pasta confirmou a realiza\u00e7\u00e3o das reuni\u00f5es para apurar eventuais dados militares que podem ter sido alvo de espionagem do governo dos Estados Unidos, como O GLOBO revelou em reportagem publicada ontem.<\/span><\/p>\n<p class=\"MsoNormal\" style=\"margin-bottom: .0001pt; line-height: normal;\"><span style=\"font-size: 10.5pt; font-family: \" color:=\"color:\" black;=\"black;\" mso-themecolor:=\"mso-themecolor:\" text1;\"=\"text1;\"\">Nos encontros entre Amorim e os comandantes das For\u00e7as Armadas, ficou acertada a realiza\u00e7\u00e3o de um levantamento sobre eventuais vazamentos de informa\u00e7\u00f5es sigilosas. Desde a revela\u00e7\u00e3o pelo GLOBO das supostas atividades de espionagem da Ag\u00eancia de Seguran\u00e7a Nacional dos EUA (NSA) no Brasil e na Am\u00e9rica Latina, estiveram no centro das discuss\u00f5es as defici\u00eancias do sistema de criptografia e o incipiente programa de defesa cibern\u00e9tica ligado ao Ex\u00e9rcito, implantado em 2011.<\/span><\/p>\n<p class=\"MsoNormal\" style=\"margin-bottom: .0001pt; line-height: normal;\"><span style=\"font-size: 10.5pt; font-family: \" color:=\"color:\" black;=\"black;\" mso-themecolor:=\"mso-themecolor:\" text1;\"=\"text1;\"\">Em audi\u00eancia na Comiss\u00e3o de Rela\u00e7\u00f5es Exteriores do Senado na \u00faltima quarta-feira, o ministro da Defesa afirmou que o sistema de criptografia oferece uma prote\u00e7\u00e3o &#8220;razo\u00e1vel&#8221; \u00e0s mensagens trocadas e admitiu a situa\u00e7\u00e3o de &#8220;vulnerabilidade&#8221; de informa\u00e7\u00f5es estrat\u00e9gicas \u00e0 seguran\u00e7a nacional.<\/span><\/p>\n<p class=\"MsoNormal\" style=\"margin-bottom: .0001pt; line-height: normal;\"><strong><span style=\"font-size: 10.5pt; font-family: \" color:=\"color:\" black;=\"black;\" mso-themecolor:=\"mso-themecolor:\" text1;\"=\"text1;\"\">Criptografia brasileira<\/span><\/strong><\/p>\n<p class=\"MsoNormal\" style=\"margin-bottom: .0001pt; line-height: normal;\"><span style=\"font-size: 10.5pt; font-family: \" color:=\"color:\" black;=\"black;\" mso-themecolor:=\"mso-themecolor:\" text1;\"=\"text1;\"\">As falhas do sistema de criptografia, que consiste em cifrar as mensagens trocadas e manter o sigilo das informa\u00e7\u00f5es, tamb\u00e9m s\u00e3o discutidas no \u00e2mbito do grupo interministerial criado pela presidente Dilma Rousseff para avaliar a suposta espionagem americana no Brasil. Pelo menos duas institui\u00e7\u00f5es governamentais brasileiras produzem equipamentos que criptografam mensagens.<\/span><\/p>\n<p class=\"MsoNormal\" style=\"margin-bottom: .0001pt; line-height: normal;\"><span style=\"font-size: 10.5pt; font-family: \" color:=\"color:\" black;=\"black;\" mso-themecolor:=\"mso-themecolor:\" text1;\"=\"text1;\"\">Uma \u00e9 a Ind\u00fastria de Material B\u00e9lico do Brasil (Imbel), vinculada ao Minist\u00e9rio da Defesa, que fabrica um transmissor utilizado pelas For\u00e7as Armadas no sistema de comando e controle, codifica voz e dados. J\u00e1 o Centro de Pesquisas e Desenvolvimento para a Seguran\u00e7a das Comunica\u00e7\u00f5es (Cepesc), da Ag\u00eancia Brasileira de Intelig\u00eancia (Abin), fabrica telefones criptografados, equipamentos para criptografia em computadores e outros aparelhos que cifram dados. Os telefones fornecidos \u00e0 presidente e a seus ministros s\u00e3o do Cepesc.<\/span><\/p>\n<p class=\"MsoNormal\" style=\"margin-bottom: .0001pt; line-height: normal;\"><span style=\"font-size: 10.5pt; font-family: \" color:=\"color:\" black;=\"black;\" mso-themecolor:=\"mso-themecolor:\" text1;\"=\"text1;\"\">Mesmo com produ\u00e7\u00e3o local, h\u00e1 uma alta depend\u00eancia da tecnologia estrangeira. Entre as previs\u00f5es dos minist\u00e9rios da Defesa e de Ci\u00eancia e Tecnologia para o setor cibern\u00e9tico, est\u00e1 a ado\u00e7\u00e3o de &#8220;solu\u00e7\u00f5es nacionais inovadoras&#8221;, em especial o desenvolvimento de &#8220;algoritmos criptogr\u00e1ficos e autentica\u00e7\u00e3o pr\u00f3prios&#8221;.<\/span><\/p>\n<p class=\"MsoNormal\" style=\"margin-bottom: .0001pt; line-height: normal;\"><strong><span style=\"font-size: 10.5pt; font-family: \" color:=\"color:\" black;=\"black;\" mso-themecolor:=\"mso-themecolor:\" text1;\"=\"text1;\"\">Greenwald vai ao Senado<\/span><\/strong><\/p>\n<p class=\"MsoNormal\" style=\"margin-bottom: .0001pt; line-height: normal;\"><span style=\"font-size: 10.5pt; font-family: \" color:=\"color:\" black;=\"black;\" mso-themecolor:=\"mso-themecolor:\" text1;\"=\"text1;\"\">Sobre o baixo investimento em defesa cibern\u00e9tica &#8211; apenas R$ 11,3 milh\u00f5es (12,5%) dos R$ 90 milh\u00f5es previstos para este ano, a assessoria do Minist\u00e9rio da Defesa sustenta que a maior parte deve ocorrer no segundo semestre. A pasta diz que ser\u00e1 poss\u00edvel gastar os R$ 90 milh\u00f5es e que cr\u00e9ditos adicionais ainda podem ser aprovados.<\/span><\/p>\n<p class=\"MsoNormal\" style=\"margin-bottom: .0001pt; line-height: normal;\"><span style=\"font-size: 10.5pt; font-family: \" color:=\"color:\" black;=\"black;\" mso-themecolor:=\"mso-themecolor:\" text1;\"=\"text1;\"\">O jornalista Glenn Greenwald, do jornal brit\u00e2nico &#8220;Guardian&#8221; &#8211; o respons\u00e1vel por levar \u00e0 imprensa o material vazado pelo ex-t\u00e9cnico da CIA Edward Snowden &#8211; ser\u00e1 ouvido amanh\u00e3 na Comiss\u00e3o de Rela\u00e7\u00f5es Exteriores e Defesa Nacional do Senado. O presidente da comiss\u00e3o, senador Ricardo Ferra\u00e7o (PMDB-ES), disse esperar que o jornalista detalhe um pouco mais como o monitoramento americano \u00e9 feito.<\/span><\/p>\n<p class=\"MsoNormal\" style=\"margin-bottom: .0001pt; line-height: normal;\"><span style=\"font-size: 10.5pt; font-family: \" color:=\"color:\" black;=\"black;\" mso-themecolor:=\"mso-themecolor:\" text1;\"=\"text1;\"\">&#8211; Queremos saber detalhes objetivos, como, por exemplo, se a NSA teve acesso a projetos estrat\u00e9gicos brasileiros, como o pr\u00e9-sal e o FX-2, por exemplo &#8211; adiantou Ferra\u00e7o, referindo-se ao programa de reequipamento e moderniza\u00e7\u00e3o da For\u00e7a A\u00e9rea Brasileira.<\/span><\/p>\n<p class=\"MsoNormal\" style=\"margin-bottom: .0001pt; line-height: normal;\"><span style=\"font-size: 10.5pt; font-family: \" color:=\"color:\" black;=\"black;\" mso-themecolor:=\"mso-themecolor:\" text1;\"=\"text1;\"\">Ferra\u00e7o disse ainda que a comiss\u00e3o vai pedir ao jornalista que autorize o acesso ao material coletado com Snowden. O senador n\u00e3o poupou o governo de cr\u00edticas:<\/span><\/p>\n<p class=\"MsoNormal\" style=\"margin-bottom: .0001pt; line-height: normal;\"><span style=\"font-size: 10.5pt; font-family: \" color:=\"color:\" black;=\"black;\" mso-themecolor:=\"mso-themecolor:\" text1;\"=\"text1;\"\">&#8211; O governo tem sido absolutamente negligente e leniente no desenvolvimento de projetos necess\u00e1rios para a defesa cibern\u00e9tica. O governo n\u00e3o tem tratado o assunto com a necessidade que merece. Estamos aqu\u00e9m do b\u00e1sico do b\u00e1sico do b\u00e1sico.<\/span><\/p>\n<p class=\"MsoNormal\" style=\"margin-bottom: .0001pt; line-height: normal;\"><span style=\"font-size: 10.5pt; font-family: \" color:=\"color:\" black;=\"black;\" mso-themecolor:=\"mso-themecolor:\" text1;\"=\"text1;\"\">A situa\u00e7\u00e3o de Snowden &#8211; h\u00e1 tr\u00eas semanas na \u00e1rea de tr\u00e2nsito de um aeroporto de Moscou &#8211; tamb\u00e9m \u00e9 motivo de preocupa\u00e7\u00e3o. Organiza\u00e7\u00f5es de defesa dos direitos humanos e movimentos de juventude de partidos planejam para quinta-feira o &#8220;Dia do Snowden&#8221;, com atos p\u00fablicos na sede do Itamaraty, em Bras\u00edlia, no escrit\u00f3rio da Presid\u00eancia da Rep\u00fablica, em S\u00e3o Paulo, e em consulados dos EUA, al\u00e9m de a\u00e7\u00f5es em redes sociais. O objetivo \u00e9 convencer o governo brasileiro a se engajar em campanha para garantir que o ex-t\u00e9cnico da CIA viaje em seguran\u00e7a at\u00e9 um dos pa\u00edses que ofereceram asilo, como Venezuela, Bol\u00edvia e Nicar\u00e1gua .<\/span><\/p>\n<p class=\"MsoNormal\" style=\"margin-bottom: .0001pt; line-height: normal;\"><span style=\"font-size: 10.5pt; font-family: \" color:=\"color:\" black;=\"black;\" mso-themecolor:=\"mso-themecolor:\" text1;\"=\"text1;\"\"> <\/span><\/p>\n<p class=\"MsoNormal\" style=\"margin-bottom: .0001pt; line-height: normal;\"><span style=\"font-size: 10.5pt; font-family: \" color:=\"color:\" black;=\"black;\" mso-themecolor:=\"mso-themecolor:\" text1;\"=\"text1;\"\">_______________________________________________________________<\/span><\/p>\n<p class=\"MsoNormal\" style=\"margin-bottom: .0001pt; line-height: normal;\"><span style=\"font-size: 10.5pt; font-family: \" color:=\"color:\" black;=\"black;\" mso-themecolor:=\"mso-themecolor:\" text1;\"=\"text1;\"\"> <\/span><\/p>\n<p class=\"MsoNormal\" style=\"margin-bottom: .0001pt; line-height: normal;\"><strong><span style=\"font-size: 10.5pt; font-family: \" color:=\"color:\" black;=\"black;\" mso-themecolor:=\"mso-themecolor:\" text1;\"=\"text1;\"\">Ex-diplomata dos EUA extrai diamantes no norte de MG<\/span><\/strong><\/p>\n<p class=\"MsoNormal\" style=\"margin-bottom: .0001pt; line-height: normal;\"><em><span style=\"font-size: 10.5pt; font-family: \" color:=\"color:\" black;=\"black;\" mso-themecolor:=\"mso-themecolor:\" text1;\"=\"text1;\"\">Valor Econ\u00f4mico<\/span><\/em><\/p>\n<p class=\"MsoNormal\" style=\"margin-bottom: .0001pt; line-height: normal;\"><span style=\"font-size: 10.5pt; font-family: \" color:=\"color:\" black;=\"black;\" mso-themecolor:=\"mso-themecolor:\" text1;\"=\"text1;\"\"> <\/span><\/p>\n<p class=\"MsoNormal\" style=\"margin-bottom: .0001pt; line-height: normal;\"><span style=\"font-size: 10.5pt; font-family: \" color:=\"color:\" black;=\"black;\" mso-themecolor:=\"mso-themecolor:\" text1;\"=\"text1;\"\">Durante parte do governo do ex-presidente George W. Bush, Roger Noriega foi embaixador dos EUA na Organiza\u00e7\u00e3o dos Estados Americanos (OEA) e sub-secret\u00e1rio de Estado para a Am\u00e9rica Latina e Canad\u00e1. A diplomacia deixou de ser sua atividade e, nos \u00faltimos anos, Noriega tem dedicado seu tempo a escrever artigos, a fazer palestras e a sua consultoria a empresas americanas que buscam oportunidades na Am\u00e9rica Latina. Desde o come\u00e7o do ano, o pr\u00f3prio Noriega tamb\u00e9m tem interesses comerciais no Brasil. Ele \u00e9 um dos diretores de uma pequena e rec\u00e9m-criada mineradora, com sede na Calif\u00f3rnia, que em janeiro come\u00e7ou a extrair diamantes numa \u00e1rea pr\u00f3xima ao Rio Jequitinhonha, no norte de Minas Gerais.<\/span><\/p>\n<p class=\"MsoNormal\" style=\"margin-bottom: .0001pt; line-height: normal;\"><span style=\"font-size: 10.5pt; font-family: \" color:=\"color:\" black;=\"black;\" mso-themecolor:=\"mso-themecolor:\" text1;\"=\"text1;\"\">Al\u00e9m dele, dois ex-embaixadores fazem parte do corpo diretivo da mineradora, a Brazil Minerals: John Bell (que foi c\u00f4nsul do Canad\u00e1 em S\u00e3o Paulo e embaixador no Brasil entre os anos 70 e in\u00edcio dos 90), e Paul Durand (ex-embaixador do Canad\u00e1 na Costa Rica, Chile e OEA entre os anos 90 e 2000).<\/span><\/p>\n<p class=\"MsoNormal\" style=\"margin-bottom: .0001pt; line-height: normal;\"><span style=\"font-size: 10.5pt; font-family: \" color:=\"color:\" black;=\"black;\" mso-themecolor:=\"mso-themecolor:\" text1;\"=\"text1;\"\">Quem est\u00e1 \u00e0 frente da companhia \u00e9 Marc Fogassa, um brasileiro-americano de 46 anos, que estudou no MIT e fez carreira nos EUA em empresas de venture capital e em neg\u00f3cios do setor de sa\u00fade. Fogassa vive em Los Angeles, Calif\u00f3rnia. Em 2011 come\u00e7ou a avaliar o neg\u00f3cio com a \u00e1rea em Duas Barras (MG), a \u00e1rea nas margens do Jequitinhonha. Os donos eram os canadenses da Valdiaam, que no fim da d\u00e9cada passada foi uma produtora importante de diamantes no Brasil.<\/span><\/p>\n<p class=\"MsoNormal\" style=\"margin-bottom: .0001pt; line-height: normal;\"><span style=\"font-size: 10.5pt; font-family: \" color:=\"color:\" black;=\"black;\" mso-themecolor:=\"mso-themecolor:\" text1;\"=\"text1;\"\">Em entrevista ao Valor durante passagem por Belo Horizonte, Fogassa contou que a Brazil Minerals tem interesses em outros minerais no pa\u00eds. Um deles \u00e9 o fosfato, numa \u00e1rea no munic\u00edpio de Lagamar, no oeste mineiro. Tamb\u00e9m numa \u00e1rea onde haveria reservas de tit\u00e2nio, van\u00e1dio e min\u00e9rio de ferro no Piau\u00ed e ouro em uma regi\u00e3o de dif\u00edcil acesso perto do munic\u00edpio de Apu\u00ed, no Amazonas.<\/span><\/p>\n<p class=\"MsoNormal\" style=\"margin-bottom: .0001pt; line-height: normal;\"><span style=\"font-size: 10.5pt; font-family: \" color:=\"color:\" black;=\"black;\" mso-themecolor:=\"mso-themecolor:\" text1;\"=\"text1;\"\">Mas de todos os projetos em vista, \u00e9 o de diamantes que est\u00e1 mais desenvolvido. E o \u00fanico em produ\u00e7\u00e3o. No primeiro trimestre, Brazil Mineral retirou de uma \u00e1rea alagada, separada por uma faixa de vegeta\u00e7\u00e3o do rio, cerca de 350 quilates; no segundo trimestre, segundo comunicado ao mercado americano, foram aproximadamente 900 quilates. A Brazil Minerals tem a\u00e7\u00f5es negociadas no &#8220;over to counter&#8221; (OTC) nos EUA &#8211; um tipo de mercado de pap\u00e9is do qual geralmente empresas menores participam.<\/span><\/p>\n<p class=\"MsoNormal\" style=\"margin-bottom: .0001pt; line-height: normal;\"><span style=\"font-size: 10.5pt; font-family: \" color:=\"color:\" black;=\"black;\" mso-themecolor:=\"mso-themecolor:\" text1;\"=\"text1;\"\">A Brazil Minerals foi formalmente criada em 18 de dezembro de 2012. E Fogassa se mostra surpreso com o n\u00famero crescente de acionistas. Em 13 de junho, por exemplo, eram 2.160; no dia 28 j\u00e1 eram 2.452 &#8211; 95% deles s\u00e3o americanos, diz o empres\u00e1rio, e entre eles h\u00e1 pequenos hedge funds e family offices. A possibilidade de diversificar investimentos, de apostar em recursos minerais numa empresa com a transpar\u00eancia do mercado americano e com uma equipe operacional e t\u00e9cnica brasileira parece ser o apelo da Brazil Minerals, diz Fogassa. E h\u00e1 tamb\u00e9m o atrativo pelo carro-chefe, o neg\u00f3cio com diamantes.<\/span><\/p>\n<p class=\"MsoNormal\" style=\"margin-bottom: .0001pt; line-height: normal;\"><span style=\"font-size: 10.5pt; font-family: \" color:=\"color:\" black;=\"black;\" mso-themecolor:=\"mso-themecolor:\" text1;\"=\"text1;\"\">&#8220;Os diamantes voltaram a ser a coisa mais sexy do momento&#8221;, disse Fogassa, com seu sotaque americano, ao lado do ge\u00f3logo Paulo Amorim, ex-funcion\u00e1rio da Vale, e agora parte da equipe da nova mineradora. O mercado sofreu um recuo com a crise de 2008, mas foi recuperando espa\u00e7o. &#8220;Quase todo dia tem gente me procurando interessada em comprar diamantes. Eu at\u00e9 fiz uma lista outro dia dos brokers de diamantes brutos que j\u00e1 me escreveram, pessoas de Dubai, do Canad\u00e1, do Reino Unido, Estados Unidos, B\u00e9lgica, R\u00fassia e It\u00e1lia.&#8221;<\/span><\/p>\n<p class=\"MsoNormal\" style=\"margin-bottom: .0001pt; line-height: normal;\"><span style=\"font-size: 10.5pt; font-family: \" color:=\"color:\" black;=\"black;\" mso-themecolor:=\"mso-themecolor:\" text1;\"=\"text1;\"\">A produ\u00e7\u00e3o de Duas Barras est\u00e1 sendo vendida, at\u00e9 agora, apenas para intermedi\u00e1rios no Brasil. Mas o plano de neg\u00f3cios da mineradora passa tamb\u00e9m por lapidar uma parte menor, talvez 20%, da produ\u00e7\u00e3o. Uma possibilidade seria vend\u00ea-la para joalherias de m\u00e9dio porte nos EUA. O valor de um diamante lapidado costuma ser algumas vezes maior do que o de um bruto, mas no Brasil a lapida\u00e7\u00e3o de diamantes em escala \u00e9 um tipo de atividade que praticamente desapareceu. O custo na \u00cdndia, considerada especialista em pedras menores, por exemplo, \u00e9 uma fra\u00e7\u00e3o do encontrado no Brasil. Mas Fogassa acha que vale apostar. Sua equipe, diz, j\u00e1 come\u00e7ou a entrar em contato com lapidadores que ainda resistem.<\/span><\/p>\n<p class=\"MsoNormal\" style=\"margin-bottom: .0001pt; line-height: normal;\"><span style=\"font-size: 10.5pt; font-family: \" color:=\"color:\" black;=\"black;\" mso-themecolor:=\"mso-themecolor:\" text1;\"=\"text1;\"\">A reserva indicada e inferida de diamantes de Duas Barras, segundo o empres\u00e1rio, \u00e9 de 432 mil quilates; a de ouro &#8211; tamb\u00e9m em in\u00edcio de produ\u00e7\u00e3o &#8211; 491 quilos.<\/span><\/p>\n<p class=\"MsoNormal\" style=\"margin-bottom: .0001pt; line-height: normal;\"><span style=\"font-size: 10.5pt; font-family: \" color:=\"color:\" black;=\"black;\" mso-themecolor:=\"mso-themecolor:\" text1;\"=\"text1;\"\">Por e-mail, o ex-embaixador dos EUA Roger Noriega falou de sua participa\u00e7\u00e3o no neg\u00f3cio. Disse que seu envolvimento &#8220;est\u00e1 diretamente relacionada \u00e0 confian\u00e7a&#8221; que tem em Fogassa, a quem descreve como um &#8220;brilhante jovem empreendedor brasileiro-americano&#8221; que conhece muito bem o Brasil e sua economia. &#8220;Espero que minha experi\u00eancia diplom\u00e1tica traga benef\u00edcios \u00e0 Brazil Minerals porque eu entendo os desafios e oportunidades de se fazer neg\u00f3cios no Brasil.&#8221; Noriega disse que tamb\u00e9m \u00e9 conselheiro de Marc num fundo de investimento, o Hedgefort, voltado para o Brasil.<\/span><\/p>\n<p class=\"MsoNormal\" style=\"margin-bottom: .0001pt; line-height: normal;\"><span style=\"font-size: 10.5pt; font-family: \" color:=\"color:\" black;=\"black;\" mso-themecolor:=\"mso-themecolor:\" text1;\"=\"text1;\"\">A Brazil Minerals investiu US$ 2 milh\u00f5es no pa\u00eds, segundo Fogassa, e pretende captar mais recursos este ano. O objetivo \u00e9 chegar ao faturamento da antiga dona da \u00e1rea, cerca de US$ 10 milh\u00f5es. H\u00e1 duas semanas ele esteve nas margens do Jequitinhonha com dois executivos de um banco de investimentos de Nova York, interessados em conhecer de perto os ativos de uma empresa sobre a qual come\u00e7am a acompanhar os resultados e a produzir relat\u00f3rios, contou Fogassa. Os contatos com potenciais investidores est\u00e3o em curso, afirmou. E para isso, ele conta com sua rede de contatos e com as dos ex-embaixadores. Sobre o colega americano, diz: &#8220;Noriega conhece as grandes empresas, muitos altos executivos na Am\u00e9rica Latina e ele me p\u00f5e em contato com facilidade com eles.&#8221;<\/span><\/p>\n<p class=\"MsoNormal\" style=\"margin-bottom: .0001pt; line-height: normal;\"><span style=\"font-size: 10.5pt; font-family: \" color:=\"color:\" black;=\"black;\" mso-themecolor:=\"mso-themecolor:\" text1;\"=\"text1;\"\"> <\/span><\/p>\n<p class=\"MsoNormal\" style=\"margin-bottom: .0001pt; line-height: normal;\"><span style=\"font-size: 10.5pt; font-family: \" color:=\"color:\" black;=\"black;\" mso-themecolor:=\"mso-themecolor:\" text1;\"=\"text1;\"\">_______________________________________________________________<\/span><\/p>\n<p class=\"MsoNormal\" style=\"margin-bottom: .0001pt; line-height: normal;\"><span style=\"font-size: 10.5pt; font-family: \" color:=\"color:\" black;=\"black;\" mso-themecolor:=\"mso-themecolor:\" text1;\"=\"text1;\"\"> <\/span><\/p>\n<p class=\"MsoNormal\" style=\"margin-bottom: .0001pt; line-height: normal;\"><strong><span style=\"font-size: 10.5pt; font-family: \" color:=\"color:\" black;=\"black;\" mso-themecolor:=\"mso-themecolor:\" text1;\"=\"text1;\"\">Manobra garante melhora no perfil da d\u00edvida p\u00fablica<\/span><\/strong><\/p>\n<p class=\"MsoNormal\" style=\"margin-bottom: .0001pt; line-height: normal;\"><em><span style=\"font-size: 10.5pt; font-family: \" color:=\"color:\" black;=\"black;\" mso-themecolor:=\"mso-themecolor:\" text1;\"=\"text1;\"\">O Estado de S. Paulo<\/span><\/em><\/p>\n<p class=\"MsoNormal\" style=\"margin-bottom: .0001pt; line-height: normal;\"><span style=\"font-size: 10.5pt; font-family: \" color:=\"color:\" black;=\"black;\" mso-themecolor:=\"mso-themecolor:\" text1;\"=\"text1;\"\"> <\/span><\/p>\n<p class=\"MsoNormal\" style=\"margin-bottom: .0001pt; line-height: normal;\"><span style=\"font-size: 10.5pt; font-family: \" color:=\"color:\" black;=\"black;\" mso-themecolor:=\"mso-themecolor:\" text1;\"=\"text1;\"\">O resultado das contas p\u00fablicas n\u00e3o \u00e9 o \u00fanico item sob administra\u00e7\u00e3o do Tesouro Nacional a se beneficiar de opera\u00e7\u00f5es at\u00edpicas. Tamb\u00e9m os balan\u00e7os sobre o perfil da d\u00edvida p\u00fablica mobili\u00e1ria federal mostram bons resultados \u00e0 custa de manobras no bastidor, mostra estudo elaborado pelo economista Felipe Salto, da consultoria Tend\u00eancias. &#8220;S\u00f3 n\u00e3o d\u00e1 para falar que \u00e9 maquiagem porque d\u00e1 para a gente ver o que aconteceu&#8221;, disse Salto.<\/span><\/p>\n<p class=\"MsoNormal\" style=\"margin-bottom: .0001pt; line-height: normal;\"><span style=\"font-size: 10.5pt; font-family: \" color:=\"color:\" black;=\"black;\" mso-themecolor:=\"mso-themecolor:\" text1;\"=\"text1;\"\">Ele sustenta que, por tr\u00e1s dos n\u00fameros que mostram um endividamento de boa qualidade e bem comportado, est\u00e1 o Banco Central rolando a d\u00edvida p\u00fablica (uma tarefa que seria do Tesouro). &#8220;A consequ\u00eancia disso \u00e9 que estamos tendo uma despesa enorme de juros em troca de nada.&#8221; Questionado, o Banco Central, presidido por Alexandre Tombini, informou que n\u00e3o comentaria o estudo.<\/span><\/p>\n<p class=\"MsoNormal\" style=\"margin-bottom: .0001pt; line-height: normal;\"><span style=\"font-size: 10.5pt; font-family: \" color:=\"color:\" black;=\"black;\" mso-themecolor:=\"mso-themecolor:\" text1;\"=\"text1;\"\">Dizem os manuais de economia que d\u00edvida p\u00fablica boa \u00e9 aquela que tem prazos longos e cujos juros, al\u00e9m de baixos, s\u00e3o prefixados &#8211; ou seja, o governo sabe de antem\u00e3o quanto vai pagar. O governo passou a perseguir esse perfil de d\u00edvida nos anos 1990, depois de muitos anos com a d\u00edvida fora de controle, rolada diariamente em com juros p\u00f3s-fixados.<\/span><\/p>\n<p class=\"MsoNormal\" style=\"margin-bottom: .0001pt; line-height: normal;\"><span style=\"font-size: 10.5pt; font-family: \" color:=\"color:\" black;=\"black;\" mso-themecolor:=\"mso-themecolor:\" text1;\"=\"text1;\"\">A d\u00edvida mobili\u00e1ria interna brasileira caminhou na dire\u00e7\u00e3o dessas boas pr\u00e1ticas, de forma que ost\u00edtulos p\u00f3s-fixados, as Letras Financeiras do Tesouro (LFTs), corrigidos conforme a taxa dejuros b\u00e1sica Selic, representavam apenas 22,56% do total em maio passado. A maior parte dos pap\u00e9is tem corre\u00e7\u00e3o mais favor\u00e1vel ao Tesouro: ou s\u00e3o prefixados ou corrigidos por \u00edndices de infla\u00e7\u00e3o. O prazo m\u00e9dio do estoque estava em 4,19 anos.<\/span><\/p>\n<p class=\"MsoNormal\" style=\"margin-bottom: .0001pt; line-height: normal;\"><span style=\"font-size: 10.5pt; font-family: \" color:=\"color:\" black;=\"black;\" mso-themecolor:=\"mso-themecolor:\" text1;\"=\"text1;\"\">Corre\u00e7\u00e3o. &#8220;O problema \u00e9 que o mercado demanda pap\u00e9is atrelados \u00e0 Selic&#8221;, disse o economista. &#8220;E o Banco Central vem suprindo.&#8221; Ele disse que n\u00e3o tem como provar isso. &#8220;Mas h\u00e1 evid\u00eancias.&#8221;<\/span><\/p>\n<p class=\"MsoNormal\" style=\"margin-bottom: .0001pt; line-height: normal;\"><span style=\"font-size: 10.5pt; font-family: \" color:=\"color:\" black;=\"black;\" mso-themecolor:=\"mso-themecolor:\" text1;\"=\"text1;\"\">Aprincipal delas est\u00e1nas chamadas opera\u00e7\u00f5es compromissadas. Elas s\u00e3o realizadas pelo Banco Central para retirar o excesso de dinheiro em circula\u00e7\u00e3o na economia, que poderia alimentar a infla\u00e7\u00e3o. Para recolher o dinheiro, a autoridade monet\u00e1ria oferece aos bancos t\u00edtulos emitidos pelo Tesouro Nacional. E a prefer\u00eancia recai sobre as LFTs.<\/span><\/p>\n<p class=\"MsoNormal\" style=\"margin-bottom: .0001pt; line-height: normal;\"><span style=\"font-size: 10.5pt; font-family: \" color:=\"color:\" black;=\"black;\" mso-themecolor:=\"mso-themecolor:\" text1;\"=\"text1;\"\">O volume de opera\u00e7\u00f5es compromissadas aumentounos \u00faltimos meses: representava 3,3% do Produto Interno Bruto (PIB) em 2006 e hoje est\u00e1 em 15,7% do PIB. Nesse mesmo per\u00edodo, a d\u00edvida mobili\u00e1ria federal caiu de 45,3% do PIB para 39,8% do PIB. &#8220;N\u00e3o faz sentido&#8221;, comentou o economista. &#8220;N\u00e3o houve redu\u00e7\u00e3o das necessidades de financiamento para a d\u00edvida ter ca\u00eddo.&#8221; Em outras palavras: se o governo ampliou os gastos e, se a arrecada\u00e7\u00e3o ficou abaixo do previsto nos \u00faltimos meses, era para a d\u00edvida ter aumentado, e n\u00e3o ca\u00eddo.<\/span><\/p>\n<p class=\"MsoNormal\" style=\"margin-bottom: .0001pt; line-height: normal;\"><span style=\"font-size: 10.5pt; font-family: \" color:=\"color:\" black;=\"black;\" mso-themecolor:=\"mso-themecolor:\" text1;\"=\"text1;\"\">Por isso, ele acredita que parte do endividamento est\u00e1 sendo rolado pelo Banco Central, pelas opera\u00e7\u00f5es compromissadas. Dessa forma, o governo vem captando dinheiro no mercado, mas aum custo mais elevado e a prazos mais curtos. Ou<\/span><\/p>\n<p class=\"MsoNormal\" style=\"margin-bottom: .0001pt; line-height: normal;\"><span style=\"font-size: 10.5pt; font-family: \" color:=\"color:\" black;=\"black;\" mso-themecolor:=\"mso-themecolor:\" text1;\"=\"text1;\"\">seja, justo o contr\u00e1rio do que s\u00e3o os objetivos da administra\u00e7\u00e3o da d\u00edvida. &#8220;Claramente, o BC est\u00e1 substituindo o Tesouro na tarefa de rolagem da d\u00edvida p\u00fablica mobili\u00e1ria federal.&#8221;<\/span><\/p>\n<p class=\"MsoNormal\" style=\"margin-bottom: .0001pt; line-height: normal;\"><span style=\"font-size: 10.5pt; font-family: \" color:=\"color:\" black;=\"black;\" mso-themecolor:=\"mso-themecolor:\" text1;\"=\"text1;\"\">Na avalia\u00e7\u00e3o do economista, esse desarranjo tem uma origem clara: a recusa do governo em promover uma pol\u00edtica fiscal com credibilidade no mercado. O conjunto de receitas e despesas forma, na vis\u00e3o dos agentes econ\u00f4micos, uma combina\u00e7\u00e3o que n\u00e3o d\u00e1 suporte \u00e0 taxa de juros reaisde 2% perseguida como meta pelo governo.<\/span><\/p>\n<p>\u00a0<\/p>\n<p class=\"MsoNormal\" style=\"margin-bottom: .0001pt; line-height: normal;\"><span style=\"font-size: 10.5pt; font-family: \" color:=\"color:\" black;=\"black;\" mso-themecolor:=\"mso-themecolor:\" text1;\"=\"text1;\"\">O super\u00e1vit prim\u00e1rio, que \u00e9 o saldo das contas do governo sem contar as despesas com a d\u00edvida p\u00fablica, n\u00e3o \u00e9 nada mais do que uma express\u00e3o da possibilidade do governo de honrar seus compromissos financeiros. Nada convencido da solidez do resultado, o mercado exige juros mais altos para rolar a d\u00edvida p\u00fablica.<\/span><\/p>\n","protected":false},"excerpt":{"rendered":"\nO Estado de S. Paulo\n \nContratos de financiamento do Banco Nacional de Desenvolvimento Econ\u00f4mico e Social (BNDES) sofreram altera\u00e7\u00f5es para beneficiar empresas de Eike Batista. As mudan\u00e7as adiaram prazos, estenderam recursos e relaxaram exig\u00eancias. Documentos enviados ao Congresso e obtidos pelo &#8220;Estado&#8221; mostram que foram firmados 15 contratos no valor de R$ 10,7 bilh\u00f5es com empresas do grupo de janeiro de 2009 a dezembro de 2012 com juros baixos, garantias em a\u00e7\u00f5es das pr\u00f3prias companhias ou bens que ainda seriam adquiridos. \n<a class=\"moretag\" href=\"https:\/\/pcb.org.br\/portal2\/5100\"> <\/a>","protected":false},"author":1,"featured_media":0,"comment_status":"open","ping_status":"open","sticky":false,"template":"","format":"standard","meta":{"jetpack_post_was_ever_published":false,"_jetpack_newsletter_access":"","_jetpack_dont_email_post_to_subs":false,"_jetpack_newsletter_tier_id":0,"_jetpack_memberships_contains_paywalled_content":false,"_jetpack_memberships_contains_paid_content":false,"footnotes":"","jetpack_publicize_message":"","jetpack_publicize_feature_enabled":true,"jetpack_social_post_already_shared":false,"jetpack_social_options":{"image_generator_settings":{"template":"highway","default_image_id":0,"font":"","enabled":false},"version":2}},"categories":[106],"tags":[],"class_list":["post-5100","post","type-post","status-publish","format-standard","hentry","category-c119-olhovivo"],"jetpack_publicize_connections":[],"jetpack_featured_media_url":"","jetpack_shortlink":"https:\/\/wp.me\/p659gw-1kg","jetpack-related-posts":[],"jetpack_likes_enabled":true,"jetpack_sharing_enabled":true,"_links":{"self":[{"href":"https:\/\/pcb.org.br\/portal2\/wp-json\/wp\/v2\/posts\/5100","targetHints":{"allow":["GET"]}}],"collection":[{"href":"https:\/\/pcb.org.br\/portal2\/wp-json\/wp\/v2\/posts"}],"about":[{"href":"https:\/\/pcb.org.br\/portal2\/wp-json\/wp\/v2\/types\/post"}],"author":[{"embeddable":true,"href":"https:\/\/pcb.org.br\/portal2\/wp-json\/wp\/v2\/users\/1"}],"replies":[{"embeddable":true,"href":"https:\/\/pcb.org.br\/portal2\/wp-json\/wp\/v2\/comments?post=5100"}],"version-history":[{"count":0,"href":"https:\/\/pcb.org.br\/portal2\/wp-json\/wp\/v2\/posts\/5100\/revisions"}],"wp:attachment":[{"href":"https:\/\/pcb.org.br\/portal2\/wp-json\/wp\/v2\/media?parent=5100"}],"wp:term":[{"taxonomy":"category","embeddable":true,"href":"https:\/\/pcb.org.br\/portal2\/wp-json\/wp\/v2\/categories?post=5100"},{"taxonomy":"post_tag","embeddable":true,"href":"https:\/\/pcb.org.br\/portal2\/wp-json\/wp\/v2\/tags?post=5100"}],"curies":[{"name":"wp","href":"https:\/\/api.w.org\/{rel}","templated":true}]}}