{"id":511,"date":"2010-06-01T15:46:36","date_gmt":"2010-06-01T15:46:36","guid":{"rendered":"http:\/\/pcb.org.br\/portal2\/?p=511"},"modified":"2010-06-01T15:46:36","modified_gmt":"2010-06-01T15:46:36","slug":"israel-pratica-mais-um-massacre-crime-contra-a-humanidade","status":"publish","type":"post","link":"https:\/\/pcb.org.br\/portal2\/511","title":{"rendered":"Israel pratica mais um massacre &#8211; Crime contra a Humanidade"},"content":{"rendered":"\n<p>O objetivo da Frota da Liberdade era o de quebrar o bloqueio contra o povo palestino na Faixa de Gaza, levando 600 cadeiras de rodas para deficientes f\u00edsicos que s\u00e3o vitimas da \u201cOpera\u00e7\u00e3o Chumbo Derretido\u201d praticado contra Faixa de Gaza em 2008\/2009, material de constru\u00e7\u00e3o, madeiras, 100 casas pr\u00e9-fabricadas, cimento e alimentos; que totalizam 10 toneladas de ajuda humanit\u00e1rias. S\u00e3o 750 ativistas civis entre eles 44 deputados e membros de Kenesset (Parlamento \u201cisraelense\u201d) tamb\u00e9m representantes de Direitos Humanos, advogados, m\u00e9dicos e enfermeiros, de mais de 66 paises, reafirmando que as agress\u00f5es aconteceram em \u00e1guas internacionais.<\/p>\n<p>O governo do Estado Sionista de \u201cIsrael\u201d sempre declarou a retirada de suas tropas da Faixa de Gaza. Com sua ultima agress\u00e3o contra os navios usando a for\u00e7a desproporcional e assassinando inocentes desarmados, civis de dezenas de pa\u00edses do mundo, \u201cEstado de Israel\u201d, com esta atitude de governo revela a sua verdadeira face. \u201cIsrael\u201d significa guerra, destrui\u00e7\u00e3o e crimes contra a humanidades, esta \u00e9 a verdadeira face do \u201cEstado sionista e racista de Israel\u201d. Tamb\u00e9m com esta atitude o governo de \u201cIsrael\u201d revela claramente, que continua uma for\u00e7a de ocupa\u00e7\u00e3o, e que a Faixa de Gaza deve ser considerada um zona ocupada, pois \u00e9, e nunca deixou de ser controlada pela ex\u00e9rcito assassino da entidade sionista.<\/p>\n<p>A condena\u00e7\u00e3o dos pa\u00edses contra este massacre praticado n\u00e3o basta, devem tomar medidas que obriguem \u201cIsrael\u201d a por fim ao bloqueio desumano na Faixa de Gaza, e levar os criminosos diante dos tribunais de guerra. Tamb\u00e9m deve obrigar \u201cIsrael\u201d a reconhecer os Direitos inalien\u00e1veis do povo palestinos; como o de viver em liberdade em seu territ\u00f3rio e com Direito de Retorno a sua terra.<\/p>\n<p>O Estado Sionista de \u201cIsrael\u201d, n\u00e3o tem o direito de se considerar acima de Lei e transformar as \u00e1guas internacionais com zonas militares por quest\u00f5es de seguran\u00e7a, agindo como piratas. Estado sionista de \u201cIsrael\u201d n\u00e3o tem direito de usar as suas for\u00e7as armadas contra civis desarmados em \u00e1guas internacionais! Nem seq\u00fcestrar centenas de civis, seus navios e cargas de ajuda humanit\u00e1ria. O Estado sionista de \u201cIsrael\u201d n\u00e3o pode continuar agindo fora da Lei Internacional, do Direito internacional, afrontando todas as resolu\u00e7\u00f5es da ONU, deve ser parado j\u00e1; para que n\u00e3o cometa mais assassinatos e genoc\u00eddios contra o povo palestino e agora tamb\u00e9m contra os solid\u00e1rios internacionalistas.<\/p>\n<p>Chamo a todos os defensores do Direito internacional, os defensores do Direitos do povo palestino e todos internacionalistas defensores dos povos oprimidos, para que hoje se organizem e manifestem seu apoio para que o povo palestino possa gozar de seus Direitos; como o de Auto Determina\u00e7\u00e3o, o de construir seu Estado Independente e Soberano, e o Direito imprescrit\u00edvel de Retorno.<\/p>\n<p>Jadallah Safa<\/p>\n<p>De Comit\u00ea Democr\u00e1tico Palestino do Brasil<\/p>\n<p>31\/05\/2010<\/p>\n","protected":false},"excerpt":{"rendered":"\n\n\nCr\u00e9dito: somostodospalestinos.blogspot.com\n\n\n\n\nIsrael acrescentou mais um crime contra a humanidade em sua longa lista, em seu ataque pirata contra os navios a Frota de Liberdade, no dia de hoje 31\/05\/2010 que deixou mais de 16 mortos civis. S\u00e3o de v\u00e1rias nacionalidades os militantes solid\u00e1rios feridos as dezenas; sendo a maioria turcos. O ataque se deu em \u00e1guas internacionais, no mar mediterr\u00e2neo em frente a Faixa de Gaza.\n<a class=\"moretag\" href=\"https:\/\/pcb.org.br\/portal2\/511\"> <\/a>","protected":false},"author":1,"featured_media":0,"comment_status":"open","ping_status":"open","sticky":false,"template":"","format":"standard","meta":{"jetpack_post_was_ever_published":false,"_jetpack_newsletter_access":"","_jetpack_dont_email_post_to_subs":false,"_jetpack_newsletter_tier_id":0,"_jetpack_memberships_contains_paywalled_content":false,"_jetpack_memberships_contains_paid_content":false,"footnotes":"","jetpack_publicize_message":"","jetpack_publicize_feature_enabled":true,"jetpack_social_post_already_shared":false,"jetpack_social_options":{"image_generator_settings":{"template":"highway","default_image_id":0,"font":"","enabled":false},"version":2}},"categories":[78],"tags":[],"class_list":["post-511","post","type-post","status-publish","format-standard","hentry","category-c91-solidariedade-a-palestina"],"jetpack_publicize_connections":[],"jetpack_featured_media_url":"","jetpack_shortlink":"https:\/\/wp.me\/p659gw-8f","jetpack-related-posts":[],"jetpack_likes_enabled":true,"jetpack_sharing_enabled":true,"_links":{"self":[{"href":"https:\/\/pcb.org.br\/portal2\/wp-json\/wp\/v2\/posts\/511","targetHints":{"allow":["GET"]}}],"collection":[{"href":"https:\/\/pcb.org.br\/portal2\/wp-json\/wp\/v2\/posts"}],"about":[{"href":"https:\/\/pcb.org.br\/portal2\/wp-json\/wp\/v2\/types\/post"}],"author":[{"embeddable":true,"href":"https:\/\/pcb.org.br\/portal2\/wp-json\/wp\/v2\/users\/1"}],"replies":[{"embeddable":true,"href":"https:\/\/pcb.org.br\/portal2\/wp-json\/wp\/v2\/comments?post=511"}],"version-history":[{"count":0,"href":"https:\/\/pcb.org.br\/portal2\/wp-json\/wp\/v2\/posts\/511\/revisions"}],"wp:attachment":[{"href":"https:\/\/pcb.org.br\/portal2\/wp-json\/wp\/v2\/media?parent=511"}],"wp:term":[{"taxonomy":"category","embeddable":true,"href":"https:\/\/pcb.org.br\/portal2\/wp-json\/wp\/v2\/categories?post=511"},{"taxonomy":"post_tag","embeddable":true,"href":"https:\/\/pcb.org.br\/portal2\/wp-json\/wp\/v2\/tags?post=511"}],"curies":[{"name":"wp","href":"https:\/\/api.w.org\/{rel}","templated":true}]}}