{"id":5128,"date":"2013-07-19T22:41:12","date_gmt":"2013-07-19T22:41:12","guid":{"rendered":"http:\/\/pcb.org.br\/portal2\/?p=5128"},"modified":"2013-07-19T22:41:12","modified_gmt":"2013-07-19T22:41:12","slug":"estudo-aponta-que-brasil-deve-ao-paraguai-por-itaipu","status":"publish","type":"post","link":"https:\/\/pcb.org.br\/portal2\/5128","title":{"rendered":"Estudo aponta que Brasil deve ao Paraguai por Itaipu"},"content":{"rendered":"\n<p>\u00a0<\/p>\n<p class=\"MsoNormal\" style=\"margin-bottom: .0001pt; line-height: normal;\"><span style=\"font-family: \" color:=\"color:\" black;=\"black;\" mso-themecolor:=\"mso-themecolor:\" text1;\"=\"text1;\"\">&#8220;A hist\u00f3ria da d\u00edvida de Itaipu Binacional \u00e9 sombria&#8221;, dizem os pesquisadores do VCC Perrine Toledano e Nicolas Maennling, que assinam o documento. &#8220;Recomendamos que Brasil e Paraguai explorem de forma transparente os argumentos e recalculem a d\u00edvida em bases justas, com pre\u00e7os razo\u00e1veis para a energia exportada pelo Paraguai no passado e premissas razo\u00e1veis para as taxas de juros.&#8221;<\/span><\/p>\n<p class=\"MsoNormal\" style=\"margin-bottom: .0001pt; line-height: normal;\"><span style=\"font-family: \" color:=\"color:\" black;=\"black;\" mso-themecolor:=\"mso-themecolor:\" text1;\"=\"text1;\"\">A revis\u00e3o do Tratado de Itaipu &#8211; instrumento legal que determina, entre outros pontos, as regras de comercializa\u00e7\u00e3o da energia da hidrel\u00e9trica &#8211; \u00e9 um tema sens\u00edvel para os paraguaios e sempre utilizado com motiva\u00e7\u00f5es pol\u00edticas durante as campanhas eleitorais do pa\u00eds. Dessa vez, por\u00e9m, a quest\u00e3o ganha novo contorno por ter a chancela de um instituto internacional e independente.<\/span><\/p>\n<p class=\"MsoNormal\" style=\"margin-bottom: .0001pt; line-height: normal;\"><span style=\"font-family: \" color:=\"color:\" black;=\"black;\" mso-themecolor:=\"mso-themecolor:\" text1;\"=\"text1;\"\">Para o Brasil, o tema tamb\u00e9m \u00e9 importante, porque o governo brasileiro autorizou, em maio, a utiliza\u00e7\u00e3o dos receb\u00edveis de Itaipu na Conta de Desenvolvimento Energ\u00e9tico (CDE), fundo setorial que est\u00e1 sendo utilizado para aliviar o caixa das distribuidoras para cobrir as despesas de opera\u00e7\u00e3o das termel\u00e9tricas.<\/span><\/p>\n<p class=\"MsoNormal\" style=\"margin-bottom: .0001pt; line-height: normal;\"><span style=\"font-family: \" color:=\"color:\" black;=\"black;\" mso-themecolor:=\"mso-themecolor:\" text1;\"=\"text1;\"\">A minuta do estudo do VCC foi aberta a consulta p\u00fablica por duas semanas, at\u00e9 15 de julho, prazo em que os interessados puderam enviar contribui\u00e7\u00f5es sobre o tema. A expectativa do instituto \u00e9 divulgar a vers\u00e3o final em at\u00e9 dois meses, ap\u00f3s avaliar os dados que receberam.<\/span><\/p>\n<p class=\"MsoNormal\" style=\"margin-bottom: .0001pt; line-height: normal;\"><span style=\"font-family: \" color:=\"color:\" black;=\"black;\" mso-themecolor:=\"mso-themecolor:\" text1;\"=\"text1;\"\">Especialistas brasileiros, no entanto, questionam as premissas do estudo. &#8220;O conte\u00fado dessa pesquisa tem tamanhas impropriedades que dificilmente o Jeffrey Sachs sequer tenha passado os olhos nele&#8221;, diz o presidente do Instituto Acende Brasil, Claudio Sales, ressaltando que os autores do documento n\u00e3o examinaram os balan\u00e7os anuais e o fluxo de caixa da Itaipu Binacional.<\/span><\/p>\n<p class=\"MsoNormal\" style=\"margin-bottom: .0001pt; line-height: normal;\"><span style=\"font-family: \" color:=\"color:\" black;=\"black;\" mso-themecolor:=\"mso-themecolor:\" text1;\"=\"text1;\"\">Segundo Sales, h\u00e1 pelo menos tr\u00eas inconsist\u00eancias no trabalho do VCC. A primeira \u00e9 que o instituto calculou a tarifa de Itaipu com base em pre\u00e7o de mercado, enquanto o tratado relativo \u00e0 hidrel\u00e9trica define a tarifa pelo custo de constru\u00e7\u00e3o e manuten\u00e7\u00e3o da usina, j\u00e1 que o empreendimento n\u00e3o visa o lucro, apenas o pagamento da d\u00edvida.<\/span><\/p>\n<p class=\"MsoNormal\" style=\"margin-bottom: .0001pt; line-height: normal;\"><span style=\"font-family: \" color:=\"color:\" black;=\"black;\" mso-themecolor:=\"mso-themecolor:\" text1;\"=\"text1;\"\">O VCC tamb\u00e9m defende que a d\u00edvida de Itaipu seja recalculada utilizando uma taxa de juros anual de 5%. Sales, por\u00e9m, lembra que os juros na \u00e9poca de constru\u00e7\u00e3o da hidrel\u00e9trica, na d\u00e9cada de 80, eram de pelo menos 10%. Por \u00faltimo, o VCC insinua uma diferen\u00e7a consider\u00e1vel entre o imobilizado acumulado e o investimento direto acumulado na usina.<\/span><\/p>\n<p class=\"MsoNormal\" style=\"margin-bottom: .0001pt; line-height: normal;\"><span style=\"font-family: \" color:=\"color:\" black;=\"black;\" mso-themecolor:=\"mso-themecolor:\" text1;\"=\"text1;\"\">&#8220;Mas a parcela de juros acumulada durante a constru\u00e7\u00e3o [da usina] \u00e9 financeiramente enorme e se soma ao imobilizado propriamente dito&#8221;, diz Sales. Itaipu exigiu investimentos diretos da ordem de US$ 12 bilh\u00f5es, mas o custo final do projeto foi de US$ 27 bilh\u00f5es, principalmente devido a encargos financeiros e rolagem de d\u00edvida.<\/span><\/p>\n<p class=\"MsoNormal\" style=\"margin-bottom: .0001pt; line-height: normal;\"><span style=\"font-family: \" color:=\"color:\" black;=\"black;\" mso-themecolor:=\"mso-themecolor:\" text1;\"=\"text1;\"\">O pesquisador Roberto Brand\u00e3o, do Grupo de Estudos do Setor de Energia El\u00e9trica da Universidade Federal do Rio de Janeiro (Gesel-UFRJ), tamb\u00e9m critica as bases utilizadas pelos economistas do VCC. &#8220;O modelo considerado para dizer que a d\u00edvida j\u00e1 est\u00e1 paga sup\u00f5e que n\u00e3o houve acordo. Ele n\u00e3o considera o Tratado de Itaipu&#8221;, afirma. &#8220;Mas o Tratado de Itaipu est\u00e1 para Itaipu assim como a Constitui\u00e7\u00e3o est\u00e1 para um pa\u00eds&#8221;, diz Brand\u00e3o.<\/span><\/p>\n<p class=\"MsoNormal\" style=\"margin-bottom: .0001pt; line-height: normal;\"><span style=\"font-family: \" color:=\"color:\" black;=\"black;\" mso-themecolor:=\"mso-themecolor:\" text1;\"=\"text1;\"\">Segundo o diretor-geral brasileiro da Itaipu Binacional, Jorge Samek, a d\u00edvida da companhia \u00e9 de US$ 13,9 bilh\u00f5es, que deve ser quitada at\u00e9 fevereiro de 2023. Ele contou que Itaipu teve uma alavancagem financeira de 99,8%.<\/span><\/p>\n<p class=\"MsoNormal\" style=\"margin-bottom: .0001pt; line-height: normal;\"><span style=\"font-family: \" color:=\"color:\" black;=\"black;\" mso-themecolor:=\"mso-themecolor:\" text1;\"=\"text1;\"\">&#8220;Fizemos um estudo contestando [o VCC] desde o t\u00edtulo at\u00e9 a \u00faltima linha, porque eles partiram de uma premissa errada. E quem parte de uma premissa errada n\u00e3o pode chegar a uma conclus\u00e3o correta&#8221;, afirmou Samek.<\/span><\/p>\n<p class=\"MsoNormal\" style=\"margin-bottom: .0001pt; line-height: normal;\"><span style=\"font-family: \" color:=\"color:\" black;=\"black;\" mso-themecolor:=\"mso-themecolor:\" text1;\"=\"text1;\"\">O diretor de Itaipu n\u00e3o v\u00ea risco, por\u00e9m, de mudan\u00e7as no contrato da usina nem uma rela\u00e7\u00e3o conflituosa com o futuro governo paraguaio. &#8220;J\u00e1 estou trabalhando com o s\u00e9timo diretor-geral paraguaio e o quarto presidente paraguaio. Nesse per\u00edodo, Itaipu n\u00e3o deixou de produzir um megawatt-hora sequer por quest\u00f5es pol\u00edticas&#8221;, disse. &#8220;O que me deixa mais confiante \u00e9 que o presidente que ganhou a elei\u00e7\u00e3o \u00e9 assessorado por pessoas que conhecem com profundidade o que foi o Tratado de Itaipu.&#8221;<\/span><\/p>\n<p class=\"MsoNormal\" style=\"margin-bottom: .0001pt; line-height: normal;\"><span style=\"font-family: \" color:=\"color:\" black;=\"black;\" mso-themecolor:=\"mso-themecolor:\" text1;\"=\"text1;\"\"> <\/span><\/p>\n<p class=\"MsoNormal\" style=\"margin-bottom: .0001pt; line-height: normal;\"><span style=\"font-family: \" color:=\"color:\" black;=\"black;\" mso-themecolor:=\"mso-themecolor:\" text1;\"=\"text1;\"\">____________________________________________________________<\/span><\/p>\n<p class=\"MsoNormal\" style=\"margin-bottom: .0001pt; line-height: normal;\"><span style=\"font-family: \" color:=\"color:\" black;=\"black;\" mso-themecolor:=\"mso-themecolor:\" text1;\"=\"text1;\"\"> <\/span><\/p>\n<p class=\"MsoNormal\" style=\"margin-bottom: .0001pt; line-height: normal;\"><strong><span style=\"font-family: \" color:=\"color:\" black;=\"black;\" mso-themecolor:=\"mso-themecolor:\" text1;\"=\"text1;\"\">Gera\u00e7\u00e3o de emprego ficar\u00e1 abaixo da meta<\/span><\/strong><\/p>\n<p class=\"MsoNormal\" style=\"margin-bottom: .0001pt; line-height: normal;\"><em><span style=\"font-family: \" color:=\"color:\" black;=\"black;\" mso-themecolor:=\"mso-themecolor:\" text1;\"=\"text1;\"\">Valor Econ\u00f4mico<\/span><\/em><\/p>\n<p class=\"MsoNormal\" style=\"margin-bottom: .0001pt; line-height: normal;\"><span style=\"font-family: \" color:=\"color:\" black;=\"black;\" mso-themecolor:=\"mso-themecolor:\" text1;\"=\"text1;\"\"> <\/span><\/p>\n<p class=\"MsoNormal\" style=\"margin-bottom: .0001pt; line-height: normal;\"><span style=\"font-family: \" color:=\"color:\" black;=\"black;\" mso-themecolor:=\"mso-themecolor:\" text1;\"=\"text1;\"\">A economia brasileira vai gerar 300 mil empregos a menos do que o governo tinha estabelecido como meta para este ano, segundo dados fornecidos pelo ministro do Trabalho, Manoel Dias, em Moscou. Em abril, o ministro falava de meta de 1,7 milh\u00e3o de empregos novos este ano. Ontem, o ministro falou ao Valor de cria\u00e7\u00e3o de 1 milh\u00e3o de postos. Mais tarde, por meio de sua assessoria, o n\u00famero foi corrigido para 1,4 milh\u00e3o.<\/span><\/p>\n<p class=\"MsoNormal\" style=\"margin-bottom: .0001pt; line-height: normal;\"><span style=\"font-family: \" color:=\"color:\" black;=\"black;\" mso-themecolor:=\"mso-themecolor:\" text1;\"=\"text1;\"\">Segundo o ministro, mais de 100 mil empregos formais foram criados em junho, resultado superior aos 80 mil empregos de maio, que foi o pior resultado desde 2003 do Cadastro Geral de Empregados e Desempregados (Caged). Os n\u00fameros oficiais ser\u00e3o divulgados na semana que vem.<\/span><\/p>\n<p class=\"MsoNormal\" style=\"margin-bottom: .0001pt; line-height: normal;\"><span style=\"font-family: \" color:=\"color:\" black;=\"black;\" mso-themecolor:=\"mso-themecolor:\" text1;\"=\"text1;\"\">Dias participou do encontro de ministros do Trabalho do G-20, e hoje estar\u00e1 na reuni\u00e3o conjunta com os ministros de Finan\u00e7as, em Moscou. Disse que at\u00e9 agora s\u00f3 ouviu ministros falando de crise e desemprego, enquanto o Brasil continua gerando empregos. Sobre o fato de a Fiesp ter apontado queda no emprego na ind\u00fastria paulista, em junho, Dias afirmou que &#8220;a economia n\u00e3o \u00e9 s\u00f3 ind\u00fastria, tem muito investimento no pa\u00eds&#8221;.<\/span><\/p>\n<p class=\"MsoNormal\" style=\"margin-bottom: .0001pt; line-height: normal;\"><span style=\"font-family: \" color:=\"color:\" black;=\"black;\" mso-themecolor:=\"mso-themecolor:\" text1;\"=\"text1;\"\"> <\/span><\/p>\n<p class=\"MsoNormal\" style=\"margin-bottom: .0001pt; line-height: normal;\"><span style=\"font-family: \" color:=\"color:\" black;=\"black;\" mso-themecolor:=\"mso-themecolor:\" text1;\"=\"text1;\"\">____________________________________________________________<\/span><\/p>\n<p class=\"MsoNormal\" style=\"margin-bottom: .0001pt; line-height: normal;\"><span style=\"font-family: \" color:=\"color:\" black;=\"black;\" mso-themecolor:=\"mso-themecolor:\" text1;\"=\"text1;\"\"> <\/span><\/p>\n<p class=\"MsoNormal\" style=\"margin-bottom: .0001pt; line-height: normal;\"><strong><span style=\"font-family: \" color:=\"color:\" black;=\"black;\" mso-themecolor:=\"mso-themecolor:\" text1;\"=\"text1;\"\">Influ\u00eancia chinesa cresce no &#8220;quintal&#8221; dos EUA<\/span><\/strong><\/p>\n<p class=\"MsoNormal\" style=\"margin-bottom: .0001pt; line-height: normal;\"><em><span style=\"font-family: \" color:=\"color:\" black;=\"black;\" mso-themecolor:=\"mso-themecolor:\" text1;\"=\"text1;\"\">Correio Braziliense<\/span><\/em><\/p>\n<p class=\"MsoNormal\" style=\"margin-bottom: .0001pt; line-height: normal;\"><span style=\"font-family: \" color:=\"color:\" black;=\"black;\" mso-themecolor:=\"mso-themecolor:\" text1;\"=\"text1;\"\"> <\/span><\/p>\n<p class=\"MsoNormal\" style=\"margin-bottom: .0001pt; line-height: normal;\"><span style=\"font-family: \" color:=\"color:\" black;=\"black;\" mso-themecolor:=\"mso-themecolor:\" text1;\"=\"text1;\"\">Ainda recentemente, governantes da Am\u00e9rica Latina reagiram com indigna\u00e7\u00e3o ao secret\u00e1rio de Estado norte-americano, John Kerry, que se referiu \u00e0 regi\u00e3o como &#8220;&#8221;quintal&#8221; dos Estados Unidos, durante audi\u00eancia no Congresso. Uma pesquisa publicada ontem pelo conceituado instituto Pew Research Center, no entanto, sugere que a vis\u00e3o de Kerry sobre a tradicional \u00e1rea de hegemonia de seu pa\u00eds est\u00e1 desatualizada. Depois de ouvir mais de 6 mil pessoas em sete pa\u00edses latino-americanos, o Pew concluiu que a regi\u00e3o v\u00ea com mais simpatia a crescente influ\u00eancia da China, embora a maioria reconhe\u00e7a o vizinho do norte como a for\u00e7a ainda predominante.<\/span><\/p>\n<p class=\"MsoNormal\" style=\"margin-bottom: .0001pt; line-height: normal;\"><span style=\"font-family: \" color:=\"color:\" black;=\"black;\" mso-themecolor:=\"mso-themecolor:\" text1;\"=\"text1;\"\">&#8220;Embora os EUA geralmente sejam apontados como a pot\u00eancia de maior impacto, a influ\u00eancia da China \u00e9 vista de maneira mais positiva na maioria dos pa\u00edses&#8221;, diz o texto que apresenta a sondagem, feita com entrevistados de Argentina, Bol\u00edvia, Brasil, Chile, El Salvador, M\u00e9xico e Venezuela, como parte de um estudo global sobre a percep\u00e7\u00e3o das duas pot\u00eancias em quatro dezenas de pa\u00edses. Na Venezuela, que recebeu investimentos e financiamentos chineses milion\u00e1rios, 57% encaram como &#8220;positiva&#8221; a a\u00e7\u00e3o de Pequim, \u00edndice que sobe para 71% quando a pergunta se refere especificamente \u00e0 economia. Washington tem a simpatia de 29%, ou 46% nos assuntos econ\u00f4micos.<\/span><\/p>\n<p class=\"MsoNormal\" style=\"margin-bottom: .0001pt; line-height: normal;\"><span style=\"font-family: \" color:=\"color:\" black;=\"black;\" mso-themecolor:=\"mso-themecolor:\" text1;\"=\"text1;\"\">Na Bol\u00edvia (31%), na Argentina (27%) e no Chile (36%) tamb\u00e9m s\u00e3o em maior n\u00famero os que veem com bons olhos o papel da China, enquanto os EUA s\u00e3o os &#8220;preferidos&#8221; no M\u00e9xico (33%), em El Salvador (51%) e no Brasil (46%), ainda que por estreita margem em compara\u00e7\u00e3o com os asi\u00e1ticos. A vantagem americana se explica pelo chamado soft power, que compreende a tecnologia, a maneira de fazer neg\u00f3cios e a cultura popular, adotada por muitos latino-americanos, segundo o Pew, sediado em Washington.<\/span><\/p>\n<p class=\"MsoNormal\" style=\"margin-bottom: .0001pt; line-height: normal;\"><strong><span style=\"font-family: \" color:=\"color:\" black;=\"black;\" mso-themecolor:=\"mso-themecolor:\" text1;\"=\"text1;\"\">Predomin\u00e2ncia<\/span><\/strong><\/p>\n<p class=\"MsoNormal\" style=\"margin-bottom: .0001pt; line-height: normal;\"><span style=\"font-family: \" color:=\"color:\" black;=\"black;\" mso-themecolor:=\"mso-themecolor:\" text1;\"=\"text1;\"\">Ainda assim, o estudo constatou que s\u00e3o em maior n\u00famero os que consideram a influ\u00eancia americana preponderante. No Brasil, que tenta firmar a lideran\u00e7a regional, 83% veem influ\u00eancia americana grande ou moderada na maneira como o pa\u00eds se desenvolve. As respostas foram similares em El Salvador (76%), no Chile (64%), na Bol\u00edvia (55%), na Argentina (53%) e no M\u00e9xico (74%). A exce\u00e7\u00e3o, nesse quesito, \u00e9 a Venezuela, onde a mesma porcentagem (47%) acredita que China e EUA t\u00eam grande preponder\u00e2ncia no pa\u00eds. Quando perguntados sobre o papel na economia, 57% dos venezuelanos afirmam que a influ\u00eancia chinesa \u00e9 grande, contra 47% que dizem o mesmo sobre os americanos.<\/span><\/p>\n<p class=\"MsoNormal\" style=\"margin-bottom: .0001pt; line-height: normal;\"><span style=\"font-family: \" color:=\"color:\" black;=\"black;\" mso-themecolor:=\"mso-themecolor:\" text1;\"=\"text1;\"\">\u00c9 tamb\u00e9m na Venezuela que o levantamento captou a percep\u00e7\u00e3o mais forte de que a China (com 38%) \u00e9 o aliado mais importante entre as duas pot\u00eancias. Nos demais pa\u00edses consultados, prevalece a impress\u00e3o de que \u201c\u00e9 mais importante ter fortes la\u00e7os com os EUA ou manter uma boa rela\u00e7\u00e3o com ambas as pot\u00eancias\u201d<\/span><\/p>\n<p class=\"MsoNormal\" style=\"margin-bottom: .0001pt; line-height: normal;\"><span style=\"font-family: \" color:=\"color:\" black;=\"black;\" mso-themecolor:=\"mso-themecolor:\" text1;\"=\"text1;\"\"> <\/span><\/p>\n<p class=\"MsoNormal\" style=\"margin-bottom: .0001pt; line-height: normal;\"><span style=\"font-family: \" color:=\"color:\" black;=\"black;\" mso-themecolor:=\"mso-themecolor:\" text1;\"=\"text1;\"\">____________________________________________________________<\/span><\/p>\n<p class=\"MsoNormal\" style=\"margin-bottom: .0001pt; line-height: normal;\"><span style=\"font-family: \" color:=\"color:\" black;=\"black;\" mso-themecolor:=\"mso-themecolor:\" text1;\"=\"text1;\"\"> <\/span><\/p>\n<p class=\"MsoNormal\" style=\"margin-bottom: .0001pt; line-height: normal;\"><strong><span style=\"font-family: \" color:=\"color:\" black;=\"black;\" mso-themecolor:=\"mso-themecolor:\" text1;\"=\"text1;\"\">BC contraria Dilma e prev\u00ea infla\u00e7\u00e3o alta<\/span><\/strong><\/p>\n<p class=\"MsoNormal\" style=\"margin-bottom: .0001pt; line-height: normal;\"><em><span style=\"font-family: \" color:=\"color:\" black;=\"black;\" mso-themecolor:=\"mso-themecolor:\" text1;\"=\"text1;\"\">Correio Braziliense<\/span><\/em><\/p>\n<p class=\"MsoNormal\" style=\"margin-bottom: .0001pt; line-height: normal;\"><span style=\"font-family: \" color:=\"color:\" black;=\"black;\" mso-themecolor:=\"mso-themecolor:\" text1;\"=\"text1;\"\"> <\/span><\/p>\n<p class=\"MsoNormal\" style=\"margin-bottom: .0001pt; line-height: normal;\"><span style=\"font-family: \" color:=\"color:\" black;=\"black;\" mso-themecolor:=\"mso-themecolor:\" text1;\"=\"text1;\"\">Apenas um dia ap\u00f3s a presidente Dilma Rousseff ter afirmado a empres\u00e1rios que &#8220;ainfla\u00e7\u00e3o Vem caindo de maneira consistente nos \u00faltimos meses&#8221;, o Banco Central (BC) rebateu o discurso oficial do Pal\u00e1cio do Planalto e recomendou prud\u00eancia com a escalada dos pre\u00e7os. Nas palavras dos diretores que assinam a ata da \u00faltima reuni\u00e3o do Comit\u00ea de Pol\u00edtica Monet\u00e1ria (Copom), realizada na semana passada, mas divulgada ontem, &#8220;o n\u00edvel elevado&#8221; do custo de vida e a &#8220;dispers\u00e3o de aumentos de pre\u00e7os&#8221; contribuem para que a carestia no pa\u00eds ainda mostre &#8220;resist\u00eancia&#8221;. O comunicado, que tem como objetivo explicar o porqu\u00ea de o BC ter elevado os juros b\u00e1sicos de 8% para 8,5% ao ano, foi elogiado pelo mercado, que viu uma mudan\u00e7a importante na postura da institui\u00e7\u00e3o, at\u00e9 ent\u00e3o apontada como leniente em rela\u00e7\u00e3o \u00e0 carestia que atormenta as fam\u00edlias.<\/span><\/p>\n<p class=\"MsoNormal\" style=\"margin-bottom: .0001pt; line-height: normal;\"><span style=\"font-family: \" color:=\"color:\" black;=\"black;\" mso-themecolor:=\"mso-themecolor:\" text1;\"=\"text1;\"\">Dilma havia feito um discurso acalorado, em que, al\u00e9m de atacar o que chamou de pessimismo dos que criticam o governo, defendeu veementemente os resultados de sua equipe econ\u00f4mica, entre os quais o controle da infla\u00e7\u00e3o e o maior rigor fiscal. Para o Copom, em vez de prud\u00eancia com os gastos p\u00fablicos, &#8220;iniciativas recentes apontam o balan\u00e7o do setor p\u00fablico em posi\u00e7\u00e3o expansio-nista&#8221;. Trocando em mi\u00fados: o governo est\u00e1 gastando demais quando, na verdade, deveria poupar recursos para deixar de pressionar o custo de vida.<\/span><\/p>\n<p class=\"MsoNormal\" style=\"margin-bottom: .0001pt; line-height: normal;\"><span style=\"font-family: \" color:=\"color:\" black;=\"black;\" mso-themecolor:=\"mso-themecolor:\" text1;\"=\"text1;\"\">Para o BC, \u00e9 importante que o Minist\u00e9rio da Fazenda ponha freio ao excesso de despesas, e justifica o alerta ao mencionar que &#8220;a gera\u00e7\u00e3o de superavits prim\u00e1rios, al\u00e9m de contribuir para arrefecer o descompasso entre as taxas de crescimento da demanda e da oferta, solidifica a tend\u00eancia de redu\u00e7\u00e3o da d\u00edvida p\u00fablica e a percep\u00e7\u00e3o positiva sobre o ambiente macroecon\u00f4mico no m\u00e9dio e no longo prazo&#8221; Muito do pessimismo que o Planalto critica vem dos truques fiscais que encobriram a m\u00e1 qualidade dos gastos p\u00fablicos.<\/span><\/p>\n<p class=\"MsoNormal\" style=\"margin-bottom: .0001pt; line-height: normal;\"><span style=\"font-family: \" color:=\"color:\" black;=\"black;\" mso-themecolor:=\"mso-themecolor:\" text1;\"=\"text1;\"\">Com isso, o BC disse que o aumento de juros iniciado em abril n\u00e3o ser\u00e1 suficiente para domar o drag\u00e3o da infla\u00e7\u00e3o se a Fazenda n\u00e3o fizer a sua parte e estancar a gastan\u00e7a e cumprir plenamente a meta de economizar 2,3% do Produto Interno Bruto (PIB) para saldar juros da d\u00edvida. O Copom alega que j\u00e1 tem problemas demais diante da disparada dos pre\u00e7os do d\u00f3lar, valoriza\u00e7\u00e3o que pode ser repassada aos consumidores. A subida e a volatilidade do d\u00f3lar, no entender da autoridade monet\u00e1ria, constituem &#8220;fonte de press\u00e3o inflacion\u00e1ria em prazos mais curtos&#8221; e os efeitos prolongados desses movimentos &#8220;podem e devem ser limitados pela adequada condu\u00e7\u00e3o da pol\u00edtica monet\u00e1ria&#8221; Ou seja, mais juros.<\/span><\/p>\n<p class=\"MsoNormal\" style=\"margin-bottom: .0001pt; line-height: normal;\"><span style=\"font-family: \" color:=\"color:\" black;=\"black;\" mso-themecolor:=\"mso-themecolor:\" text1;\"=\"text1;\"\">A previs\u00e3o dos especialistas \u00e9 de que a Selic suba mais 0,5 ponto percentual no fim de agosto, para 9%. Diante da fragilidade da atividade, h\u00e1 um grupo, ainda pequeno, vendo nesse patamar o fim do ciclo do aperto monet\u00e1rio. Os mais radicais acreditam que a taxa pode ir a 10%, por causa da resist\u00eancia da infla\u00e7\u00e3o em se manter pr\u00f3xima ao teto da meta, de 6,5%.<\/span><\/p>\n<p class=\"MsoNormal\" style=\"margin-bottom: .0001pt; line-height: normal;\"><span style=\"font-family: \" color:=\"color:\" black;=\"black;\" mso-themecolor:=\"mso-themecolor:\" text1;\"=\"text1;\"\">O tom duro do comunicado mostra que, apesar da euforia presidencial com n\u00fameros recentes que apontam a desacelera\u00e7\u00e3o da infla\u00e7\u00e3o a curto prazo, o comportamento dos pre\u00e7os ainda enseja cuidados. Neste ano, mesmo com todos os esfor\u00e7os do governo para reduzir impostos sobre a conta de luz e alimentos e segurar os reajustes dos transportes p\u00fablicos, o \u00edndice de Pre\u00e7os ao Consumidor Amplo (IPCA) deve acumular alta de 6%, segundo o BC. Para 2014, quando Dilma tentar\u00e1 a reelei\u00e7\u00e3o pelo PT, o mercado projeta uma taxa de 5,90%.<\/span><\/p>\n<p class=\"MsoNormal\" style=\"margin-bottom: .0001pt; line-height: normal;\"><span style=\"font-family: \" color:=\"color:\" black;=\"black;\" mso-themecolor:=\"mso-themecolor:\" text1;\"=\"text1;\"\">Chamou a aten\u00e7\u00e3o dos economistas o fato de o BC ter retirado da ata do Copom a men\u00e7\u00e3o que fazia ao que chamava de &#8220;taxa neutra&#8221; de juros, o patamar de juros natural de uma economia. Para Ilan Gol-dfajn e Caio Megale, do Ita\u00fa Unibanco, isso pode revelar que a autoridade monet\u00e1ria j\u00e1 acredita que o tempo de juros baixos no Brasil ficou para tr\u00e1s. &#8220;Ao fazer isso, o Copom pode estar sinalizando que os juros devem se acomodar em n\u00edveis mais altos para frente&#8221;, mencionaram, em an\u00e1lise a clientes.<\/span><\/p>\n<p class=\"MsoNormal\" style=\"margin-bottom: .0001pt; line-height: normal;\"><span style=\"font-family: \" color:=\"color:\" black;=\"black;\" mso-themecolor:=\"mso-themecolor:\" text1;\"=\"text1;\"\"> <\/span><\/p>\n<p class=\"MsoNormal\" style=\"margin-bottom: .0001pt; line-height: normal;\"><span style=\"font-family: \" color:=\"color:\" black;=\"black;\" mso-themecolor:=\"mso-themecolor:\" text1;\"=\"text1;\"\">____________________________________________________________<\/span><\/p>\n<p class=\"MsoNormal\" style=\"margin-bottom: .0001pt; line-height: normal;\"><span style=\"font-family: \" color:=\"color:\" black;=\"black;\" mso-themecolor:=\"mso-themecolor:\" text1;\"=\"text1;\"\"> <\/span><\/p>\n<p class=\"MsoNormal\" style=\"margin-bottom: .0001pt; line-height: normal;\"><strong><span style=\"font-family: \" color:=\"color:\" black;=\"black;\" mso-themecolor:=\"mso-themecolor:\" text1;\"=\"text1;\"\">Arrecada\u00e7\u00e3o cai e governo estuda reduzir super\u00e1vit<\/span><\/strong><\/p>\n<p class=\"MsoNormal\" style=\"margin-bottom: .0001pt; line-height: normal;\"><em><span style=\"font-family: \" color:=\"color:\" black;=\"black;\" mso-themecolor:=\"mso-themecolor:\" text1;\"=\"text1;\"\">Valor Econ\u00f4mico<\/span><\/em><\/p>\n<p class=\"MsoNormal\" style=\"margin-bottom: .0001pt; line-height: normal;\"><span style=\"font-family: \" color:=\"color:\" black;=\"black;\" mso-themecolor:=\"mso-themecolor:\" text1;\"=\"text1;\"\"> <\/span><\/p>\n<p class=\"MsoNormal\" style=\"margin-bottom: .0001pt; line-height: normal;\"><span style=\"font-family: \" color:=\"color:\" black;=\"black;\" mso-themecolor:=\"mso-themecolor:\" text1;\"=\"text1;\"\">A p\u00e9ssima arrecada\u00e7\u00e3o registrada em junho, quando os tributos administrados pela Receita Federal ficaram cerca de R$ 5 bilh\u00f5es abaixo do que consta no decreto de contingenciamento, fez o governo repensar a necessidade de um super\u00e1vit prim\u00e1rio do setor p\u00fablico de 2,3% do Produto Interno Bruto (PIB) neste ano.<\/span><\/p>\n<p class=\"MsoNormal\" style=\"margin-bottom: .0001pt; line-height: normal;\"><span style=\"font-family: \" color:=\"color:\" black;=\"black;\" mso-themecolor:=\"mso-themecolor:\" text1;\"=\"text1;\"\">Embora ainda n\u00e3o haja decis\u00e3o da presidente Dilma Rousseff &#8211; uma \u00faltima reuni\u00e3o ainda ser\u00e1 realizada hoje -, um dos cen\u00e1rios \u00e9 o governo se comprometer com um super\u00e1vit prim\u00e1rio de 1,8% do PIB. De acordo com os defensores da proposta, esse resultado estaria mais ajustado ao atual ciclo da economia brasileira. Alternativa que contempla resultado ainda menor tamb\u00e9m foi discutida.<\/span><\/p>\n<p class=\"MsoNormal\" style=\"margin-bottom: .0001pt; line-height: normal;\"><span style=\"font-family: \" color:=\"color:\" black;=\"black;\" mso-themecolor:=\"mso-themecolor:\" text1;\"=\"text1;\"\">No relat\u00f3rio de avalia\u00e7\u00e3o de receitas e despesas do 3\u00ba bimestre, que ser\u00e1 enviado ao Congresso na pr\u00f3xima segunda-feira, o governo ter\u00e1 de mostrar como vai compensar a queda da receita em junho. Os dividendos das estatais, principalmente dos bancos p\u00fablicos, ajudaram a equilibrar as contas no m\u00eas passado. Mas a frustra\u00e7\u00e3o nas receitas colocou o governa situa\u00e7\u00e3o de que novos cortes nas despesas compensariam apenas as receitas mais baixas, como manda a Lei de Responsabilidade Fiscal. At\u00e9 ent\u00e3o, a redu\u00e7\u00e3o no gasto federal era apresentada para contrapor-se a uma meta fiscal de Estados e munic\u00edpios abaixo do esperado.<\/span><\/p>\n<p class=\"MsoNormal\" style=\"margin-bottom: .0001pt; line-height: normal;\"><span style=\"font-family: \" color:=\"color:\" black;=\"black;\" mso-themecolor:=\"mso-themecolor:\" text1;\"=\"text1;\"\">A arrecada\u00e7\u00e3o tribut\u00e1ria em julho tamb\u00e9m n\u00e3o foi boa, segundo informa\u00e7\u00f5es de t\u00e9cnicos da \u00e1rea econ\u00f4mica. Al\u00e9m de refletir um ritmo mais lento da atividade, ela tamb\u00e9m foi prejudicada pelas manifesta\u00e7\u00f5es de rua em todo o pa\u00eds, que afetaram a economia. Os t\u00e9cnicos dos minist\u00e9rios do Planejamento, Casa Civil e Fazenda debatem se faz sentido realizar cortes de gastos em um momento em que a receita est\u00e1 em trajet\u00f3ria descendente e a economia em ritmo mais fraco do que se imaginava. Perseguir a meta de 2,3% do PIB com cortes que afetariam inevitavelmente os investimentos apenas ajudaria a deprimir mais ainda a economia, acreditam as fontes consultadas.<\/span><\/p>\n<p>\u00a0<\/p>\n<p class=\"MsoNormal\" style=\"margin-bottom: .0001pt; line-height: normal;\"><span style=\"font-family: \" color:=\"color:\" black;=\"black;\" mso-themecolor:=\"mso-themecolor:\" text1;\"=\"text1;\"\">Essas mesmas autoridades n\u00e3o creem que um eventual recuo em rela\u00e7\u00e3o \u00e0 meta fiscal &#8211; o ministro da Fazen- da, Guido Mantega, havia se comprometido com os 2,3% do PIB &#8211; possa prejudicar o pa\u00eds, criando ru\u00eddos negativos no mercado. Elas afirmam que a presidente Dilma Rousseff, durante reuni\u00e3o do Conselho de Desenvolvimento Econ\u00f4mico e Social (CDES), j\u00e1 deixou claro que o Brasil tem solidez fiscal, com as contas da Previd\u00eancia Social, de pessoal e de juros sob controle.<\/span><\/p>\n","protected":false},"excerpt":{"rendered":"\nValor Econ\u00f4mico\n \nUm novo ingrediente pode apimentar a rela\u00e7\u00e3o entre os governos do Brasil e do Paraguai a menos de um m\u00eas da posse do novo presidente do pa\u00eds vizinho, Horacio Cartes. Um estudo sobre o uso do potencial hidrel\u00e9trico como propulsor da economia paraguaia, elaborado pelo Vale Columbia Center (VCC) &#8211; centro de estudos ligado \u00e0 Universidade de Columbia e dirigido pelo economista americano Jeffrey Sachs &#8211; avalia que a d\u00edvida atual do Paraguai em rela\u00e7\u00e3o \u00e0 constru\u00e7\u00e3o de Itaipu, de US$ 7,5 bilh\u00f5es, j\u00e1 foi quitada. Ele prop\u00f5e ainda revis\u00e3o do Tratado de Itaipu sob auditoria pelo Fundo Monet\u00e1rio Internacional (FMI). \n<a class=\"moretag\" href=\"https:\/\/pcb.org.br\/portal2\/5128\"> <\/a>","protected":false},"author":1,"featured_media":0,"comment_status":"open","ping_status":"open","sticky":false,"template":"","format":"standard","meta":{"jetpack_post_was_ever_published":false,"_jetpack_newsletter_access":"","_jetpack_dont_email_post_to_subs":false,"_jetpack_newsletter_tier_id":0,"_jetpack_memberships_contains_paywalled_content":false,"_jetpack_memberships_contains_paid_content":false,"footnotes":"","jetpack_publicize_message":"","jetpack_publicize_feature_enabled":true,"jetpack_social_post_already_shared":false,"jetpack_social_options":{"image_generator_settings":{"template":"highway","default_image_id":0,"font":"","enabled":false},"version":2}},"categories":[106],"tags":[],"class_list":["post-5128","post","type-post","status-publish","format-standard","hentry","category-c119-olhovivo"],"jetpack_publicize_connections":[],"jetpack_featured_media_url":"","jetpack_shortlink":"https:\/\/wp.me\/p659gw-1kI","jetpack-related-posts":[],"jetpack_likes_enabled":true,"jetpack_sharing_enabled":true,"_links":{"self":[{"href":"https:\/\/pcb.org.br\/portal2\/wp-json\/wp\/v2\/posts\/5128","targetHints":{"allow":["GET"]}}],"collection":[{"href":"https:\/\/pcb.org.br\/portal2\/wp-json\/wp\/v2\/posts"}],"about":[{"href":"https:\/\/pcb.org.br\/portal2\/wp-json\/wp\/v2\/types\/post"}],"author":[{"embeddable":true,"href":"https:\/\/pcb.org.br\/portal2\/wp-json\/wp\/v2\/users\/1"}],"replies":[{"embeddable":true,"href":"https:\/\/pcb.org.br\/portal2\/wp-json\/wp\/v2\/comments?post=5128"}],"version-history":[{"count":0,"href":"https:\/\/pcb.org.br\/portal2\/wp-json\/wp\/v2\/posts\/5128\/revisions"}],"wp:attachment":[{"href":"https:\/\/pcb.org.br\/portal2\/wp-json\/wp\/v2\/media?parent=5128"}],"wp:term":[{"taxonomy":"category","embeddable":true,"href":"https:\/\/pcb.org.br\/portal2\/wp-json\/wp\/v2\/categories?post=5128"},{"taxonomy":"post_tag","embeddable":true,"href":"https:\/\/pcb.org.br\/portal2\/wp-json\/wp\/v2\/tags?post=5128"}],"curies":[{"name":"wp","href":"https:\/\/api.w.org\/{rel}","templated":true}]}}