{"id":5129,"date":"2013-07-19T23:12:39","date_gmt":"2013-07-19T23:12:39","guid":{"rendered":"http:\/\/pcb.org.br\/portal2\/?p=5129"},"modified":"2013-07-19T23:12:39","modified_gmt":"2013-07-19T23:12:39","slug":"perguntas-sem-respostas","status":"publish","type":"post","link":"https:\/\/pcb.org.br\/portal2\/5129","title":{"rendered":"Perguntas sem respostas"},"content":{"rendered":"\n<p>Esse Olhar preferia discorrer as j\u00e1 costumeiras cr\u00edticas sobre a presen\u00e7a das For\u00e7as Armadas com fun\u00e7\u00e3o de pol\u00edcia em eventos como esse, o uso de recursos do Estado na promo\u00e7\u00e3o de eventos religiosos, e o esvaziamento for\u00e7ado da cidade (no caso, o Rio de Janeiro), com cancelamento de aulas e jornada de trabalho, para benef\u00edcio de tais atividades.<\/p>\n<p>Ocorre que, como confirma\u00e7\u00e3o de surrealismo, as coisas ainda podem ficar pior, como provam as declara\u00e7\u00f5es de Costa Abreu. Segundo ele, pessoas que exibirem cartazes com mensagens de protesto durante os eventos com a presen\u00e7a do papa Francisco poder\u00e3o ser retiradas dos locais. De acordo com ele, as poss\u00edveis manifesta\u00e7\u00f5es, mesmo que individuais, ser\u00e3o analisadas pelos militares &#8220;de acordo com o calor do momento&#8221; e se for constatado algum ato com &#8220;potencial ofensivo ao papa&#8221;, &#8220;a pessoa poder\u00e1 ser convidada a se retirar&#8221;, de acordo com o general.<\/p>\n<p>Gostar\u00edamos de perguntar quem, quando e como, definir\u00e1 &#8220;o calor do momento&#8221; e o &#8220;potencial ofensivo &#8220;, bem como o que ser\u00e1 feito se a pessoa gentilmente recusar o &#8220;convite a se retirar&#8221;&#8230;<\/p>\n","protected":false},"excerpt":{"rendered":"\nO Olhar Comunista fecha a semana comentando as declara\u00e7\u00f5es do comandante da 1\u00aa Divis\u00e3o de Ex\u00e9rcito, Jos\u00e9 Alberto da Costa Abreu, acerca da possibilidade de protestos durante a Jornada Mundial da Juventude &#8211; e a atitude que as For\u00e7as Armadas tomar\u00e3o nesses casos.\n<a class=\"moretag\" href=\"https:\/\/pcb.org.br\/portal2\/5129\"> <\/a>","protected":false},"author":1,"featured_media":0,"comment_status":"open","ping_status":"open","sticky":false,"template":"","format":"standard","meta":{"jetpack_post_was_ever_published":false,"_jetpack_newsletter_access":"","_jetpack_dont_email_post_to_subs":false,"_jetpack_newsletter_tier_id":0,"_jetpack_memberships_contains_paywalled_content":false,"_jetpack_memberships_contains_paid_content":false,"footnotes":"","jetpack_publicize_message":"","jetpack_publicize_feature_enabled":true,"jetpack_social_post_already_shared":false,"jetpack_social_options":{"image_generator_settings":{"template":"highway","default_image_id":0,"font":"","enabled":false},"version":2}},"categories":[100],"tags":[],"class_list":["post-5129","post","type-post","status-publish","format-standard","hentry","category-c113-a-semana-no-olhar-comunista"],"jetpack_publicize_connections":[],"jetpack_featured_media_url":"","jetpack_shortlink":"https:\/\/wp.me\/p659gw-1kJ","jetpack-related-posts":[],"jetpack_likes_enabled":true,"jetpack_sharing_enabled":true,"_links":{"self":[{"href":"https:\/\/pcb.org.br\/portal2\/wp-json\/wp\/v2\/posts\/5129","targetHints":{"allow":["GET"]}}],"collection":[{"href":"https:\/\/pcb.org.br\/portal2\/wp-json\/wp\/v2\/posts"}],"about":[{"href":"https:\/\/pcb.org.br\/portal2\/wp-json\/wp\/v2\/types\/post"}],"author":[{"embeddable":true,"href":"https:\/\/pcb.org.br\/portal2\/wp-json\/wp\/v2\/users\/1"}],"replies":[{"embeddable":true,"href":"https:\/\/pcb.org.br\/portal2\/wp-json\/wp\/v2\/comments?post=5129"}],"version-history":[{"count":0,"href":"https:\/\/pcb.org.br\/portal2\/wp-json\/wp\/v2\/posts\/5129\/revisions"}],"wp:attachment":[{"href":"https:\/\/pcb.org.br\/portal2\/wp-json\/wp\/v2\/media?parent=5129"}],"wp:term":[{"taxonomy":"category","embeddable":true,"href":"https:\/\/pcb.org.br\/portal2\/wp-json\/wp\/v2\/categories?post=5129"},{"taxonomy":"post_tag","embeddable":true,"href":"https:\/\/pcb.org.br\/portal2\/wp-json\/wp\/v2\/tags?post=5129"}],"curies":[{"name":"wp","href":"https:\/\/api.w.org\/{rel}","templated":true}]}}