{"id":5141,"date":"2013-07-23T22:44:30","date_gmt":"2013-07-23T22:44:30","guid":{"rendered":"http:\/\/pcb.org.br\/portal2\/?p=5141"},"modified":"2013-07-23T22:44:30","modified_gmt":"2013-07-23T22:44:30","slug":"o-pcb-e-os-protestos-na-chegada-do-papa","status":"publish","type":"post","link":"https:\/\/pcb.org.br\/portal2\/5141","title":{"rendered":"O PCB E OS PROTESTOS NA CHEGADA DO PAPA"},"content":{"rendered":"\n<p>O PCB esteve presente no Ato de protesto realizado durante a chegada do Papa ao Rio de Janeiro. Em nosso entendimento, a manifesta\u00e7\u00e3o n\u00e3o se voltou contra a vinda do Papa, em si, mas sim contra a maneira como ele est\u00e1 sendo recebido, contra o espet\u00e1culo midi\u00e1tico, mais do que religioso, em que se transformou sua visita, a ponto de alterar a rotina de todo o povo do Rio de Janeiro, independentemente da religi\u00e3o ou do ate\u00edsmo de cada um.<\/p>\n<p>A principal indigna\u00e7\u00e3o do PCB \u00e9 em rela\u00e7\u00e3o ao escandaloso financiamento p\u00fablico de um evento religioso, portanto privado, num pa\u00eds em que a sa\u00fade, a educa\u00e7\u00e3o e outros servi\u00e7os p\u00fablicos foram e est\u00e3o sendo sucateados.<\/p>\n<p>O argumento de que se trata de receber um chefe de estado estrangeiro \u00e9 falacioso. O discut\u00edvel reconhecimento do Vaticano como Estado, por parte da ONU, em verdade serve para blindar o clero e a poderosa m\u00e1quina da igreja cat\u00f3lica, para que n\u00e3o se sujeitem \u00e0s leis \u00a0nacionais e internacionais. Por exemplo, a pedofilia e a corrup\u00e7\u00e3o em que parte do clero se envolveu s\u00e3o tratadas segundo leis pr\u00f3prias. Suas finan\u00e7as s\u00e3o uma caixa preta. O papa, em verdade, \u00e9 o chefe de uma igreja e n\u00e3o de um estado.<\/p>\n<p>N\u00e3o existe o povo vaticano. Enquanto isso, os palestinos, os curdos, os mapuches, os sarau\u00eds e muitos outros povos continuam sem Estado.<\/p>\n<p>A presen\u00e7a de representantes de todos os poderes p\u00fablicos e da elite brasileira na recep\u00e7\u00e3o ao papa no Pal\u00e1cio Guanabara, al\u00e9m do mau gosto de prestigiar o governador mais hostilizado de todo o pa\u00eds, revela a absurda condi\u00e7\u00e3o de religi\u00e3o oficial da igreja cat\u00f3lica, num Estado que deveria ser laico.<\/p>\n<p>A juventude cat\u00f3lica mundial, composta por muitos fi\u00e9is que buscam, sinceramente, caminhos e sentidos para suas vidas e solu\u00e7\u00f5es para os problemas das sociedades em que vivem, \u00e9 convocada para um evento no qual n\u00e3o tem qualquer protagonismo nem ganhos em sua forma\u00e7\u00e3o pol\u00edtico-social. A Jornada n\u00e3o faz a den\u00fancia da opress\u00e3o, da mis\u00e9ria, da exclus\u00e3o gerada pelo capitalismo, levando ao conformismo, ao exerc\u00edcio da caridade superficial, \u00e0 ilus\u00e3o de que \u00e9 poss\u00edvel humanizar o capitalismo.<\/p>\n<p>PCB \u2013 Partido Comunista Brasileiro<\/p>\n<p>Secretariado Nacional<\/p>\n","protected":false},"excerpt":{"rendered":"\n<a class=\"moretag\" href=\"https:\/\/pcb.org.br\/portal2\/5141\"> <\/a>","protected":false},"author":1,"featured_media":0,"comment_status":"open","ping_status":"open","sticky":false,"template":"","format":"standard","meta":{"jetpack_post_was_ever_published":false,"_jetpack_newsletter_access":"","_jetpack_dont_email_post_to_subs":false,"_jetpack_newsletter_tier_id":0,"_jetpack_memberships_contains_paywalled_content":false,"_jetpack_memberships_contains_paid_content":false,"footnotes":"","jetpack_publicize_message":"","jetpack_publicize_feature_enabled":true,"jetpack_social_post_already_shared":false,"jetpack_social_options":{"image_generator_settings":{"template":"highway","default_image_id":0,"font":"","enabled":false},"version":2}},"categories":[26],"tags":[],"class_list":["post-5141","post","type-post","status-publish","format-standard","hentry","category-c25-notas-politicas-do-pcb"],"jetpack_publicize_connections":[],"jetpack_featured_media_url":"","jetpack_shortlink":"https:\/\/wp.me\/p659gw-1kV","jetpack-related-posts":[],"jetpack_likes_enabled":true,"jetpack_sharing_enabled":true,"_links":{"self":[{"href":"https:\/\/pcb.org.br\/portal2\/wp-json\/wp\/v2\/posts\/5141","targetHints":{"allow":["GET"]}}],"collection":[{"href":"https:\/\/pcb.org.br\/portal2\/wp-json\/wp\/v2\/posts"}],"about":[{"href":"https:\/\/pcb.org.br\/portal2\/wp-json\/wp\/v2\/types\/post"}],"author":[{"embeddable":true,"href":"https:\/\/pcb.org.br\/portal2\/wp-json\/wp\/v2\/users\/1"}],"replies":[{"embeddable":true,"href":"https:\/\/pcb.org.br\/portal2\/wp-json\/wp\/v2\/comments?post=5141"}],"version-history":[{"count":0,"href":"https:\/\/pcb.org.br\/portal2\/wp-json\/wp\/v2\/posts\/5141\/revisions"}],"wp:attachment":[{"href":"https:\/\/pcb.org.br\/portal2\/wp-json\/wp\/v2\/media?parent=5141"}],"wp:term":[{"taxonomy":"category","embeddable":true,"href":"https:\/\/pcb.org.br\/portal2\/wp-json\/wp\/v2\/categories?post=5141"},{"taxonomy":"post_tag","embeddable":true,"href":"https:\/\/pcb.org.br\/portal2\/wp-json\/wp\/v2\/tags?post=5141"}],"curies":[{"name":"wp","href":"https:\/\/api.w.org\/{rel}","templated":true}]}}