{"id":5142,"date":"2013-07-24T21:52:07","date_gmt":"2013-07-24T21:52:07","guid":{"rendered":"http:\/\/pcb.org.br\/portal2\/?p=5142"},"modified":"2013-07-24T21:52:07","modified_gmt":"2013-07-24T21:52:07","slug":"policiais-infiltrados-causam-polemica","status":"publish","type":"post","link":"https:\/\/pcb.org.br\/portal2\/5142","title":{"rendered":"Policiais infiltrados causam pol\u00eamica"},"content":{"rendered":"\n<p>\u00a0<\/p>\n<p class=\"MsoNormal\" style=\"margin-bottom: .0001pt; line-height: normal;\"><span style=\"font-family: \" color:=\"color:\" black;=\"black;\" mso-themecolor:=\"mso-themecolor:\" text1;\"=\"text1;\"\">Tr\u00eas v\u00eddeos se destacaram nas redes. No primeiro, divulgado pela pr\u00f3pria PM, um homem de camiseta preta, com estampa no peito e tecido claro escondendo o rosto, lan\u00e7a um dos primeiros coquet\u00e9is molotov arremessados durante o conflito entre manifestantes e policiais. Num segundo v\u00eddeo, dois supostos policiais passam pela barreira de PMs e, ao serem interceptados por soldados, mostram documentos e s\u00e3o liberados. Um desses homens veste camiseta preta com estampa parecida com a do manifestante da grava\u00e7\u00e3o anterior. No terceiro v\u00eddeo, um outro homem, com roupa parecida, corre com os policiais e aponta para um manifestante, que \u00e9 derrubado e chutado. Mais tarde, a mesma pessoa tira a camiseta e cruza a barreira policial. At\u00e9 ent\u00e3o, a tropa proibia o avan\u00e7o de quase todos.<\/span><\/p>\n<p class=\"MsoNormal\" style=\"margin-bottom: .0001pt; line-height: normal;\"><span style=\"font-family: \" color:=\"color:\" black;=\"black;\" mso-themecolor:=\"mso-themecolor:\" text1;\"=\"text1;\"\">A PM reconhece o uso de agentes da P-2 nos protestos. Informa que eles filmam as manifesta\u00e7\u00f5es, coletam provas e efetuam pris\u00f5es. Em nota, a corpora\u00e7\u00e3o diz ainda que &#8220;n\u00e3o h\u00e1 a menor d\u00favida&#8221; de que &#8220;n\u00e3o partiu de qualquer profissional da PM o ataque \u00e0 tropa&#8221; &#8211; suspeita levantada ontem na internet. A Pol\u00edcia Militar acrescenta n\u00e3o ser poss\u00edvel dizer que as pessoas filmadas seguindo rumo \u00e0 tropa s\u00e3o do servi\u00e7o de intelig\u00eancia. Diz ainda que o v\u00eddeo postado pela corpora\u00e7\u00e3o foi retirado devido a &#8220;um ataque em massa&#8221; contra ele.<\/span><\/p>\n<p class=\"MsoNormal\" style=\"margin-bottom: .0001pt; line-height: normal;\"><span style=\"font-family: \" color:=\"color:\" black;=\"black;\" mso-themecolor:=\"mso-themecolor:\" text1;\"=\"text1;\"\">A investiga\u00e7\u00e3o das cenas ser\u00e1 feita pela Comiss\u00e3o Especial de Investiga\u00e7\u00e3o de Atos de Vandalismo em Manifesta\u00e7\u00f5es P\u00fablicas, que foi criada na sexta-feira e se dividiu em duas frentes: uma para cuidar dos inqu\u00e9ritos e outra para atuar na \u00e1rea de intelig\u00eancia.<\/span><\/p>\n<p class=\"MsoNormal\" style=\"margin-bottom: .0001pt; line-height: normal;\"><span style=\"font-family: \" color:=\"color:\" black;=\"black;\" mso-themecolor:=\"mso-themecolor:\" text1;\"=\"text1;\"\">&#8211; \u00c9 importante deixar claro que n\u00e3o se trata de uma investiga\u00e7\u00e3o paralela e que tudo que for apurado ir\u00e1 para os inqu\u00e9ritos &#8211; disse o procurador-geral de Justi\u00e7a, Marfan Martins Vieira. &#8211; Que h\u00e1 PMs infiltrados, n\u00e3o h\u00e1 d\u00favida. Mas da\u00ed a afirmar que s\u00e3o respons\u00e1veis \u00e9 outra hist\u00f3ria.<\/span><\/p>\n<p class=\"MsoNormal\" style=\"margin-bottom: .0001pt; line-height: normal;\"><span style=\"font-family: \" color:=\"color:\" black;=\"black;\" mso-themecolor:=\"mso-themecolor:\" text1;\"=\"text1;\"\">Procurado pelo GLOBO, o perito forense Maur\u00edcio de Cunto n\u00e3o descartou a possibilidade de o homem que lan\u00e7ou a bomba incendi\u00e1ria ser um dos que cruzaram a barreira da pol\u00edcia:<\/span><\/p>\n<p class=\"MsoNormal\" style=\"margin-bottom: .0001pt; line-height: normal;\"><span style=\"font-family: \" color:=\"color:\" black;=\"black;\" mso-themecolor:=\"mso-themecolor:\" text1;\"=\"text1;\"\">&#8211; Os detalhes mostrados no v\u00eddeo podem sugerir que as camisetas s\u00e3o as mesmas, por\u00e9m essa informa\u00e7\u00e3o \u00e9 inconclusiva, por n\u00e3o se ter uma vis\u00e3o clara da estampa da camiseta.<\/span><\/p>\n<p class=\"MsoNormal\" style=\"margin-bottom: .0001pt; line-height: normal;\"><span style=\"font-family: \" color:=\"color:\" black;=\"black;\" mso-themecolor:=\"mso-themecolor:\" text1;\"=\"text1;\"\"> <\/span><\/p>\n<p class=\"MsoNormal\" style=\"margin-bottom: .0001pt; line-height: normal;\"><span style=\"font-family: \" color:=\"color:\" black;=\"black;\" mso-themecolor:=\"mso-themecolor:\" text1;\"=\"text1;\"\">_______________________________________<\/span><\/p>\n<p class=\"MsoNormal\" style=\"margin-bottom: .0001pt; line-height: normal;\"><span style=\"font-family: \" color:=\"color:\" black;=\"black;\" mso-themecolor:=\"mso-themecolor:\" text1;\"=\"text1;\"\"> <\/span><\/p>\n<p class=\"MsoNormal\" style=\"margin-bottom: .0001pt; line-height: normal;\"><strong><span style=\"font-family: \" color:=\"color:\" black;=\"black;\" mso-themecolor:=\"mso-themecolor:\" text1;\"=\"text1;\"\">Emprego tem o pior n\u00edvel em 4 anos<\/span><\/strong><\/p>\n<p class=\"MsoNormal\" style=\"margin-bottom: .0001pt; line-height: normal;\"><em><span style=\"font-family: \" color:=\"color:\" black;=\"black;\" mso-themecolor:=\"mso-themecolor:\" text1;\"=\"text1;\"\">O Globo<\/span><\/em><\/p>\n<p class=\"MsoNormal\" style=\"margin-bottom: .0001pt; line-height: normal;\"><span style=\"font-family: \" color:=\"color:\" black;=\"black;\" mso-themecolor:=\"mso-themecolor:\" text1;\"=\"text1;\"\"> <\/span><\/p>\n<p class=\"MsoNormal\" style=\"margin-bottom: .0001pt; line-height: normal;\"><span style=\"font-family: \" color:=\"color:\" black;=\"black;\" mso-themecolor:=\"mso-themecolor:\" text1;\"=\"text1;\"\">O mercado formal de trabalho (com carteira) registrou no primeiro semestre deste ano saldo l\u00edquido (admiss\u00f5es menos demiss\u00f5es) de 826.168 empregos, o pior resultado dos \u00faltimos quatro anos para o per\u00edodo. Em maio de 2009, quando a crise financeira internacional atingiu em cheio as contrata\u00e7\u00f5es com carteira assinada no pa\u00eds, foram criados 397.936 postos. <\/span><\/p>\n<p class=\"MsoNormal\" style=\"margin-bottom: .0001pt; line-height: normal;\"><span style=\"font-family: \" color:=\"color:\" black;=\"black;\" mso-themecolor:=\"mso-themecolor:\" text1;\"=\"text1;\"\">O saldo acumulado entre janeiro e junho de 2013 teve queda de 21% em rela\u00e7\u00e3o ao do primeiro semestre do ano passado, que foi de 1,047 milh\u00e3o, considerando dados ajustados (declara\u00e7\u00f5es fora do prazo) at\u00e9 maio, de acordo com dados do Cadastro Geral de Empregados e Desempregados (Caged), do Minist\u00e9rio do Trabalho. <\/span><\/p>\n<p class=\"MsoNormal\" style=\"margin-bottom: .0001pt; line-height: normal;\"><strong><span style=\"font-family: \" color:=\"color:\" black;=\"black;\" mso-themecolor:=\"mso-themecolor:\" text1;\"=\"text1;\"\">Contrata\u00e7\u00f5es na Copa <\/span><\/strong><\/p>\n<p class=\"MsoNormal\" style=\"margin-bottom: .0001pt; line-height: normal;\"><span style=\"font-family: \" color:=\"color:\" black;=\"black;\" mso-themecolor:=\"mso-themecolor:\" text1;\"=\"text1;\"\">No m\u00eas passado, foram criados 123.836 empregos, o saldo que ficou ligeiramente acima do registrado em junho de 2012, de 120.440 postos. Embora todos os setores da economia tenham alcan\u00e7ado saldos positivos, o segmento de servi\u00e7os foi o \u00fanico com desempenho satisfat\u00f3rio, tendo respondido pela contrata\u00e7\u00e3o de 44.022 trabalhadores, acima dos 30.141 no mesmo per\u00edodo do ano anterior. Os destaques foram os ramos de alojamento e alimenta\u00e7\u00e3o e de transporte e comunica\u00e7\u00e3o. Na explica\u00e7\u00e3o do minist\u00e9rio, a realiza\u00e7\u00e3o dos jogos da Copa da Confedera\u00e7\u00f5es ajudou a elevar as contrata\u00e7\u00f5es em junho. <\/span><\/p>\n<p class=\"MsoNormal\" style=\"margin-bottom: .0001pt; line-height: normal;\"><span style=\"font-family: \" color:=\"color:\" black;=\"black;\" mso-themecolor:=\"mso-themecolor:\" text1;\"=\"text1;\"\">A agricultura ficou em primeiro lugar em junho, com saldo de 59.019 empregos, mas o resultado foi favorecido por fatores sazonais (colheita da safra, sobretudo caf\u00e9, uva, soja e laranja), o que n\u00e3o deve se repetir nos pr\u00f3ximos meses. O n\u00edvel do emprego nos demais setores ficou praticamente est\u00e1vel em rela\u00e7\u00e3o a igual per\u00edodo de 2012. Foram 8.330 vagas no com\u00e9rcio; 7.922 na ind\u00fastria de transforma\u00e7\u00e3o e 2.092 na constru\u00e7\u00e3o civil. Em maio, este segmento havia eliminado 1.877 postos. <\/span><\/p>\n<p class=\"MsoNormal\" style=\"margin-bottom: .0001pt; line-height: normal;\"><span style=\"font-family: \" color:=\"color:\" black;=\"black;\" mso-themecolor:=\"mso-themecolor:\" text1;\"=\"text1;\"\">Diante dos dados, o ministro da pasta, Manoel Dias, revisou para baixo a meta de gera\u00e7\u00e3o de empregos neste ano, de 1,7 milh\u00e3o para um saldo entre 1,3 milh\u00e3o e 1,4 milh\u00e3o. Segundo ele, a proje\u00e7\u00e3o inicial era do ex-ministro do Trabalho Brizola Neto. <\/span><\/p>\n<p class=\"MsoNormal\" style=\"margin-bottom: .0001pt; line-height: normal;\"><strong><span style=\"font-family: \" color:=\"color:\" black;=\"black;\" mso-themecolor:=\"mso-themecolor:\" text1;\"=\"text1;\"\">Impacto dos juros <\/span><\/strong><\/p>\n<p class=\"MsoNormal\" style=\"margin-bottom: .0001pt; line-height: normal;\"><span style=\"font-family: \" color:=\"color:\" black;=\"black;\" mso-themecolor:=\"mso-themecolor:\" text1;\"=\"text1;\"\">Segundo o ministro, a alta nos juros, iniciada em abril, n\u00e3o afetar\u00e1 o mercado de trabalho. Apesar das quatro quedas consecutivas semestrais na gera\u00e7\u00e3o de empregos, Dias resiste em falar em desacelera\u00e7\u00e3o, alegando que a cria\u00e7\u00e3o de postos no segundo semestre vai continuar e ser\u00e1 mantida pelos investimentos. Ele citou o programa das concess\u00f5es do governo federal (portos, aeroportos, rodovias) e o Minha Casa Minha Vida.<\/span><\/p>\n<p class=\"MsoNormal\" style=\"margin-bottom: .0001pt; line-height: normal;\"><span style=\"font-family: \" color:=\"color:\" black;=\"black;\" mso-themecolor:=\"mso-themecolor:\" text1;\"=\"text1;\"\"> <\/span><\/p>\n<p class=\"MsoNormal\" style=\"margin-bottom: .0001pt; line-height: normal;\"><span style=\"font-family: \" color:=\"color:\" black;=\"black;\" mso-themecolor:=\"mso-themecolor:\" text1;\"=\"text1;\"\">_______________________________________<\/span><\/p>\n<p class=\"MsoNormal\" style=\"margin-bottom: .0001pt; line-height: normal;\"><span style=\"font-family: \" color:=\"color:\" black;=\"black;\" mso-themecolor:=\"mso-themecolor:\" text1;\"=\"text1;\"\"> <\/span><\/p>\n<p class=\"MsoNormal\" style=\"margin-bottom: .0001pt; line-height: normal;\"><strong><span style=\"font-family: \" color:=\"color:\" black;=\"black;\" mso-themecolor:=\"mso-themecolor:\" text1;\"=\"text1;\"\">Importa\u00e7\u00e3o de carro de luxo em alta<\/span><\/strong><\/p>\n<p class=\"MsoNormal\" style=\"margin-bottom: .0001pt; line-height: normal;\"><em><span style=\"font-family: \" color:=\"color:\" black;=\"black;\" mso-themecolor:=\"mso-themecolor:\" text1;\"=\"text1;\"\">Valor Econ\u00f4mico<\/span><\/em><\/p>\n<p class=\"MsoNormal\" style=\"margin-bottom: .0001pt; line-height: normal;\"><span style=\"font-family: \" color:=\"color:\" black;=\"black;\" mso-themecolor:=\"mso-themecolor:\" text1;\"=\"text1;\"\"> <\/span><\/p>\n<p class=\"MsoNormal\" style=\"margin-bottom: .0001pt; line-height: normal;\"><span style=\"font-family: \" color:=\"color:\" black;=\"black;\" mso-themecolor:=\"mso-themecolor:\" text1;\"=\"text1;\"\">A desvaloriza\u00e7\u00e3o do real n\u00e3o impediu o avan\u00e7o das importa\u00e7\u00f5es de carros de luxo neste ano. Marcas como Audi, BMW e Land Rover recuperaram as vendas perdidas em 2012 com as restri\u00e7\u00f5es do governo a ve\u00edculos importados e j\u00e1 est\u00e3o operando acima dos volumes de dois anos atr\u00e1s, quando a demanda por ve\u00edculos importados no Brasil batia recorde.<\/span><\/p>\n<p class=\"MsoNormal\" style=\"margin-bottom: .0001pt; line-height: normal;\"><span style=\"font-family: \" color:=\"color:\" black;=\"black;\" mso-themecolor:=\"mso-themecolor:\" text1;\"=\"text1;\"\">Desde que deixou de produzir o modelo A3 no Paran\u00e1, em 2006, este est\u00e1 sendo o melhor ano da Audi no Brasil. No total, a montadora alem\u00e3 emplacou 2,8 mil carros nos seis primeiros meses do ano, um volume que supera tanto as 1,9 mil unidades do mesmo per\u00edodo de 2012 como os 2,1 mil ve\u00edculos do primeiro semestre de 2011.<\/span><\/p>\n<p class=\"MsoNormal\" style=\"margin-bottom: .0001pt; line-height: normal;\"><span style=\"font-family: \" color:=\"color:\" black;=\"black;\" mso-themecolor:=\"mso-themecolor:\" text1;\"=\"text1;\"\">J\u00e1 a Land Rover teve no primeiro semestre deste ano seu melhor desempenho no mercado brasileiro, com 5,3 mil carros emplacados, ou 2 mil unidades a mais se comparado ao volume registrado em igual per\u00edodo de dois anos antes. O resultado da BMW neste ano, com pouco mais de 6 mil carros vendidos at\u00e9 junho, tamb\u00e9m \u00e9 recorde no pa\u00eds.<\/span><\/p>\n<p class=\"MsoNormal\" style=\"margin-bottom: .0001pt; line-height: normal;\"><span style=\"font-family: \" color:=\"color:\" black;=\"black;\" mso-themecolor:=\"mso-themecolor:\" text1;\"=\"text1;\"\">A Mercedes-Benz ainda n\u00e3o voltou aos n\u00edveis de 2011, mas as vendas de seus carros, importados da Alemanha e dos Estados Unidos, dobraram no primeiro semestre, comparativamente a 2012, chegando a 4,4 mil autom\u00f3veis e utilit\u00e1rios esportivos.<\/span><\/p>\n<p class=\"MsoNormal\" style=\"margin-bottom: .0001pt; line-height: normal;\"><span style=\"font-family: \" color:=\"color:\" black;=\"black;\" mso-themecolor:=\"mso-themecolor:\" text1;\"=\"text1;\"\">A revers\u00e3o da tend\u00eancia negativa &#8211; enfrentada no ano passado por quase todas as marcas importadas diante da sobretaxa de 30 pontos percentuais no Imposto sobre Produtos Industrializados (IPI) &#8211; se deve a cotas de importa\u00e7\u00e3o concedidas pelo novo regime automotivo, editado no in\u00edcio de outubro. Elas permitiram a importa\u00e7\u00e3o de carros sem o adicional do imposto, dando maior competitividade a ve\u00edculos importados.<\/span><\/p>\n<p class=\"MsoNormal\" style=\"margin-bottom: .0001pt; line-height: normal;\"><span style=\"font-family: \" color:=\"color:\" black;=\"black;\" mso-themecolor:=\"mso-themecolor:\" text1;\"=\"text1;\"\">A cota estabelecida pelo governo, de at\u00e9 4,8 mil ve\u00edculos por ano livres do IPI extra, atendeu bem \u00e0s necessidades das marcas que exploram nichos de mercado como o segmento premium, cuja participa\u00e7\u00e3o sobre as vendas de carros no pa\u00eds n\u00e3o chega a 2%. Por outro lado, prejudicou as marcas de maior escala, que importam grandes volumes fora da cota e ainda competem com carros similares fabricados no Brasil, isentos da majora\u00e7\u00e3o tribut\u00e1ria. Isso ajuda a explicar por que as montadoras de luxo est\u00e3o conseguindo remar contra a queda quase generalizada das marcas, principalmente, asi\u00e1ticas, que exploram os segmentos populares.<\/span><\/p>\n<p class=\"MsoNormal\" style=\"margin-bottom: .0001pt; line-height: normal;\"><span style=\"font-family: \" color:=\"color:\" black;=\"black;\" mso-themecolor:=\"mso-themecolor:\" text1;\"=\"text1;\"\">A Kia Motors, por exemplo, que chegou a emplacar quase 80 mil carros no Brasil em 2011, vende hoje menos da metade do volume de dois anos atr\u00e1s. A marca coreana decidiu n\u00e3o se habilitar ao novo regime automotivo, que lhe daria o direito \u00e0 cota de importa\u00e7\u00f5es, mas, em contrapartida, exigiria dela investimentos m\u00ednimos em um fundo nacional de desenvolvimento cientifico e tecnol\u00f3gico. Assim, em rela\u00e7\u00e3o ao mesmo per\u00edodo do ano passado, as vendas da Kia ca\u00edram 31,1% no primeiro semestre, somando 15,2 mil carros. Na mesma base de compara\u00e7\u00e3o, os volumes da montadora chinesa Hafei, que h\u00e1 pouco tempo fazia sucesso com os utilit\u00e1rios Towner, ca\u00edram 60%, para 1,3 mil unidades.<\/span><\/p>\n<p class=\"MsoNormal\" style=\"margin-bottom: .0001pt; line-height: normal;\"><span style=\"font-family: \" color:=\"color:\" black;=\"black;\" mso-themecolor:=\"mso-themecolor:\" text1;\"=\"text1;\"\">O desempenho negativo de suas associadas mais populares levou a Abeiva, entidade que representa marcas de carros sem produ\u00e7\u00e3o local, a rebaixar novamente ontem sua expectativa para as vendas deste ano. A meta &#8211; que inicialmente era de 150 mil carros e que j\u00e1 tinha ca\u00eddo para 130 mil unidades em junho &#8211; agora est\u00e1 em 125 mil ve\u00edculos, o que significaria uma queda de 3,2% em rela\u00e7\u00e3o ao j\u00e1 baixo resultado de 2012. At\u00e9 junho, as vendas de importados registradas pela Abeiva, que excluem as importa\u00e7\u00f5es feitas pelas montadoras, acumularam queda de 23,2%, somando 54,5 mil carros, ou 3,2% do total de autom\u00f3veis e comerciais leves vendidos no Brasil.<\/span><\/p>\n<p class=\"MsoNormal\" style=\"margin-bottom: .0001pt; line-height: normal;\"><span style=\"font-family: \" color:=\"color:\" black;=\"black;\" mso-themecolor:=\"mso-themecolor:\" text1;\"=\"text1;\"\">Flavio Padovan, que preside a Abeiva e comanda a Jaguar Land Rover na Am\u00e9rica Latina, diz que, al\u00e9m do desequil\u00edbrio causado pelas cotas, a disparidade entre os desempenhos de carros de luxo e populares est\u00e1 ligada \u00e0 elasticidade da demanda, que \u00e9 menor no caso do p\u00fablico que consome produtos de alto valor agregado. Ou seja, quanto maior o poder aquisitivo do comprador, menor ser\u00e1 o impacto de aumentos de pre\u00e7os, seja pela valoriza\u00e7\u00e3o do d\u00f3lar, seja pela eleva\u00e7\u00e3o de tributos. &#8220;Quem tem menor poder aquisitivo sofre mais nessa situa\u00e7\u00e3o&#8221;, afirma.<\/span><\/p>\n<p class=\"MsoNormal\" style=\"margin-bottom: .0001pt; line-height: normal;\"><span style=\"font-family: \" color:=\"color:\" black;=\"black;\" mso-themecolor:=\"mso-themecolor:\" text1;\"=\"text1;\"\">Mesmo com cotas que permitem a importa\u00e7\u00e3o de grande volume de carros &#8211; em virtude de projetos de produ\u00e7\u00e3o local &#8211; as vendas das chinesas JAC Motors e Chery tamb\u00e9m est\u00e3o em baixa neste ano. No primeiro semestre, os emplacamentos da JAC ca\u00edram 12,9%, para 8,9 mil carros, enquanto os volumes da Chery cederam 72,5%, somando 2,5 mil unidades.<\/span><\/p>\n<p class=\"MsoNormal\" style=\"margin-bottom: .0001pt; line-height: normal;\"><span style=\"font-family: \" color:=\"color:\" black;=\"black;\" mso-themecolor:=\"mso-themecolor:\" text1;\"=\"text1;\"\">Animadas com o crescimento do consumo brasileiro de autom\u00f3veis mais sofisticados, Land Rover, Mercedes-Benz e Audi estudam investir em f\u00e1bricas no Brasil, seguindo um caminho j\u00e1 tomado pela BMW. Embora tenham permitido uma recupera\u00e7\u00e3o das vendas neste ano, as cotas de importa\u00e7\u00e3o impedem que o mercado de ve\u00edculos de luxo atinja todo seu potencial, avalia Dimitris Psillakis, diretor de vendas e marketing da Mercedes-Benz. &#8220;O mercado, neste ano, est\u00e1 sendo regulado pelas cotas, e n\u00e3o pela demanda&#8221;, afirma.<\/span><\/p>\n<p class=\"MsoNormal\" style=\"margin-bottom: .0001pt; line-height: normal;\"><span style=\"font-family: \" color:=\"color:\" black;=\"black;\" mso-themecolor:=\"mso-themecolor:\" text1;\"=\"text1;\"\">_______________________________________<\/span><\/p>\n<p class=\"MsoNormal\" style=\"margin-bottom: .0001pt; line-height: normal;\"><span style=\"font-family: \" color:=\"color:\" black;=\"black;\" mso-themecolor:=\"mso-themecolor:\" text1;\"=\"text1;\"\"> <\/span><\/p>\n<p class=\"MsoNormal\" style=\"margin-bottom: .0001pt; line-height: normal;\"><strong><span style=\"font-family: \" color:=\"color:\" black;=\"black;\" mso-themecolor:=\"mso-themecolor:\" text1;\"=\"text1;\"\">D\u00e9ficit nas contas externas cresce 72% no 1\u00ba semestre<\/span><\/strong><\/p>\n<p class=\"MsoNormal\" style=\"margin-bottom: .0001pt; line-height: normal;\"><em><span style=\"font-family: \" color:=\"color:\" black;=\"black;\" mso-themecolor:=\"mso-themecolor:\" text1;\"=\"text1;\"\">O Estado de S. Paulo<\/span><\/em><\/p>\n<p class=\"MsoNormal\" style=\"margin-bottom: .0001pt; line-height: normal;\"><span style=\"font-family: \" color:=\"color:\" black;=\"black;\" mso-themecolor:=\"mso-themecolor:\" text1;\"=\"text1;\"\"> <\/span><\/p>\n<p class=\"MsoNormal\" style=\"margin-bottom: .0001pt; line-height: normal;\"><span style=\"font-family: \" color:=\"color:\" black;=\"black;\" mso-themecolor:=\"mso-themecolor:\" text1;\"=\"text1;\"\">As contas externas do Brasil fecharam o primeiro semestre com um rombo 72% maior que no mesmo per\u00edodo do ano passado. Com um desempenho fraco da balan\u00e7a comercial, o d\u00e9ficit externo chegou a US$ 43,48 bilh\u00f5es. Para analistas de mercado, embora o m\u00eas de junho tenha apresentado alguma melhora, o cen\u00e1rio \u00e9 preocupante,<\/span><\/p>\n<p class=\"MsoNormal\" style=\"margin-bottom: .0001pt; line-height: normal;\"><span style=\"font-family: \" color:=\"color:\" black;=\"black;\" mso-themecolor:=\"mso-themecolor:\" text1;\"=\"text1;\"\">Um dos problemas do resultado das contas externas \u00e9 o fato de o d\u00e9ficit n\u00e3o estar sendo coberto pelos investimentos estrangeiros diretos (IED) em produ\u00e7\u00e3o. Como os investimentos em produ\u00e7\u00e3o s\u00e3o de longo pra-\u00a30 s\u00e3o considerados os mais saud\u00e1veis para cobrir o rombo. Em seis meses, os investimentos estrangeiros diretos somaram US$ 30 bilh\u00f5es.<\/span><\/p>\n<p class=\"MsoNormal\" style=\"margin-bottom: .0001pt; line-height: normal;\"><span style=\"font-family: \" color:=\"color:\" black;=\"black;\" mso-themecolor:=\"mso-themecolor:\" text1;\"=\"text1;\"\">O resultado externo tem sido afetado pelo fraco desempenho da balan\u00e7a comercial. No primeiro semestre, a balan\u00e7a comercial registrou d\u00e9ficit de US$ 3 bilh\u00f5es, em compara\u00e7\u00e3o a um super\u00e1vit de US$ 7 bilh\u00f5es no mesmo per\u00edodo do ano passado. Os n\u00fameros s\u00f3 n\u00e3o vieram piores porque houve um super\u00e1vit de US$ 2,3 bilh\u00f5es em junho, resultado inflado pela exporta\u00e7\u00e3o de uma plataforma de petr\u00f3leo, no valor de US$ 1,6 bilh\u00e3o. Trata-se de uma opera\u00e7\u00e3o cont\u00e1bil, pois a plataforma n\u00e3o deixou o Pa\u00eds.<\/span><\/p>\n<p class=\"MsoNormal\" style=\"margin-bottom: .0001pt; line-height: normal;\"><span style=\"font-family: \" color:=\"color:\" black;=\"black;\" mso-themecolor:=\"mso-themecolor:\" text1;\"=\"text1;\"\">A balan\u00e7a comercial est\u00e1 decepcionando por causa da queda no pre\u00e7o das commodities exportadas pelo Brasil e de uma forte importa\u00e7\u00e3o de derivados de petr\u00f3leo. No in\u00edcio da semana, a Associa\u00e7\u00e3o de Com\u00e9rcio Exterior (AEB) projetou d\u00e9ficit de US$ 2 bilh\u00f5es para 2013, o primeiro resultado negativo em 12 anos. \u00c9 uma das previs\u00f5es mais pessimistas do mercado, mas o humor est\u00e1 piorando. Ontem, o HSBC reduziu sua proje\u00e7\u00e3o de saldo comercial de US$ 4,1 bilh\u00f5es para US$ 1 bilh\u00e3o.<\/span><\/p>\n<p class=\"MsoNormal\" style=\"margin-bottom: .0001pt; line-height: normal;\"><span style=\"font-family: \" color:=\"color:\" black;=\"black;\" mso-themecolor:=\"mso-themecolor:\" text1;\"=\"text1;\"\">As contas externas tamb\u00e9m pioram com o aumento das remessas de lucros e dividendos das multinacionais. As remessas somaram US$ 14,1 bilh\u00f5es no primeiro semestre, 41,3% a mais que no mesmo per\u00edodo de 2012. Os gastos com juros subiram 32,5%, para US$ 5,9 bilh\u00f5es.<\/span><\/p>\n<p class=\"MsoNormal\" style=\"margin-bottom: .0001pt; line-height: normal;\"><span style=\"font-family: \" color:=\"color:\" black;=\"black;\" mso-themecolor:=\"mso-themecolor:\" text1;\"=\"text1;\"\">O chefe do Departamento Econ\u00f4mico do Banco Central, Tulio Maciel, repetiu a avalia\u00e7\u00e3o de que as contas est\u00e3o sob controle e o d\u00e9ficit n\u00e3o preocupa, pois ser\u00e1, em grande parte, financiado pelos investimentos estrangeiros. A expectativa do BC e que os investimentos somem u 8$ 65 bilh\u00f5es em 2013.<\/span><\/p>\n<p class=\"MsoNormal\" style=\"margin-bottom: .0001pt; line-height: normal;\"><span style=\"font-family: \" color:=\"color:\" black;=\"black;\" mso-themecolor:=\"mso-themecolor:\" text1;\"=\"text1;\"\">O BC espera que a recente alta do d\u00f3lar ajude a equilibrar as contas externas, em especial na balan\u00e7a comercial e nos gastos de brasileiros no exterior. &#8220;A desvaloriza\u00e7\u00e3o tem alguma defasagem (sobre a balan\u00e7a comercial)&#8221;, disse Maciel. &#8220;E \u00e9 prov\u00e1vel que tenhamos modera\u00e7\u00e3o (nos gastos com viagens internacionais) no segundo semestre&#8221;. Para ele, o efeito do d\u00f3lar sobre as contas externas tende a ser &#8220;cumulativo e gradual&#8221;.<\/span><\/p>\n<p class=\"MsoNormal\" style=\"margin-bottom: .0001pt; line-height: normal;\"><span style=\"font-family: \" color:=\"color:\" black;=\"black;\" mso-themecolor:=\"mso-themecolor:\" text1;\"=\"text1;\"\">At\u00e9 agora, por\u00e9m, os dados do BC ainda n\u00e3o captaram mudan\u00e7a de comportamento. De janeiro a junho, o d\u00e9ficit com viagens, j\u00e1 descontado o que os estrangeiros deixaram no Pa\u00eds, teve aumento de 22%, para o valor recorde de US$ 8,8 bilh\u00f5es. Em junho, os gastos no exterior foram os maiores da hist\u00f3ria para o m\u00eas &#8211; US$1,5 bilh\u00e3o.<\/span><\/p>\n<p class=\"MsoNormal\" style=\"margin-bottom: .0001pt; line-height: normal;\"><strong><span style=\"font-family: \" color:=\"color:\" black;=\"black;\" mso-themecolor:=\"mso-themecolor:\" text1;\"=\"text1;\"\">Rea\u00e7\u00e3o<\/span><\/strong><\/p>\n<p class=\"MsoNormal\" style=\"margin-bottom: .0001pt; line-height: normal;\"><span style=\"font-family: \" color:=\"color:\" black;=\"black;\" mso-themecolor:=\"mso-themecolor:\" text1;\"=\"text1;\"\">Analistas veem com preocupa\u00e7\u00e3o os resultados das contas externas. &#8220;N\u00e3o vejo problemas a curto prazo, mas a m\u00e9dio e longo prazos o financiamento do d\u00e9ficit em conta corrente se torna insustent\u00e1vel&#8221;, disse o economista Antonio Corr\u00eaa de Lacerda, para quem o momento \u00e9 prop\u00edcio para ajustes na economia.<\/span><\/p>\n<p class=\"MsoNormal\" style=\"margin-bottom: .0001pt; line-height: normal;\"><span style=\"font-family: \" color:=\"color:\" black;=\"black;\" mso-themecolor:=\"mso-themecolor:\" text1;\"=\"text1;\"\">A consultoria Rosenberg projeta um aumento do d\u00e9ficit externo acumulado em 12 meses dos atuais US$ 72,46 bilh\u00f5es para US$ 80 bilh\u00f5es at\u00e9 o fim do ano. &#8220;A conta aumentou US$ 20 bilh\u00f5es em um semestre. A melhora em junho n\u00e3o inverte a tend\u00eancia de aprofundamento do d\u00e9ficit em transa\u00e7\u00f5es correntes e de leve estabilidade do IED em n\u00edvel elevado, mas n\u00e3o suficiente para cobrir o d\u00e9ficit&#8221;, disse Rafael Bistafa, da Rosenberg.<\/span><\/p>\n<p class=\"MsoNormal\" style=\"margin-bottom: .0001pt; line-height: normal;\"><span style=\"font-family: \" color:=\"color:\" black;=\"black;\" mso-themecolor:=\"mso-themecolor:\" text1;\"=\"text1;\"\">Andr\u00e9 Loes, economista-chefe para Am\u00e9rica Latina do HSBC, elevou a proje\u00e7\u00e3o de d\u00e9ficit em conta-corrente neste ano de US$ 75,2 bilh\u00f5es para US$ 78,3 bilh\u00f5es. Para Andr\u00e9 Sacconato, diretor de pesquisas da Brain (associa\u00e7\u00e3o formada por bancos para atrair investimentos para o Brasil), o d\u00e9ficit deve saltar dos atuais 3% do PIB para algo entre 4% e 4,5% no fim de 2014.<\/span><\/p>\n<p class=\"MsoNormal\" style=\"margin-bottom: .0001pt; line-height: normal;\"><span style=\"font-family: \" color:=\"color:\" black;=\"black;\" mso-themecolor:=\"mso-themecolor:\" text1;\"=\"text1;\"\"> <\/span><\/p>\n<p class=\"MsoNormal\" style=\"margin-bottom: .0001pt; line-height: normal;\"><span style=\"font-family: \" color:=\"color:\" black;=\"black;\" mso-themecolor:=\"mso-themecolor:\" text1;\"=\"text1;\"\">_______________________________________<\/span><\/p>\n<p class=\"MsoNormal\" style=\"margin-bottom: .0001pt; line-height: normal;\"><span style=\"font-family: \" color:=\"color:\" black;=\"black;\" mso-themecolor:=\"mso-themecolor:\" text1;\"=\"text1;\"\"> <\/span><\/p>\n<p class=\"MsoNormal\" style=\"margin-bottom: .0001pt; line-height: normal;\"><strong><span style=\"font-family: \" color:=\"color:\" black;=\"black;\" mso-themecolor:=\"mso-themecolor:\" text1;\"=\"text1;\"\">Lula diz que vai defender Dilma com \u2018unhas afiadas\u2019<\/span><\/strong><\/p>\n<p class=\"MsoNormal\" style=\"margin-bottom: .0001pt; line-height: normal;\"><em><span style=\"font-family: \" color:=\"color:\" black;=\"black;\" mso-themecolor:=\"mso-themecolor:\" text1;\"=\"text1;\"\">O Estado de S. Paulo<\/span><\/em><\/p>\n<p class=\"MsoNormal\" style=\"margin-bottom: .0001pt; line-height: normal;\"><span style=\"font-family: \" color:=\"color:\" black;=\"black;\" mso-themecolor:=\"mso-themecolor:\" text1;\"=\"text1;\"\"> <\/span><\/p>\n<p class=\"MsoNormal\" style=\"margin-bottom: .0001pt; line-height: normal;\"><span style=\"font-family: \" color:=\"color:\" black;=\"black;\" mso-themecolor:=\"mso-themecolor:\" text1;\"=\"text1;\"\">O ex-presidente Luiz In\u00e1cio Lula da Silva afirmou ontem que vai lutar com &#8220;unhas afiadas&#8221; para defender a presidente Dilma Rousseff de ataques dos advers\u00e1rios. Em palestra no Museu Nacional, Lula disse que Dilma \u00e9 v\u00edtima de &#8220;preconceito&#8221; por parte da elite brasileira e sofre &#8220;falta de respeito&#8221; por ser mulher.<\/span><\/p>\n<p class=\"MsoNormal\" style=\"margin-bottom: .0001pt; line-height: normal;\"><span style=\"font-family: \" color:=\"color:\" black;=\"black;\" mso-themecolor:=\"mso-themecolor:\" text1;\"=\"text1;\"\">&#8220;Dilma n\u00e3o \u00e9 mais do que uma extens\u00e3o da gente l\u00e1. N\u00f3s seremos respons\u00e1veis pelos acertos e pelos erros que ela cometer&#8221;, afirmou Lula. Aplaudido pela plateia, formada em sua maioria por negros que participavam do Festival da Mulher Afro-Latino-Americana e Caribenha, o ex-presidente disse que os &#8220;conservadores&#8221; come\u00e7am a &#8220;colocar as unhas de fora&#8221; para tirar o PT do poder, em 2014 e prometeu ajudar Dilma. &#8220;Eles est\u00e3o com preconceito contra Dilma maior do que o que tinham contra mim. \u00c9 a maior falta de respeito a uma i mulher da qualidade da Dilma Rousseff. Ser\u00e1 que eles t\u00eam essa falta de respeito com a m\u00e3e deles, com a mulher deles, como t\u00eam com a Dilma?&#8221;, perguntou.<\/span><\/p>\n<p class=\"MsoNormal\" style=\"margin-bottom: .0001pt; line-height: normal;\"><span style=\"font-family: \" color:=\"color:\" black;=\"black;\" mso-themecolor:=\"mso-themecolor:\" text1;\"=\"text1;\"\">Apesar da fragilidade pol\u00edtica do governo, Lula acha que Dilma vai superar os problemas. &#8220;Tenho a convic\u00e7\u00e3o de que ela est\u00e1 no caminho certo, a despeito das dificuldades que enfrenta.&#8221; Para Lula, a infla\u00e7\u00e3o \u00e9 um &#8220;mal a ser extirpado da pol\u00edtica econ\u00f4mica&#8221; e o governo precisa fazer um &#8220;esfor\u00e7o monstruoso&#8221; para impedir seu retomo.<\/span><\/p>\n<p class=\"MsoNormal\" style=\"margin-bottom: .0001pt; line-height: normal;\"><span style=\"font-family: \" color:=\"color:\" black;=\"black;\" mso-themecolor:=\"mso-themecolor:\" text1;\"=\"text1;\"\">Plebiscito, Em entrevista, Lula saiu em defesa do programa Mais M\u00e9dicos e do plebiscito proposto por Dilma &#8211; e descartado pelo Congresso &#8211; para fazer a reforma pol\u00edtica. &#8220;Se os m\u00e9dicos brasileiros n\u00e3o querem trabalhar no sert\u00e3o, que a gente traga m\u00e9dicos estrangeiros&#8221;, disse.<\/span><\/p>\n<p class=\"MsoNormal\" style=\"margin-bottom: .0001pt; line-height: normal;\"><span style=\"font-family: \" color:=\"color:\" black;=\"black;\" mso-themecolor:=\"mso-themecolor:\" text1;\"=\"text1;\"\">&#8220;Vamos fazer a reforma pol\u00edtica, vamos fazer plebiscito. Por que temos medo dessas coisas?&#8221;<\/span><\/p>\n<p class=\"MsoNormal\" style=\"margin-bottom: .0001pt; line-height: normal;\"><span style=\"font-family: \" color:=\"color:\" black;=\"black;\" mso-themecolor:=\"mso-themecolor:\" text1;\"=\"text1;\"\">Ele descartou o &#8220;Volta, Lula&#8221;, que come\u00e7ou a ser entoado no pr\u00f3prio PT. &#8220;N\u00e3o existe essa possibilidade. Eu, se pudesse, ia voltar a jogar bola, mas o Felip\u00e3o parece que n\u00e3o est\u00e1 me olhando com bons olhos&#8221;, brincou.<\/span><\/p>\n<p class=\"MsoNormal\" style=\"margin-bottom: .0001pt; line-height: normal;\"><span style=\"font-family: \" color:=\"color:\" black;=\"black;\" mso-themecolor:=\"mso-themecolor:\" text1;\"=\"text1;\"\">N\u00e3o faltaram no evento gritos de &#8220;Volta, Lula&#8221; nem o habitual coro de &#8220;ol\u00ea, ol\u00ea, ol\u00ea, ol\u00e1, Lula, Lula&#8221;. O ex-presidente sorriu e disse: &#8220;Se algu\u00e9m pensa que Lulinha est\u00e1 com 67 anos pegou c\u00e2ncer e est\u00e1 velho, saiba que com pernambucano n\u00e3o acontece isso. Eu vou continuar incomodando.&#8221;<\/span><\/p>\n<p class=\"MsoNormal\" style=\"margin-bottom: .0001pt; line-height: normal;\"><span style=\"font-family: \" color:=\"color:\" black;=\"black;\" mso-themecolor:=\"mso-themecolor:\" text1;\"=\"text1;\"\">Tamb\u00e9m alfinetou o PMDB ao talar sobre o n\u00famero de minist\u00e9rios. &#8220;Estou vendo um zum-zum-zum na imprensa de que tem gente que vai pedir para a Dilma reduzir o n\u00famero de minist\u00e9rios. Fiquem espertos porque ningu\u00e9m vai querer acabar com o Minist\u00e9rio da Fazenda nem com o da Defesa. V\u00e3o tentar mexer no Minist\u00e9rio da Igualdade Racial, no das Mulheres e no dos Direitos Humanos&#8221;, advertiu. A proposta de cortar 14 dos 39 minist\u00e9rios foi apresentada pelo presidente da C\u00e2mara, Henrique Alves (PMDB-RN).<\/span><\/p>\n<p>\u00a0<\/p>\n<p class=\"MsoNormal\" style=\"margin-bottom: .0001pt; line-height: normal;\"><span style=\"font-family: \" color:=\"color:\" black;=\"black;\" mso-themecolor:=\"mso-themecolor:\" text1;\"=\"text1;\"\">Lula mostrou-se cauteloso ao comentar os atritos do PT com Dilma, por causa de sua aus\u00eancia na reuni\u00e3o do diret\u00f3rio petista no s\u00e1bado. &#8220;O PT apoia 150% a presidente e n\u00e3o h\u00e1 hip\u00f3tese de haver diverg\u00eancia que n\u00e3o seja superada.&#8221;<\/span><\/p>\n","protected":false},"excerpt":{"rendered":"\nO Globo\n \nO Minist\u00e9rio P\u00fablico vai investigar v\u00eddeos divulgados ontem nas redes sociais, em que supostos policiais do servi\u00e7o reservado (P-2) da Pol\u00edcia Militar aparecem infiltrados no protesto feito em Laranjeiras, na noite de segunda-feira, durante a recep\u00e7\u00e3o ao Papa Francisco. Ao longo do dia, uma s\u00e9rie de v\u00eddeos circulou na internet, mostrando homens fortes, com cortes de cabelo do tipo militar, transitando com facilidade pelas barreiras policiais. \n<a class=\"moretag\" href=\"https:\/\/pcb.org.br\/portal2\/5142\"> <\/a>","protected":false},"author":1,"featured_media":0,"comment_status":"open","ping_status":"open","sticky":false,"template":"","format":"standard","meta":{"jetpack_post_was_ever_published":false,"_jetpack_newsletter_access":"","_jetpack_dont_email_post_to_subs":false,"_jetpack_newsletter_tier_id":0,"_jetpack_memberships_contains_paywalled_content":false,"_jetpack_memberships_contains_paid_content":false,"footnotes":"","jetpack_publicize_message":"","jetpack_publicize_feature_enabled":true,"jetpack_social_post_already_shared":false,"jetpack_social_options":{"image_generator_settings":{"template":"highway","default_image_id":0,"font":"","enabled":false},"version":2}},"categories":[106],"tags":[],"class_list":["post-5142","post","type-post","status-publish","format-standard","hentry","category-c119-olhovivo"],"jetpack_publicize_connections":[],"jetpack_featured_media_url":"","jetpack_shortlink":"https:\/\/wp.me\/p659gw-1kW","jetpack-related-posts":[],"jetpack_likes_enabled":true,"jetpack_sharing_enabled":true,"_links":{"self":[{"href":"https:\/\/pcb.org.br\/portal2\/wp-json\/wp\/v2\/posts\/5142","targetHints":{"allow":["GET"]}}],"collection":[{"href":"https:\/\/pcb.org.br\/portal2\/wp-json\/wp\/v2\/posts"}],"about":[{"href":"https:\/\/pcb.org.br\/portal2\/wp-json\/wp\/v2\/types\/post"}],"author":[{"embeddable":true,"href":"https:\/\/pcb.org.br\/portal2\/wp-json\/wp\/v2\/users\/1"}],"replies":[{"embeddable":true,"href":"https:\/\/pcb.org.br\/portal2\/wp-json\/wp\/v2\/comments?post=5142"}],"version-history":[{"count":0,"href":"https:\/\/pcb.org.br\/portal2\/wp-json\/wp\/v2\/posts\/5142\/revisions"}],"wp:attachment":[{"href":"https:\/\/pcb.org.br\/portal2\/wp-json\/wp\/v2\/media?parent=5142"}],"wp:term":[{"taxonomy":"category","embeddable":true,"href":"https:\/\/pcb.org.br\/portal2\/wp-json\/wp\/v2\/categories?post=5142"},{"taxonomy":"post_tag","embeddable":true,"href":"https:\/\/pcb.org.br\/portal2\/wp-json\/wp\/v2\/tags?post=5142"}],"curies":[{"name":"wp","href":"https:\/\/api.w.org\/{rel}","templated":true}]}}