{"id":5144,"date":"2013-07-25T21:33:32","date_gmt":"2013-07-25T21:33:32","guid":{"rendered":"http:\/\/pcb.org.br\/portal2\/?p=5144"},"modified":"2013-07-25T21:33:32","modified_gmt":"2013-07-25T21:33:32","slug":"sobe-desemprego-entre-os-jovens","status":"publish","type":"post","link":"https:\/\/pcb.org.br\/portal2\/5144","title":{"rendered":"Sobe desemprego entre os jovens"},"content":{"rendered":"\n<p>\u00a0<\/p>\n<p class=\"MsoNormal\" style=\"margin-bottom: .0001pt; line-height: normal;\"><span style=\"font-family: \" color:=\"color:\" black;=\"black;\" mso-themecolor:=\"mso-themecolor:\" text1;\"=\"text1;\"\">Andressa Cristina Amaral, de 21 anos, engrossa, desde anteontem, esse &#8220;p\u00fablico&#8221; do desemprego. Ap\u00f3s dois anos e meio trabalhando como vendedora em uma loja na Tijuca, resolveu pedir demiss\u00e3o, com outros quatro colegas, por se sentir explorada pelo patr\u00e3o. Com o Ensino M\u00e9dio completo, a jovem, que \u00e9 m\u00e3e solteira de uma menina de 2 anos, est\u00e1 em busca de uma oportunidade como assistente administrativa, mas sabe que a falta de um diploma de gradua\u00e7\u00e3o e a pouca experi\u00eancia na \u00e1rea s\u00e3o barreiras.<\/span><\/p>\n<p class=\"MsoNormal\" style=\"margin-bottom: .0001pt; line-height: normal;\"><span style=\"font-family: \" color:=\"color:\" black;=\"black;\" mso-themecolor:=\"mso-themecolor:\" text1;\"=\"text1;\"\">&#8211; Sempre pedem algu\u00e9m que seja formado ou esteja cursando faculdade. A experi\u00eancia \u00e9 outro problema. J\u00e1 perdi uma oportunidade porque pediam seis meses de experi\u00eancia, mas eu s\u00f3 trabalhei tr\u00eas meses na fun\u00e7\u00e3o &#8211; conta ela, que sonha cursar faculdade de Administra\u00e7\u00e3o.<\/span><\/p>\n<p class=\"MsoNormal\" style=\"margin-bottom: .0001pt; line-height: normal;\"><span style=\"font-family: \" color:=\"color:\" black;=\"black;\" mso-themecolor:=\"mso-themecolor:\" text1;\"=\"text1;\"\">Apesar da ajuda dos pais e da pens\u00e3o aliment\u00edcia paga pelo pai da crian\u00e7a, Andressa teme passar muito tempo desempregada. Em 2011, amargou cinco meses sem trabalho.<\/span><\/p>\n<p class=\"MsoNormal\" style=\"margin-bottom: .0001pt; line-height: normal;\"><span style=\"font-family: \" color:=\"color:\" black;=\"black;\" mso-themecolor:=\"mso-themecolor:\" text1;\"=\"text1;\"\">&#8211; Naquela \u00e9poca, eu trabalhava em uma loja, pelo programa Jovem Aprendiz. Fui mandada embora um m\u00eas depois que a Vit\u00f3ria nasceu. Por um lado foi bom porque fiquei cuidando da minha filha, mas eu precisava trabalhar.<\/span><\/p>\n<p class=\"MsoNormal\" style=\"margin-bottom: .0001pt; line-height: normal;\"><strong><span style=\"font-family: \" color:=\"color:\" black;=\"black;\" mso-themecolor:=\"mso-themecolor:\" text1;\"=\"text1;\"\">Cen\u00e1rio \u00e9 pior no nordeste<\/span><\/strong><\/p>\n<p class=\"MsoNormal\" style=\"margin-bottom: .0001pt; line-height: normal;\"><span style=\"font-family: \" color:=\"color:\" black;=\"black;\" mso-themecolor:=\"mso-themecolor:\" text1;\"=\"text1;\"\">A situa\u00e7\u00e3o de Francisco Ponce, tamb\u00e9m de 21 anos, \u00e9 mais complicada. Ele n\u00e3o concluiu o Ensino M\u00e9dio e est\u00e1 h\u00e1 dois anos em busca do primeiro emprego com carteira assinada. Mora com os pais em Belford Roxo e, al\u00e9m da baixa escolaridade, diz que o local de moradia \u00e9 outra desvantagem.<\/span><\/p>\n<p class=\"MsoNormal\" style=\"margin-bottom: .0001pt; line-height: normal;\"><span style=\"font-family: \" color:=\"color:\" black;=\"black;\" mso-themecolor:=\"mso-themecolor:\" text1;\"=\"text1;\"\">&#8211; J\u00e1 fiz v\u00e1rias entrevistas. Quando perguntam a escolaridade, me descartam. Ano passado, surgiu uma oportunidade, mas n\u00e3o pude aceitar porque eles n\u00e3o queriam pagar o transporte. Moro longe&#8230;<\/span><\/p>\n<p class=\"MsoNormal\" style=\"margin-bottom: .0001pt; line-height: normal;\"><span style=\"font-family: \" color:=\"color:\" black;=\"black;\" mso-themecolor:=\"mso-themecolor:\" text1;\"=\"text1;\"\">Para ajudar com as contas da casa, faz bicos trabalhando em obras e em um lava-jato. Olhando para o futuro, promete voltar a estudar e concluir o Ensino M\u00e9dio, a fim de aumentar suas chances.<\/span><\/p>\n<p class=\"MsoNormal\" style=\"margin-bottom: .0001pt; line-height: normal;\"><span style=\"font-family: \" color:=\"color:\" black;=\"black;\" mso-themecolor:=\"mso-themecolor:\" text1;\"=\"text1;\"\">A falta de experi\u00eancia e de qualifica\u00e7\u00e3o costumam explicar o porqu\u00ea de os jovens estarem sujeitos tradicionalmente a taxas mais elevadas de desocupa\u00e7\u00e3o. O cen\u00e1rio que aponta alta do desemprego pega primeiro esse grupo, o primeiro na fila dos cortes.<\/span><\/p>\n<p class=\"MsoNormal\" style=\"margin-bottom: .0001pt; line-height: normal;\"><span style=\"font-family: \" color:=\"color:\" black;=\"black;\" mso-themecolor:=\"mso-themecolor:\" text1;\"=\"text1;\"\">&#8211; A dificuldade de inser\u00e7\u00e3o em um cen\u00e1rio conturbado fica ainda mais dif\u00edcil para eles. Os jovens s\u00e3o mais inexperientes e mais f\u00e1ceis de descartar &#8211; afirma o gerente da Pesquisa Mensal do Emprego, do IBGE, Cimar Azeredo.<\/span><\/p>\n<p class=\"MsoNormal\" style=\"margin-bottom: .0001pt; line-height: normal;\"><span style=\"font-family: \" color:=\"color:\" black;=\"black;\" mso-themecolor:=\"mso-themecolor:\" text1;\"=\"text1;\"\">Enquanto a taxa de desemprego na m\u00e9dia do pa\u00eds subiu pela primeira vez neste ano em junho, para os jovens ela j\u00e1 teve tr\u00eas avan\u00e7os em 2013. A situa\u00e7\u00e3o \u00e9 mais complicada para os que vivem na regi\u00e3o Nordeste. Em Salvador, a desocupa\u00e7\u00e3o chegou a 18,5% e em Recife, a 17,6%. S\u00e3o Paulo tem uma taxa de 16,6% e o Rio, de 15,4%. Belo Horizonte e Porto Alegre s\u00e3o as regi\u00f5es com taxas menores entre os jovens: 10,5% e 10%, respectivamente.<\/span><\/p>\n<p class=\"MsoNormal\" style=\"margin-bottom: .0001pt; line-height: normal;\"><span style=\"font-family: \" color:=\"color:\" black;=\"black;\" mso-themecolor:=\"mso-themecolor:\" text1;\"=\"text1;\"\">O ritmo de deteriora\u00e7\u00e3o do emprego tamb\u00e9m \u00e9 maior entre os que t\u00eam entre 16 e 24 anos. O desemprego subiu 1,4 ponto percentual em junho em rela\u00e7\u00e3o ao mesmo m\u00eas do ano passado para adolescentes e jovens. Na m\u00e9dia de todas as idades, a alta foi de 0,1 ponto percentual.<\/span><\/p>\n<p class=\"MsoNormal\" style=\"margin-bottom: .0001pt; line-height: normal;\"><span style=\"font-family: \" color:=\"color:\" black;=\"black;\" mso-themecolor:=\"mso-themecolor:\" text1;\"=\"text1;\"\">O que a alta taxa de desemprego n\u00e3o explica \u00e9 se os jovens est\u00e3o se dedicando mais aos estudos ou se engrossam as fileiras dos chamados &#8220;nem nem&#8221;, aqueles que nem trabalham, nem estudam.<\/span><\/p>\n<p class=\"MsoNormal\" style=\"margin-bottom: .0001pt; line-height: normal;\"><span style=\"font-family: \" color:=\"color:\" black;=\"black;\" mso-themecolor:=\"mso-themecolor:\" text1;\"=\"text1;\"\">&#8211; \u00c9 preciso investir em uma s\u00e9rie de pol\u00edticas p\u00fablicas ligadas \u00e0 educa\u00e7\u00e3o e \u00e0 forma\u00e7\u00e3o t\u00e9cnica mais qualificada para esses jovens &#8211; afirma a economista Ana Lucia Barbosa, do Ipea.<\/span><\/p>\n<p class=\"MsoNormal\" style=\"margin-bottom: .0001pt; line-height: normal;\"><strong><span style=\"font-family: \" color:=\"color:\" black;=\"black;\" mso-themecolor:=\"mso-themecolor:\" text1;\"=\"text1;\"\">Pessimismo com o Segundo semestre<\/span><\/strong><\/p>\n<p class=\"MsoNormal\" style=\"margin-bottom: .0001pt; line-height: normal;\"><span style=\"font-family: \" color:=\"color:\" black;=\"black;\" mso-themecolor:=\"mso-themecolor:\" text1;\"=\"text1;\"\">No total das seis regi\u00f5es pesquisadas pelo IBGE, a alta da desocupa\u00e7\u00e3o &#8211; de 5,8% em maio para 6% em junho &#8211; fez com que boa parte de consultorias e bancos passasse a esperar por novas altas na taxa de desemprego no segundo semestre, \u00e9poca em que, tradicionalmente, o mercado de trabalho \u00e9 mais vigoroso por causa das encomendas das festas de fim de ano.<\/span><\/p>\n<p class=\"MsoNormal\" style=\"margin-bottom: .0001pt; line-height: normal;\"><span style=\"font-family: \" color:=\"color:\" black;=\"black;\" mso-themecolor:=\"mso-themecolor:\" text1;\"=\"text1;\"\">Corro\u00edda pela infla\u00e7\u00e3o, a renda do trabalhador brasileiro registrou a quarta queda consecutiva. Caiu 0,2% em rela\u00e7\u00e3o a maio. J\u00e1 na compara\u00e7\u00e3o com junho do ano passado, houve eleva\u00e7\u00e3o de 0,8%.<\/span><\/p>\n<p class=\"MsoNormal\" style=\"margin-bottom: .0001pt; line-height: normal;\"><span style=\"font-family: \" color:=\"color:\" black;=\"black;\" mso-themecolor:=\"mso-themecolor:\" text1;\"=\"text1;\"\">A Rosenberg &#038; Associados revisou de 5,5% para 5,7% a previs\u00e3o para o desemprego este ano. A economista-chefe da consultoria, Thais Marzola Zara, v\u00ea com preocupa\u00e7\u00e3o a estabilidade da massa salarial real e o recuo de 3,3% na ocupa\u00e7\u00e3o do setor industrial no m\u00eas passado.<\/span><\/p>\n<p class=\"MsoNormal\" style=\"margin-bottom: .0001pt; line-height: normal;\"><span style=\"font-family: \" color:=\"color:\" black;=\"black;\" mso-themecolor:=\"mso-themecolor:\" text1;\"=\"text1;\"\">&#8211; Como a economia est\u00e1 demorando a se recuperar, a confian\u00e7a dos agentes est\u00e1 em queda. Fica dif\u00edcil ver isso refletido em uma melhora do mercado de trabalho.<\/span><\/p>\n<p class=\"MsoNormal\" style=\"margin-bottom: .0001pt; line-height: normal;\"><span style=\"font-family: \" color:=\"color:\" black;=\"black;\" mso-themecolor:=\"mso-themecolor:\" text1;\"=\"text1;\"\"> <\/span><\/p>\n<p class=\"MsoNormal\" style=\"margin-bottom: .0001pt; line-height: normal;\"><span style=\"font-family: \" color:=\"color:\" black;=\"black;\" mso-themecolor:=\"mso-themecolor:\" text1;\"=\"text1;\"\">_______________________________________<\/span><\/p>\n<p class=\"MsoNormal\" style=\"margin-bottom: .0001pt; line-height: normal;\"><span style=\"font-family: \" color:=\"color:\" black;=\"black;\" mso-themecolor:=\"mso-themecolor:\" text1;\"=\"text1;\"\"> <\/span><\/p>\n<p class=\"MsoNormal\" style=\"margin-bottom: .0001pt; line-height: normal;\"><strong><span style=\"font-family: \" color:=\"color:\" black;=\"black;\" mso-themecolor:=\"mso-themecolor:\" text1;\"=\"text1;\"\">Ind\u00fastria demite 120 mil e desemprego sobe em junho<\/span><\/strong><\/p>\n<p class=\"MsoNormal\" style=\"margin-bottom: .0001pt; line-height: normal;\"><em><span style=\"font-family: \" color:=\"color:\" black;=\"black;\" mso-themecolor:=\"mso-themecolor:\" text1;\"=\"text1;\"\">Valor Econ\u00f4mico<\/span><\/em><\/p>\n<p class=\"MsoNormal\" style=\"margin-bottom: .0001pt; line-height: normal;\"><span style=\"font-family: \" color:=\"color:\" black;=\"black;\" mso-themecolor:=\"mso-themecolor:\" text1;\"=\"text1;\"\"> <\/span><\/p>\n<p class=\"MsoNormal\" style=\"margin-bottom: .0001pt; line-height: normal;\"><span style=\"font-family: \" color:=\"color:\" black;=\"black;\" mso-themecolor:=\"mso-themecolor:\" text1;\"=\"text1;\"\">A ind\u00fastria brasileira cortou mais de 120 mil postos de trabalho no m\u00eas de junho sobre maio e foi a maior respons\u00e1vel pelo aumento da taxa mensal de desemprego pela primeira vez depois de 47 meses de resultados positivos, na compara\u00e7\u00e3o interanual. O desempenho do setor na Pesquisa Mensal de Emprego (PME), divulgada ontem pelo Instituto Brasileiro de Geografia e Estat\u00edstica (IBGE), evidencia desacelera\u00e7\u00e3o na cria\u00e7\u00e3o de vagas, situa\u00e7\u00e3o &#8220;preocupante&#8221;, na avalia\u00e7\u00e3o de t\u00e9cnicos do instituto.<\/span><\/p>\n<p class=\"MsoNormal\" style=\"margin-bottom: .0001pt; line-height: normal;\"><span style=\"font-family: \" color:=\"color:\" black;=\"black;\" mso-themecolor:=\"mso-themecolor:\" text1;\"=\"text1;\"\">Segundo a pesquisa, na passagem de maio para junho, a taxa de desocupa\u00e7\u00e3o subiu de 5,8% para 6%. A popula\u00e7\u00e3o ocupada na ind\u00fastria caiu 3,3% no per\u00edodo; metade dos 120 mil oper\u00e1rios demitidos era de S\u00e3o Paulo. &#8220;\u00c9 uma situa\u00e7\u00e3o preocupante. Com certeza, esse movimento na ind\u00fastria de S\u00e3o Paulo vai ter um rebate em outras ind\u00fastrias do pa\u00eds e em outros setores, como o de servi\u00e7os. A ind\u00fastria de S\u00e3o Paulo \u00e9 uma grande consumidora de ind\u00fastrias e servi\u00e7os de outras regi\u00f5es&#8221;, lembrou Cimar Azeredo, coordenador de trabalho e rendimento do IBGE. Em rela\u00e7\u00e3o a junho de 2012, a ocupa\u00e7\u00e3o da ind\u00fastria do Rio de Janeiro recuou 7,4%, e no Recife, 7,1%.<\/span><\/p>\n<p class=\"MsoNormal\" style=\"margin-bottom: .0001pt; line-height: normal;\"><span style=\"font-family: \" color:=\"color:\" black;=\"black;\" mso-themecolor:=\"mso-themecolor:\" text1;\"=\"text1;\"\">Para economistas ouvidos pelo Valor, a queda do emprego industrial sinaliza que o processo de reten\u00e7\u00e3o de m\u00e3o de obra &#8211; a despeito dos indicadores fracos de atividade &#8211; pode ter come\u00e7ado a se reverter. A taxa de desemprego de 6% em junho, na vis\u00e3o dos analistas, ainda \u00e9 baixa, mas seu avan\u00e7o desde o in\u00edcio do ano, ainda que lento, reitera um mercado de trabalho moderado.<\/span><\/p>\n<p class=\"MsoNormal\" style=\"margin-bottom: .0001pt; line-height: normal;\"><span style=\"font-family: \" color:=\"color:\" black;=\"black;\" mso-themecolor:=\"mso-themecolor:\" text1;\"=\"text1;\"\">A pesquisa do IBGE, diz Mariana Hauer, do Banco ABC Brasil, acende uma luz amarela para a ind\u00fastria. &#8220;O mercado de trabalho reage depois da atividade, com alguns meses de defasagem. Vis\u00f5es que mant\u00ednhamos nos meses anteriores, de estagna\u00e7\u00e3o, podem passar a n\u00e3o valer mais&#8221;, afirma ela.<\/span><\/p>\n<p class=\"MsoNormal\" style=\"margin-bottom: .0001pt; line-height: normal;\"><span style=\"font-family: \" color:=\"color:\" black;=\"black;\" mso-themecolor:=\"mso-themecolor:\" text1;\"=\"text1;\"\">A economista diz ainda que a ind\u00fastria \u00e9 um bom term\u00f4metro para avaliar a situa\u00e7\u00e3o do emprego, j\u00e1 que o setor de servi\u00e7os mant\u00e9m muitas posi\u00e7\u00f5es comissionadas, sem sal\u00e1rio fixo. Os servi\u00e7os, completa Mariana, podem ser melhor avaliados pelos n\u00fameros da massa real de rendimentos, que, com base na PME, n\u00e3o teve varia\u00e7\u00e3o significativa.<\/span><\/p>\n<p class=\"MsoNormal\" style=\"margin-bottom: .0001pt; line-height: normal;\"><span style=\"font-family: \" color:=\"color:\" black;=\"black;\" mso-themecolor:=\"mso-themecolor:\" text1;\"=\"text1;\"\">Na compara\u00e7\u00e3o semestral, no entanto, o emprego e a renda no mercado de trabalho brasileiro avan\u00e7aram, mas n\u00e3o sustentam taxas de crescimento t\u00e3o altas como nos \u00faltimos anos. A PME mostrou que a taxa de desocupa\u00e7\u00e3o nas seis regi\u00f5es metropolitanas contempladas pela an\u00e1lise ficou em 5,7% na m\u00e9dia dos seis primeiros meses do ano, contra 5,9% em igual per\u00edodo do ano passado. J\u00e1 o rendimento real no mesmo per\u00edodo subiu 1,5%, para R$ 1.875. Entre janeiro e junho de 2012, essa alta havia sido de 4,8% em rela\u00e7\u00e3o aos seis primeiros meses de 2011.<\/span><\/p>\n<p class=\"MsoNormal\" style=\"margin-bottom: .0001pt; line-height: normal;\"><span style=\"font-family: \" color:=\"color:\" black;=\"black;\" mso-themecolor:=\"mso-themecolor:\" text1;\"=\"text1;\"\">Para F\u00e1bio Rom\u00e3o, da LCA Consultores, o resultado se deve a tr\u00eas fatores principais: desempenho modesto do Produto Interno Bruto (PIB), que tem crescido a taxas baixas desde o terceiro trimestre de 2011, corros\u00e3o dos n\u00edveis de confian\u00e7a no curto prazo e reflexo da decis\u00e3o de algumas empresas de demitir parte dos funcion\u00e1rios qualificados que mantinham apesar da retra\u00e7\u00e3o nas margens de lucro.<\/span><\/p>\n<p class=\"MsoNormal\" style=\"margin-bottom: .0001pt; line-height: normal;\"><span style=\"font-family: \" color:=\"color:\" black;=\"black;\" mso-themecolor:=\"mso-themecolor:\" text1;\"=\"text1;\"\">Rom\u00e3o lembra que, no ano passado, o n\u00edvel de ocupa\u00e7\u00e3o subiu 2,1%, com crescimento de 0,9% do PIB. Em 2011, o avan\u00e7o da popula\u00e7\u00e3o empregada foi semelhante, mas a atividade econ\u00f4mica crescera 2,7%. &#8220;Com o processo de formaliza\u00e7\u00e3o do mercado de trabalho, ficou mais caro demitir. A falta de m\u00e3o de obra qualificada fez com que muitas empresas treinassem seus pr\u00f3prios funcion\u00e1rios&#8221;, diz.<\/span><\/p>\n<p class=\"MsoNormal\" style=\"margin-bottom: .0001pt; line-height: normal;\"><span style=\"font-family: \" color:=\"color:\" black;=\"black;\" mso-themecolor:=\"mso-themecolor:\" text1;\"=\"text1;\"\">Jos\u00e9 Francisco de Lima Gon\u00e7alves, do Banco Fator, aponta para a alta maior pelo terceiro m\u00eas seguido da popula\u00e7\u00e3o economicamente ativa (PEA) em rela\u00e7\u00e3o \u00e0 popula\u00e7\u00e3o ocupada. Ante junho de 2012, a PEA avan\u00e7ou 0,7%; a popula\u00e7\u00e3o ocupada, 0,6%.<\/span><\/p>\n<p class=\"MsoNormal\" style=\"margin-bottom: .0001pt; line-height: normal;\"><span style=\"font-family: \" color:=\"color:\" black;=\"black;\" mso-themecolor:=\"mso-themecolor:\" text1;\"=\"text1;\"\">Para ele, a compara\u00e7\u00e3o refor\u00e7a a tese de que h\u00e1 pessoas retornando ao mercado de trabalho, pressionadas pela queda na massa de renda real familiar. &#8220;S\u00f3 n\u00e3o sabemos ainda quem s\u00e3o essas pessoas, se o filho que saiu do mercado de trabalho para aprimorar sua forma\u00e7\u00e3o ou a m\u00e3e que tinha voltado para casa para descansar da jornada tripla&#8221;, diz o economista.<\/span><\/p>\n<p class=\"MsoNormal\" style=\"margin-bottom: .0001pt; line-height: normal;\"><span style=\"font-family: \" color:=\"color:\" black;=\"black;\" mso-themecolor:=\"mso-themecolor:\" text1;\"=\"text1;\"\"> <\/span><\/p>\n<p class=\"MsoNormal\" style=\"margin-bottom: .0001pt; line-height: normal;\"><span style=\"font-family: \" color:=\"color:\" black;=\"black;\" mso-themecolor:=\"mso-themecolor:\" text1;\"=\"text1;\"\">_______________________________________<\/span><\/p>\n<p class=\"MsoNormal\" style=\"margin-bottom: .0001pt; line-height: normal;\"><span style=\"font-family: \" color:=\"color:\" black;=\"black;\" mso-themecolor:=\"mso-themecolor:\" text1;\"=\"text1;\"\"> <\/span><\/p>\n<p class=\"MsoNormal\" style=\"margin-bottom: .0001pt; line-height: normal;\"><strong><span style=\"font-family: \" color:=\"color:\" black;=\"black;\" mso-themecolor:=\"mso-themecolor:\" text1;\"=\"text1;\"\">Fazenda simplifica garantias exigidas para financiamento de concess\u00f5es de rodovias<\/span><\/strong><\/p>\n<p class=\"MsoNormal\" style=\"margin-bottom: .0001pt; line-height: normal;\"><em><span style=\"font-family: \" color:=\"color:\" black;=\"black;\" mso-themecolor:=\"mso-themecolor:\" text1;\"=\"text1;\"\">Valor Econ\u00f4mico<\/span><\/em><\/p>\n<p class=\"MsoNormal\" style=\"margin-bottom: .0001pt; line-height: normal;\"><span style=\"font-family: \" color:=\"color:\" black;=\"black;\" mso-themecolor:=\"mso-themecolor:\" text1;\"=\"text1;\"\"> <\/span><\/p>\n<p class=\"MsoNormal\" style=\"margin-bottom: .0001pt; line-height: normal;\"><span style=\"font-family: \" color:=\"color:\" black;=\"black;\" mso-themecolor:=\"mso-themecolor:\" text1;\"=\"text1;\"\">O modelo de financiamento das concess\u00f5es rodovi\u00e1rias foi definido ontem pelo Minist\u00e9rio da Fazenda, que simplificou as garantias exigidas das concession\u00e1rias nos empr\u00e9stimos tomados junto aos bancos p\u00fablicos.<\/span><\/p>\n<p class=\"MsoNormal\" style=\"margin-bottom: .0001pt; line-height: normal;\"><span style=\"font-family: \" color:=\"color:\" black;=\"black;\" mso-themecolor:=\"mso-themecolor:\" text1;\"=\"text1;\"\">A dificuldade em apresentar as garantias era considerada o principal entrave ao modelo e se concentrava principalmente na fase inicial das concess\u00f5es, anterior \u00e0 cobran\u00e7a dos ped\u00e1gios.<\/span><\/p>\n<p class=\"MsoNormal\" style=\"margin-bottom: .0001pt; line-height: normal;\"><span style=\"font-family: \" color:=\"color:\" black;=\"black;\" mso-themecolor:=\"mso-themecolor:\" text1;\"=\"text1;\"\">A expectativa do governo \u00e9 que a nova f\u00f3rmula j\u00e1 se aplique ao leil\u00e3o das rodovias BR-262 (Belo Horizonte-Vit\u00f3ria) e BR-050 (Goi\u00e1s e Minas Gerais). O edital est\u00e1 sob an\u00e1lise do Tribunal de Contas da Uni\u00e3o (TCU) e o Minist\u00e9rio da Fazenda espera que possa ser publicado na pr\u00f3xima semana. Se isso se confirmar, o leil\u00e3o ser\u00e1 marcado para setembro.<\/span><\/p>\n<p class=\"MsoNormal\" style=\"margin-bottom: .0001pt; line-height: normal;\"><span style=\"font-family: \" color:=\"color:\" black;=\"black;\" mso-themecolor:=\"mso-themecolor:\" text1;\"=\"text1;\"\">Os financiamentos ter\u00e3o prazo de 25 anos e mais 5 anos de car\u00eancia. Entre as mudan\u00e7as acertadas est\u00e3o a redu\u00e7\u00e3o na parcela do investimento financiado, de 80% para 70% do valor total, e uma eleva\u00e7\u00e3o na taxa de juros para at\u00e9 2 pontos percentuais, al\u00e9m da TJLP.<\/span><\/p>\n<p class=\"MsoNormal\" style=\"margin-bottom: .0001pt; line-height: normal;\"><span style=\"font-family: \" color:=\"color:\" black;=\"black;\" mso-themecolor:=\"mso-themecolor:\" text1;\"=\"text1;\"\">Em tese, \u00e9 uma mudan\u00e7a que aumenta o custo financeiro das empresas, pois a taxa anterior era de at\u00e9 1,5% acima da TJLP. Mas os bancos, inclusive a Caixa e o Banco do Brasil, teriam dificuldades em fechar as opera\u00e7\u00f5es com taxa t\u00e3o baixa. Em tese, \u00e9 uma mudan\u00e7a que aumenta o custo financeiro das empresas. A taxa anterior era de at\u00e9 1,5% acima da TJLP, mas os bancos, inclusive a Caixa e o Banco do Brasil, teriam dificuldades em fechar as opera\u00e7\u00f5es com taxa t\u00e3o baixa. Esse novo custo vale tamb\u00e9m para a parcela dos empr\u00e9stimos que cabe ao BNDES.<\/span><\/p>\n<p class=\"MsoNormal\" style=\"margin-bottom: .0001pt; line-height: normal;\"><span style=\"font-family: \" color:=\"color:\" black;=\"black;\" mso-themecolor:=\"mso-themecolor:\" text1;\"=\"text1;\"\">A maior parte do financiamento das concess\u00f5es rodovi\u00e1rias ser\u00e1 feito por meio de &#8220;project finance&#8221;, modelo em que as receitas de ped\u00e1gio ser\u00e3o dadas como garantias aos empr\u00e9stimos. Isso, no entanto, s\u00f3 pode ser feito depois que as concession\u00e1rias conclu\u00edrem 10% de toda a duplica\u00e7\u00e3o exigida nos editais. As estimativas mais otimistas s\u00e3o de que isso leve, pelo menos, um ano.<\/span><\/p>\n<p class=\"MsoNormal\" style=\"margin-bottom: .0001pt; line-height: normal;\"><span style=\"font-family: \" color:=\"color:\" black;=\"black;\" mso-themecolor:=\"mso-themecolor:\" text1;\"=\"text1;\"\">Na fase pr\u00e9-operacional, ser\u00e1 portanto, necess\u00e1rio um empr\u00e9stimo-ponte tradicional, o que trouxe \u00e0 discuss\u00e3o a quest\u00e3o das garantias. As empresas argumentavam que as regras dos bancos p\u00fablicos, especialmente BNDES e Banco do Brasil, exigiam que garantias oferecidas na fase anterior \u00e0 cobran\u00e7a de ped\u00e1gio continuassem presas ao contrato at\u00e9 o prazo final dos empr\u00e9stimos, que \u00e9 de 25 anos.<\/span><\/p>\n<p class=\"MsoNormal\" style=\"margin-bottom: .0001pt; line-height: normal;\"><span style=\"font-family: \" color:=\"color:\" black;=\"black;\" mso-themecolor:=\"mso-themecolor:\" text1;\"=\"text1;\"\">O governo aceitou o argumento e decidiu que o novo modelo exigir\u00e1 garantias distintas para cada fase do empreendimento. Dessa forma, as empresas poder\u00e3o liberar parte das garantias oferecidas quando iniciarem a cobran\u00e7a de ped\u00e1gio, evitando ficar com seus balan\u00e7os &#8220;amarrados&#8221; por muito tempo. N\u00e3o houve defini\u00e7\u00e3o, por\u00e9m, de que tipo de garantias ser\u00e3o aceitas. Esse detalhamento ainda ter\u00e1 que sair do papel.<\/span><\/p>\n<p class=\"MsoNormal\" style=\"margin-bottom: .0001pt; line-height: normal;\"><span style=\"font-family: \" color:=\"color:\" black;=\"black;\" mso-themecolor:=\"mso-themecolor:\" text1;\"=\"text1;\"\">Os bancos p\u00fablicos tamb\u00e9m est\u00e3o trabalhando na forma\u00e7\u00e3o de fundos de investimentos que entrar\u00e3o como s\u00f3cios estrat\u00e9gicos no capital acion\u00e1rio das futuras concession\u00e1rias. Com isso, minimiza-se tamb\u00e9m o risco dos investidores privados, que ao final ter\u00e3o uma fatia menor das concess\u00f5es.<\/span><\/p>\n<p class=\"MsoNormal\" style=\"margin-bottom: .0001pt; line-height: normal;\"><span style=\"font-family: \" color:=\"color:\" black;=\"black;\" mso-themecolor:=\"mso-themecolor:\" text1;\"=\"text1;\"\">A ideia \u00e9 que esses fundos sejam abertos e atraiam investidores privados e institucionais, especialmente os fundos de pens\u00e3o de estatais. A Caixa est\u00e1 trabalhando nesse modelo e o Banco do Brasil tamb\u00e9m mostrou interesse. Mais de um fundo poder\u00e1 participar como acionista na mesma concession\u00e1ria.<\/span><\/p>\n<p class=\"MsoNormal\" style=\"margin-bottom: .0001pt; line-height: normal;\"><span style=\"font-family: \" color:=\"color:\" black;=\"black;\" mso-themecolor:=\"mso-themecolor:\" text1;\"=\"text1;\"\">O governo corre contra o tempo para viabilizar as concess\u00f5es de infraestrutura que se transformaram na principal vitrine econ\u00f4mica, especialmente depois da alta dos juros e da infla\u00e7\u00e3o elevada, queda de popularidade e protestos nas ruas.<\/span><\/p>\n<p class=\"MsoNormal\" style=\"margin-bottom: .0001pt; line-height: normal;\"><span style=\"font-family: \" color:=\"color:\" black;=\"black;\" mso-themecolor:=\"mso-themecolor:\" text1;\"=\"text1;\"\">Depois do primeiro leil\u00e3o de rodovias, que abranger\u00e1 dois lotes, haver\u00e1 uma sequ\u00eancia de concorr\u00eancias que usar\u00e3o o mesmo pacote de financiamento. Ao todo, ser\u00e3o nove lotes que somam 7,5 mil quil\u00f4metros.<\/span><\/p>\n<p class=\"MsoNormal\" style=\"margin-bottom: .0001pt; line-height: normal;\"><span style=\"font-family: \" color:=\"color:\" black;=\"black;\" mso-themecolor:=\"mso-themecolor:\" text1;\"=\"text1;\"\">O governo concluiu as negocia\u00e7\u00f5es para as concess\u00f5es rodovi\u00e1rias, mas falta ainda fechar detalhes do modelo de financiamento para as ferrovias e a cria\u00e7\u00e3o do fundo que entrar\u00e1 no capital acion\u00e1rio do trem-bala (Rio-S\u00e3o Paulo-Campinas), cuja data de entrega das propostas est\u00e1 marcada para o dia 16 de agosto.<\/span><\/p>\n<p class=\"MsoNormal\" style=\"margin-bottom: .0001pt; line-height: normal;\"><span style=\"font-family: \" color:=\"color:\" black;=\"black;\" mso-themecolor:=\"mso-themecolor:\" text1;\"=\"text1;\"\">Al\u00e9m de Mantega, participaram da reuni\u00e3o de ontem o ministro dos Transportes, C\u00e9sar Borges, e representantes da Caixa Econ\u00f4mica Federal, Banco Nacional de Desenvolvimento Econ\u00f4mico e Social, Banco do Brasil, Sindicato Nacional da Ind\u00fastria da Constru\u00e7\u00e3o Pesada (Sinicon), Invepar, Ecorodovias, Galv\u00e3o Engenharia, Grupo CCR, OTP, Queiroz Galv\u00e3o, TPI Triunfo e UTC Engenharia.<\/span><\/p>\n<p class=\"MsoNormal\" style=\"margin-bottom: .0001pt; line-height: normal;\"><span style=\"font-family: \" color:=\"color:\" black;=\"black;\" mso-themecolor:=\"mso-themecolor:\" text1;\"=\"text1;\"\"> <\/span><\/p>\n<p class=\"MsoNormal\" style=\"margin-bottom: .0001pt; line-height: normal;\"><span style=\"font-family: \" color:=\"color:\" black;=\"black;\" mso-themecolor:=\"mso-themecolor:\" text1;\"=\"text1;\"\">_______________________________________<\/span><\/p>\n<p class=\"MsoNormal\" style=\"margin-bottom: .0001pt; line-height: normal;\"><span style=\"font-family: \" color:=\"color:\" black;=\"black;\" mso-themecolor:=\"mso-themecolor:\" text1;\"=\"text1;\"\"> <\/span><\/p>\n<p class=\"MsoNormal\" style=\"margin-bottom: .0001pt; line-height: normal;\"><strong><span style=\"font-family: \" color:=\"color:\" black;=\"black;\" mso-themecolor:=\"mso-themecolor:\" text1;\"=\"text1;\"\">Dilma e Lula enfrentam protestos em Salvador<\/span><\/strong><\/p>\n<p class=\"MsoNormal\" style=\"margin-bottom: .0001pt; line-height: normal;\"><em><span style=\"font-family: \" color:=\"color:\" black;=\"black;\" mso-themecolor:=\"mso-themecolor:\" text1;\"=\"text1;\"\">O Globo<\/span><\/em><\/p>\n<p class=\"MsoNormal\" style=\"margin-bottom: .0001pt; line-height: normal;\"><span style=\"font-family: \" color:=\"color:\" black;=\"black;\" mso-themecolor:=\"mso-themecolor:\" text1;\"=\"text1;\"\"> <\/span><\/p>\n<p class=\"MsoNormal\" style=\"margin-bottom: .0001pt; line-height: normal;\"><span style=\"font-family: \" color:=\"color:\" black;=\"black;\" mso-themecolor:=\"mso-themecolor:\" text1;\"=\"text1;\"\">A presidente Dilma Rousseff e o seu antecessor, Luiz In\u00e1cio Lula da Silva, foram recebidos em Salvador, ontem, com manifesta\u00e7\u00f5es de m\u00e9dicos, integrantes do Movimento Passe Livre (MPL), pescadores e marisqueiros. Os petistas participam de semin\u00e1rio que celebra uma d\u00e9cada de governo do partido, no Hotel Othon. Militantes petistas foram hostilizados. Um rapaz segurava o cartaz &#8220;PT nunca mais&#8221;.<\/span><\/p>\n<p class=\"MsoNormal\" style=\"margin-bottom: .0001pt; line-height: normal;\"><span style=\"font-family: \" color:=\"color:\" black;=\"black;\" mso-themecolor:=\"mso-themecolor:\" text1;\"=\"text1;\"\">O protesto do MPL tinha como meta a redu\u00e7\u00e3o imediata da tarifa, em Salvador, de R$ 2,70 para R$ 2,50, al\u00e9m de melhorias na mobilidade urbana e de chamar a aten\u00e7\u00e3o de Dilma para quest\u00f5es de responsabilidade do governo federal. J\u00e1 os m\u00e9dicos carregavam cartazes contra a importa\u00e7\u00e3o de m\u00e9dicos sem passarem pelo Revalida.<\/span><\/p>\n<p class=\"MsoNormal\" style=\"margin-bottom: .0001pt; line-height: normal;\"><span style=\"font-family: \" color:=\"color:\" black;=\"black;\" mso-themecolor:=\"mso-themecolor:\" text1;\"=\"text1;\"\">No evento, Dilma e Lula insistiram na necessidade de promover o mais rapidamente poss\u00edvel mudan\u00e7as como a implanta\u00e7\u00e3o do financiamento p\u00fablico de campanhas. Segundo eles, \u00e9 uma forma de atender \u00e0 voz das ruas e combater a corrup\u00e7\u00e3o. Lula foi o mais enf\u00e1tico, exortando o PT a fazer mea-culpa de pr\u00e1ticas comuns a todos os partidos:<\/span><\/p>\n<p class=\"MsoNormal\" style=\"margin-bottom: .0001pt; line-height: normal;\"><span style=\"font-family: \" color:=\"color:\" black;=\"black;\" mso-themecolor:=\"mso-themecolor:\" text1;\"=\"text1;\"\">&#8211; Tem deputado do PT que transforma seu gabinete numa inst\u00e2ncia partid\u00e1ria. N\u00f3s sabemos disso, e \u00e9 uma coisa que devemos consertar, porque n\u00f3s n\u00e3o nascemos para ser igual aos outros &#8211; disse ele, para del\u00edrio dos cerca de 800 militantes e integrantes de sindicatos e movimentos sociais convidados para a festa.<\/span><\/p>\n<p class=\"MsoNormal\" style=\"margin-bottom: .0001pt; line-height: normal;\"><span style=\"font-family: \" color:=\"color:\" black;=\"black;\" mso-themecolor:=\"mso-themecolor:\" text1;\"=\"text1;\"\">Representantes de outros partidos, para os quais Lula pareceu dirigir seus ataques, estavam no palco. Dizendo n\u00e3o ser &#8220;moralista&#8221;, Lula afirmou que \u00e9 preciso &#8220;respeitar as pessoas&#8221; que acreditam no PT e que &#8220;n\u00e3o querem sal\u00e1rio para fazer campanha&#8221; e provocou:<\/span><\/p>\n<p class=\"MsoNormal\" style=\"margin-bottom: .0001pt; line-height: normal;\"><span style=\"font-family: \" color:=\"color:\" black;=\"black;\" mso-themecolor:=\"mso-themecolor:\" text1;\"=\"text1;\"\">&#8211; Qual \u00e9 a diferen\u00e7a de muitos candidatos nossos para os dos outros partidos? Muitas vezes o comportamento \u00e9 igual. \u00c9 por isso que sou defensor do financiamento p\u00fablico.<\/span><\/p>\n<p class=\"MsoNormal\" style=\"margin-bottom: .0001pt; line-height: normal;\"><span style=\"font-family: \" color:=\"color:\" black;=\"black;\" mso-themecolor:=\"mso-themecolor:\" text1;\"=\"text1;\"\">Tamb\u00e9m pediu que todos se unam pela reelei\u00e7\u00e3o de Dilma e disse que ela deve se preparar para os ataques da oposi\u00e7\u00e3o, na qual colocou a &#8220;grande m\u00eddia&#8221;.<\/span><\/p>\n<p class=\"MsoNormal\" style=\"margin-bottom: .0001pt; line-height: normal;\"><span style=\"font-family: \" color:=\"color:\" black;=\"black;\" mso-themecolor:=\"mso-themecolor:\" text1;\"=\"text1;\"\">Dilma repetiu os cinco pactos que prop\u00f4s para dar uma resposta \u00e0s manifesta\u00e7\u00f5es de rua. Alegou que refor\u00e7ou suas convic\u00e7\u00f5es sobre as propostas depois de receber v\u00e1rios segmentos da sociedade.<\/span><\/p>\n<p class=\"MsoNormal\" style=\"margin-bottom: .0001pt; line-height: normal;\"><span style=\"font-family: \" color:=\"color:\" black;=\"black;\" mso-themecolor:=\"mso-themecolor:\" text1;\"=\"text1;\"\">&#8211; Tenho seguran\u00e7a que esses cinco pactos s\u00e3o indispens\u00e1veis para o Brasil &#8211; declarou ela, destacando que o PT tem a obriga\u00e7\u00e3o de liderar o processo reforma pol\u00edtica, para torn\u00e1-la melhor.<\/span><\/p>\n<p class=\"MsoNormal\" style=\"margin-bottom: .0001pt; line-height: normal;\"><span style=\"font-family: \" color:=\"color:\" black;=\"black;\" mso-themecolor:=\"mso-themecolor:\" text1;\"=\"text1;\"\"> <\/span><\/p>\n<p class=\"MsoNormal\" style=\"margin-bottom: .0001pt; line-height: normal;\"><span style=\"font-family: \" color:=\"color:\" black;=\"black;\" mso-themecolor:=\"mso-themecolor:\" text1;\"=\"text1;\"\">_______________________________________<\/span><\/p>\n<p class=\"MsoNormal\" style=\"margin-bottom: .0001pt; line-height: normal;\"><span style=\"font-family: \" color:=\"color:\" black;=\"black;\" mso-themecolor:=\"mso-themecolor:\" text1;\"=\"text1;\"\"> <\/span><\/p>\n<p class=\"MsoNormal\" style=\"margin-bottom: .0001pt; line-height: normal;\"><strong><span style=\"font-family: \" color:=\"color:\" black;=\"black;\" mso-themecolor:=\"mso-themecolor:\" text1;\"=\"text1;\"\">Defesa de minist\u00e9rios por Lula desagrada a PMDB<\/span><\/strong><\/p>\n<p class=\"MsoNormal\" style=\"margin-bottom: .0001pt; line-height: normal;\"><em><span style=\"font-family: \" color:=\"color:\" black;=\"black;\" mso-themecolor:=\"mso-themecolor:\" text1;\"=\"text1;\"\">O Globo<\/span><\/em><\/p>\n<p class=\"MsoNormal\" style=\"margin-bottom: .0001pt; line-height: normal;\"><span style=\"font-family: \" color:=\"color:\" black;=\"black;\" mso-themecolor:=\"mso-themecolor:\" text1;\"=\"text1;\"\"> <\/span><\/p>\n<p class=\"MsoNormal\" style=\"margin-bottom: .0001pt; line-height: normal;\"><span style=\"font-family: \" color:=\"color:\" black;=\"black;\" mso-themecolor:=\"mso-themecolor:\" text1;\"=\"text1;\"\">Setores do PMDB entenderam como uma provoca\u00e7\u00e3o a cr\u00edtica do ex-presidente Lula \u00e0 proposta do partido de reduzir o n\u00famero de minist\u00e9rios e alertaram que o momento do governo Dilma Rousseff &#8211; com economia capengando e popularidade em queda &#8211; n\u00e3o permite alfinetadas do PT ao parceiro mais importante da coaliz\u00e3o governista. A Executiva Nacional do PMDB defendeu formalmente a redu\u00e7\u00e3o do n\u00famero de minist\u00e9rios. Deputados do grupo dos descontentes do PMDB verbalizam a insatisfa\u00e7\u00e3o com declara\u00e7\u00f5es que, alegam, alimentam o embate entre os dois partidos. Mas evitam cr\u00edticas diretas ao ex-presidente.<\/span><\/p>\n<p class=\"MsoNormal\" style=\"margin-bottom: .0001pt; line-height: normal;\"><span style=\"font-family: \" color:=\"color:\" black;=\"black;\" mso-themecolor:=\"mso-themecolor:\" text1;\"=\"text1;\"\">Na ter\u00e7a-feira, Lula falou sobre o assunto durante palestra em Bras\u00edlia no Festival da Mulher Afro-Latino-Americana e Caribenha:<\/span><\/p>\n<p class=\"MsoNormal\" style=\"margin-bottom: .0001pt; line-height: normal;\"><span style=\"font-family: \" color:=\"color:\" black;=\"black;\" mso-themecolor:=\"mso-themecolor:\" text1;\"=\"text1;\"\">&#8211; Estou vendo um zum-zum-zum de que tem gente que vai pedir para a presidenta Dilma diminuir minist\u00e9rio. Olhem, fiquem espertos, porque ningu\u00e9m vai querer acabar com o Minist\u00e9rio da Fazenda, com o Minist\u00e9rio da Defesa. V\u00e3o querer mexer com a Igualdade Racial, com os Direitos Humanos. Eu acho que a Dilma n\u00e3o vai mexer, eles v\u00e3o falar que precisa fazer ajuste, precisa diminuir. N\u00e3o tem que diminuir ou aumentar, tem que saber para que serve.<\/span><\/p>\n<p class=\"MsoNormal\" style=\"margin-bottom: .0001pt; line-height: normal;\"><span style=\"font-family: \" color:=\"color:\" black;=\"black;\" mso-themecolor:=\"mso-themecolor:\" text1;\"=\"text1;\"\">O deputado Danilo Fortes (PMDB-CE), relator da LDO de 2014, manifestando a insatisfa\u00e7\u00e3o de parcela do partido, lembrou:<\/span><\/p>\n<p class=\"MsoNormal\" style=\"margin-bottom: .0001pt; line-height: normal;\"><span style=\"font-family: \" color:=\"color:\" black;=\"black;\" mso-themecolor:=\"mso-themecolor:\" text1;\"=\"text1;\"\">&#8211; O Lula \u00e9 suficientemente inteligente para entender que o governo e o PT nunca precisaram do PMDB como agora. Como ele precisou em 2005 para se reeleger. A governabilidade, neste momento, passa necessariamente pelo PMDB. Acho que ele fez isso (dizer que n\u00e3o precisa diminuir o n\u00famero de minist\u00e9rios) para sinalizar um discurso de esquerda e comprometimento com quest\u00f5es sociais.<\/span><\/p>\n<p class=\"MsoNormal\" style=\"margin-bottom: .0001pt; line-height: normal;\"><span style=\"font-family: \" color:=\"color:\" black;=\"black;\" mso-themecolor:=\"mso-themecolor:\" text1;\"=\"text1;\"\">O l\u00edder do PMDB na C\u00e2mara, Eduardo Cunha (RJ), disse respeitar a opini\u00e3o de Lula, mas avisou que j\u00e1 tem as assinaturas necess\u00e1rias para fazer tramitar proposta de emenda \u00e0 Constitui\u00e7\u00e3o (PEC) de sua autoria que reduz para 20 o n\u00famero de minist\u00e9rios.<\/span><\/p>\n<p class=\"MsoNormal\" style=\"margin-bottom: .0001pt; line-height: normal;\"><span style=\"font-family: \" color:=\"color:\" black;=\"black;\" mso-themecolor:=\"mso-themecolor:\" text1;\"=\"text1;\"\">&#8211; N\u00e3o vou bater boca com Lula. Ele tem a opini\u00e3o dele, e n\u00f3s temos a nossa. \u00c9 avalizado pelo pa\u00eds para dar a opini\u00e3o dele. Paci\u00eancia! N\u00e3o \u00e9 uma proposta minha, \u00e9 do partido.<\/span><\/p>\n<p class=\"MsoNormal\" style=\"margin-bottom: .0001pt; line-height: normal;\"><span style=\"font-family: \" color:=\"color:\" black;=\"black;\" mso-themecolor:=\"mso-themecolor:\" text1;\"=\"text1;\"\">O deputado L\u00facio Vieira Lima (PMDB-BA) tamb\u00e9m evitou criticar Lula, mas ressaltou:<\/span><\/p>\n<p class=\"MsoNormal\" style=\"margin-bottom: .0001pt; line-height: normal;\"><span style=\"font-family: \" color:=\"color:\" black;=\"black;\" mso-themecolor:=\"mso-themecolor:\" text1;\"=\"text1;\"\">&#8211; Respeitamos a opini\u00e3o do Lula, mas o PMDB j\u00e1 manifestou a sua. Achamos que \u00e9 hora de fazer uma pol\u00edtica de austeridade, e isso passa pela redu\u00e7\u00e3o dos minist\u00e9rios.<\/span><\/p>\n<p class=\"MsoNormal\" style=\"margin-bottom: .0001pt; line-height: normal;\"><span style=\"font-family: \" color:=\"color:\" black;=\"black;\" mso-themecolor:=\"mso-themecolor:\" text1;\"=\"text1;\"\">O l\u00edder do PMDB no Senado, Eun\u00edcio Oliveira (CE), foi mais cauteloso:<\/span><\/p>\n<p class=\"MsoNormal\" style=\"margin-bottom: .0001pt; line-height: normal;\"><span style=\"font-family: \" color:=\"color:\" black;=\"black;\" mso-themecolor:=\"mso-themecolor:\" text1;\"=\"text1;\"\">&#8211; Lula sempre teve como bandeira os movimentos sociais, ent\u00e3o falou isso para aquele p\u00fablico. Acho bastante razo\u00e1vel se discutir, na forma\u00e7\u00e3o do pr\u00f3ximo governo, uma reforma administrativa com a incorpora\u00e7\u00e3o de alguns minist\u00e9rios. Mas, discutir isso agora, acho bobagem.<\/span><\/p>\n<p>\u00a0<\/p>\n<p class=\"MsoNormal\" style=\"margin-bottom: .0001pt; line-height: normal;\"><span style=\"font-family: \" color:=\"color:\" black;=\"black;\" mso-themecolor:=\"mso-themecolor:\" text1;\"=\"text1;\"\"> <\/span><\/p>\n","protected":false},"excerpt":{"rendered":"\nO Globo\n \nProtagonistas de boa parte dos grandes eventos que varrem o pa\u00eds &#8211; as manifesta\u00e7\u00f5es nas ruas, a Copa das Confedera\u00e7\u00f5es e a Jornada Mundial da Juventude &#8211; os jovens tamb\u00e9m est\u00e3o no centro das estat\u00edsticas nada positivas do desemprego: eles s\u00e3o as principais v\u00edtimas da demora na retomada da economia e do esfriamento do mercado de trabalho. A taxa de desemprego entre os que t\u00eam de 16 a 24 anos, subiu de 14,6% para 15,3% em junho, mais do que o dobro dos 6% registrados para a m\u00e9dia de todas as idades, de acordo com dados divulgados ontem pelo IBGE. O contingente de jovens desempregados atingiu 579.974 pessoas, o equivalente a sete Maracan\u00e3s lotados. \n<a class=\"moretag\" href=\"https:\/\/pcb.org.br\/portal2\/5144\"> <\/a>","protected":false},"author":1,"featured_media":0,"comment_status":"open","ping_status":"open","sticky":false,"template":"","format":"standard","meta":{"jetpack_post_was_ever_published":false,"_jetpack_newsletter_access":"","_jetpack_dont_email_post_to_subs":false,"_jetpack_newsletter_tier_id":0,"_jetpack_memberships_contains_paywalled_content":false,"_jetpack_memberships_contains_paid_content":false,"footnotes":"","jetpack_publicize_message":"","jetpack_publicize_feature_enabled":true,"jetpack_social_post_already_shared":false,"jetpack_social_options":{"image_generator_settings":{"template":"highway","default_image_id":0,"font":"","enabled":false},"version":2}},"categories":[106],"tags":[],"class_list":["post-5144","post","type-post","status-publish","format-standard","hentry","category-c119-olhovivo"],"jetpack_publicize_connections":[],"jetpack_featured_media_url":"","jetpack_shortlink":"https:\/\/wp.me\/p659gw-1kY","jetpack-related-posts":[],"jetpack_likes_enabled":true,"jetpack_sharing_enabled":true,"_links":{"self":[{"href":"https:\/\/pcb.org.br\/portal2\/wp-json\/wp\/v2\/posts\/5144","targetHints":{"allow":["GET"]}}],"collection":[{"href":"https:\/\/pcb.org.br\/portal2\/wp-json\/wp\/v2\/posts"}],"about":[{"href":"https:\/\/pcb.org.br\/portal2\/wp-json\/wp\/v2\/types\/post"}],"author":[{"embeddable":true,"href":"https:\/\/pcb.org.br\/portal2\/wp-json\/wp\/v2\/users\/1"}],"replies":[{"embeddable":true,"href":"https:\/\/pcb.org.br\/portal2\/wp-json\/wp\/v2\/comments?post=5144"}],"version-history":[{"count":0,"href":"https:\/\/pcb.org.br\/portal2\/wp-json\/wp\/v2\/posts\/5144\/revisions"}],"wp:attachment":[{"href":"https:\/\/pcb.org.br\/portal2\/wp-json\/wp\/v2\/media?parent=5144"}],"wp:term":[{"taxonomy":"category","embeddable":true,"href":"https:\/\/pcb.org.br\/portal2\/wp-json\/wp\/v2\/categories?post=5144"},{"taxonomy":"post_tag","embeddable":true,"href":"https:\/\/pcb.org.br\/portal2\/wp-json\/wp\/v2\/tags?post=5144"}],"curies":[{"name":"wp","href":"https:\/\/api.w.org\/{rel}","templated":true}]}}