{"id":5146,"date":"2013-07-26T17:30:24","date_gmt":"2013-07-26T17:30:24","guid":{"rendered":"http:\/\/pcb.org.br\/portal2\/?p=5146"},"modified":"2013-07-26T17:30:24","modified_gmt":"2013-07-26T17:30:24","slug":"mais-uma-vez-os-infiltrados-da-dupla-beltrame-cabral","status":"publish","type":"post","link":"https:\/\/pcb.org.br\/portal2\/5146","title":{"rendered":"Mais uma vez, os infiltrados da dupla Beltrame-Cabral"},"content":{"rendered":"\n<p>Confira nos v\u00eddeos: mais uma vez os integrantes do servi\u00e7o reservado da pol\u00edcia (popularmente conhecidos como &#8220;P2&#8221;, ou &#8220;infiltrados&#8221;) foram respons\u00e1veis pelo in\u00edcio da explos\u00e3o de viol\u00eancia durante as manifesta\u00e7\u00f5es dessa segunda-feira, no Rio de Janeiro.<\/p>\n<p>Num dos videos, dois P2 passam no meio dos Policiais Militares e um destes n\u00e3o os reconhece e faz gesto de prend\u00ea-los. Eles tiram do bolso a carteira mostrando que s\u00e3o PMs tamb\u00e9m e s\u00e3o liberados para ir fazer as provoca\u00e7\u00f5es. Um desses dois \u00e9 o que joga em seguida o coquetel molotov pr\u00f3ximo dos policiais.<\/p>\n<p>O uso desse expediente por Sergio Cabral e seu festejado (pela direita e a m\u00eddia) secret\u00e1rio de Seguran\u00e7a P\u00fablica, Jos\u00e9 Beltrame, cada vez mais &#8220;manjado&#8221; pelos manifestantes do Rio de Janeiro, n\u00e3o impediu o governador de exercitar sua &#8220;cara de pau&#8221; e aprovar legisla\u00e7\u00e3o que inaugura, no Rio de Janeiro, um verdadeiro &#8220;Estado de Exce\u00e7\u00e3o&#8221;, inconstitucional e ditatorial.<\/p>\n<p>O P2 e o coquetel molotov<\/p>\n<p><a href=\"http:\/\/www.youtube.com\/watch?v=Bn1zpTvaWJ0\" target=\"_blank\">http:\/\/www.youtube.com\/watch?v=Bn1zpTvaWJ0<\/a><\/p>\n<p><a href=\"http:\/\/www.youtube.com\/watch?v=zBZnMSsBTY4\" target=\"_blank\">http:\/\/www.youtube.com\/watch?v=zBZnMSsBTY4<\/a><\/p>\n<p><a href=\"http:\/\/www.youtube.com\/watch?v=7kkgK9eY7Lo\" target=\"_blank\">http:\/\/www.youtube.com\/watch?v=7kkgK9eY7Lo<\/a><\/p>\n<p><a href=\"http:\/\/www.ioerj.com.br\/portal\/modules\/conteudoonline\/mostra_pdf.php?ie=MTc3Mzg=&amp;ip=MQ==&amp;s=ODFlZTg4MTIzNWY5N2VkNDk4MjAxNDgyMjJkNTAzYjk=\" target=\"_blank\">http:\/\/www.ioerj.com.br\/portal\/modules\/conteudoonline\/mostra_pdf.php?ie=MTc3Mzg=&amp;ip=MQ==&amp;s=ODFlZTg4MTIzNWY5N2VkNDk4MjAxNDgyMjJkNTAzYjk=<\/a><\/p>\n<p id=\":293\"><img data-recalc-dims=\"1\" decoding=\"async\" src=\"https:\/\/i0.wp.com\/mail.google.com\/mail\/u\/0\/images\/cleardot.gif?w=747&#038;ssl=1\" border=\"0\" \/><\/p>\n","protected":false},"excerpt":{"rendered":"  \n<a class=\"moretag\" href=\"https:\/\/pcb.org.br\/portal2\/5146\"> <\/a>","protected":false},"author":1,"featured_media":0,"comment_status":"open","ping_status":"open","sticky":false,"template":"","format":"standard","meta":{"jetpack_post_was_ever_published":false,"_jetpack_newsletter_access":"","_jetpack_dont_email_post_to_subs":false,"_jetpack_newsletter_tier_id":0,"_jetpack_memberships_contains_paywalled_content":false,"_jetpack_memberships_contains_paid_content":false,"footnotes":"","jetpack_publicize_message":"","jetpack_publicize_feature_enabled":true,"jetpack_social_post_already_shared":false,"jetpack_social_options":{"image_generator_settings":{"template":"highway","default_image_id":0,"font":"","enabled":false},"version":2}},"categories":[88],"tags":[],"class_list":["post-5146","post","type-post","status-publish","format-standard","hentry","category-c101-criminalizacao"],"jetpack_publicize_connections":[],"jetpack_featured_media_url":"","jetpack_shortlink":"https:\/\/wp.me\/p659gw-1l0","jetpack-related-posts":[],"jetpack_likes_enabled":true,"jetpack_sharing_enabled":true,"_links":{"self":[{"href":"https:\/\/pcb.org.br\/portal2\/wp-json\/wp\/v2\/posts\/5146","targetHints":{"allow":["GET"]}}],"collection":[{"href":"https:\/\/pcb.org.br\/portal2\/wp-json\/wp\/v2\/posts"}],"about":[{"href":"https:\/\/pcb.org.br\/portal2\/wp-json\/wp\/v2\/types\/post"}],"author":[{"embeddable":true,"href":"https:\/\/pcb.org.br\/portal2\/wp-json\/wp\/v2\/users\/1"}],"replies":[{"embeddable":true,"href":"https:\/\/pcb.org.br\/portal2\/wp-json\/wp\/v2\/comments?post=5146"}],"version-history":[{"count":0,"href":"https:\/\/pcb.org.br\/portal2\/wp-json\/wp\/v2\/posts\/5146\/revisions"}],"wp:attachment":[{"href":"https:\/\/pcb.org.br\/portal2\/wp-json\/wp\/v2\/media?parent=5146"}],"wp:term":[{"taxonomy":"category","embeddable":true,"href":"https:\/\/pcb.org.br\/portal2\/wp-json\/wp\/v2\/categories?post=5146"},{"taxonomy":"post_tag","embeddable":true,"href":"https:\/\/pcb.org.br\/portal2\/wp-json\/wp\/v2\/tags?post=5146"}],"curies":[{"name":"wp","href":"https:\/\/api.w.org\/{rel}","templated":true}]}}