{"id":5149,"date":"2013-07-26T18:04:29","date_gmt":"2013-07-26T18:04:29","guid":{"rendered":"http:\/\/pcb.org.br\/portal2\/?p=5149"},"modified":"2013-07-26T18:04:29","modified_gmt":"2013-07-26T18:04:29","slug":"as-farc-capturam-soldado-profissional-estadunidense-especialista-em-antiexplosivos-e-com-experiencia-da-guerra-no-afeganistao","status":"publish","type":"post","link":"https:\/\/pcb.org.br\/portal2\/5149","title":{"rendered":"As FARC capturam soldado profissional estadunidense especialista em antiexplosivos e com experi\u00eancia da guerra no Afeganist\u00e3o"},"content":{"rendered":"\n<p>Dick Emanuelsson (especial para ARGENPRESS.info)<\/p>\n<p>Guerrilheiros das FARC capturaram um soldado profissional norte-americano h\u00e1 um m\u00eas. Apesar dos Estados Unidos terem tr\u00eas guerrilheiros presos em seu territ\u00f3rio, as FARC dizem estar dispostas a entregar o militar a \u201cuma comiss\u00e3o humanit\u00e1ria encabe\u00e7ada pela Senadora Piedad C\u00f3rdoba, um delegado da comunidade de Saint Egidio e o Comit\u00ea Internacional da Cruz Vermelha\u201d.<\/p>\n<p><img border=\"0\" \/><\/p>\n<p>Foto: Guerrilheiros das FARC no departamento do Guaviare, uma fortaleza onde foi detido o soldado estadunidense.<\/p>\n<p>Em um comunicado do \u00f3rg\u00e3o m\u00e1ximo da insurg\u00eancia das FARC-EP, o Secretariado do Estado Maior Central, informa que o militar norte-americano foi capturado no munic\u00edpio de El Retorno, no departamento do Guaviare, em 20 de junho. Durante o m\u00eas transcorrido, tudo indica que a intelig\u00eancia da guerrilha trabalhou para adquirir informa\u00e7\u00f5es e elementos para precisar o curr\u00edculo de Kevin Scott Sutay, nascido na cidade de Nova York, segundo o passaporte N\u00b0 488667176, expedido em 03 de fevereiro de 2012.<\/p>\n<p><img data-recalc-dims=\"1\" decoding=\"async\" src=\"https:\/\/i0.wp.com\/www.divshare.com\/img\/24309045-8cb.jpg?w=747\" border=\"0\" alt=\"imagem\"  align=\"rigth\" \/>\/&gt;<\/p>\n<p>Foto: Kevin Scott Sutay ingressou \u00e0 Col\u00f4mbia em 8 de junho e parece que ficou muito pouco tempo em Bogot\u00e1.Transferiu-se para San Jos\u00e9 del Guaviare (ponto vermelho) de avi\u00e3o e, depois, por terra ao munic\u00edpio de El Retorno. Isso se as For\u00e7as Armadas colombianas ou os militares estadunidenses n\u00e3o o levaram de helic\u00f3ptero. Em 20 de junho foi detido pela guerrilha em El Retorno.<\/p>\n<p>Dick Emanuelsson \u00e9 subdiretor ANNCOL.<\/p>\n<p align=\"center\"><strong>COMUNICADO<\/strong><\/p>\n<p>O Secretariado do Estado Maior Central das FARC-EP informa \u00e0 opini\u00e3o p\u00fablica nacional e internacional que, no dia 20 de junho de 2013, no munic\u00edpio de El Retorno, departamento do Guaviare, foi capturado o soldado norte-americano Kevin Scott Sutay, nascido na cidade Nova York, segundo o passaporte n\u00b0 488667176, expedido em 03 de fevereiro de 2012, que portava no momento da deten\u00e7\u00e3o pelas unidades guerrilheiras.<\/p>\n<p>O mencionado cidad\u00e3o norte-americano assegura ter sido membro da Armada dos Estados Unidos de 17 de novembro de 2009 at\u00e9 o dia 22 de mar\u00e7o de 2013 e, segundo sua pr\u00f3pria vers\u00e3o, participou na guerra do Afeganist\u00e3o entre os anos de 2010 e 2011, onde desempenhou a fun\u00e7\u00e3o de especialista em antiexplosivos, desarmamento de campos minados, como integrante da companhia 541 ST do batalh\u00e3o 54 TN de engenharia.<\/p>\n<p>Sua entrada na Col\u00f4mbia ocorreu no dia 8 de junho de 2013, seguindo a rota M\u00e9xico, Honduras, Costa Rica, Nicar\u00e1gua, Panam\u00e1, Bogot\u00e1, San Jos\u00e9 del Guaviare, sede da base militar do Barranc\u00f3n, onde \u00e9 conhecida, de muito tempo, a presen\u00e7a de militares norte-americanos.<\/p>\n<p>A captura do soldado Kevin p\u00f5e em evid\u00eancia a ativa participa\u00e7\u00e3o de militares e mercen\u00e1rios norte-americanos no territ\u00f3rio, em opera\u00e7\u00f5es de contrainsurg\u00eancia, em que aparecem sob o eufemismo de empres\u00e1rios, h\u00e1bito comum das for\u00e7as de interven\u00e7\u00e3o imperial, pr\u00f3pria da era da globaliza\u00e7\u00e3o capitalista, que lhes permite explorar outro fil\u00e3o do neg\u00f3cio da guerra com um menor custo pol\u00edtico para suas campanhas de agress\u00e3o e rapina contra os povos.<\/p>\n<p>Neg\u00f3cio criminoso do qual aspiram a ser parte o Presidente Santos, seu ministro de defesa e os generais, quando anunciam aos quatro ventos a assinatura de um acordo de coopera\u00e7\u00e3o com a OTAN, posicionando a Col\u00f4mbia como prestadora de servi\u00e7os deste tipo de for\u00e7as mercen\u00e1rias \u00e0 disposi\u00e7\u00e3o dos planos de interven\u00e7\u00e3o e pilhagem imperial em todos os cantos do planeta.<\/p>\n<p>Apesar do direito que nos assiste em manter o soldado Kevin Scott como prisioneiro de guerra, tomamos a decis\u00e3o pol\u00edtica de liber\u00e1-lo como um gesto que se destaca dentro do ambiente das conversa\u00e7\u00f5es em curso em Havana com o governo colombiano, na busca de um acordo que ponha fim ao conflito social e armado em nosso pa\u00eds.<\/p>\n<p>Para tal fim, solicitamos a integra\u00e7\u00e3o de uma comiss\u00e3o humanit\u00e1ria encabe\u00e7ada pela Senadora Piedad C\u00f3rdoba, um delegado da comunidade de Saint Egidio e o Comit\u00ea Internacional da Cruz Vermelha.<\/p>\n<p>Monta\u00f1as de Colombia, 19 de julho de 2013.<\/p>\n<p>Secretariado do Estado Maior Central das FARC-EP<\/p>\n<p>Fonte:<a href=\"http:\/\/www.argenpress.info\/2013\/07\/las-farc-capturan-marino-estadounidense.html\" target=\"_blank\">http:\/\/www.argenpress.info\/2013\/07\/las-farc-capturan-marino-estadounidense.html<\/a><\/p>\n<p>Tradu\u00e7\u00e3o: Partido Comunista Brasileiro (PCB)<\/p>\n","protected":false},"excerpt":{"rendered":"\nSegunda-feira, 22 de julho de 2013\n<a class=\"moretag\" href=\"https:\/\/pcb.org.br\/portal2\/5149\"> <\/a>","protected":false},"author":1,"featured_media":0,"comment_status":"open","ping_status":"open","sticky":false,"template":"","format":"standard","meta":{"jetpack_post_was_ever_published":false,"_jetpack_newsletter_access":"","_jetpack_dont_email_post_to_subs":false,"_jetpack_newsletter_tier_id":0,"_jetpack_memberships_contains_paywalled_content":false,"_jetpack_memberships_contains_paid_content":false,"footnotes":"","jetpack_publicize_message":"","jetpack_publicize_feature_enabled":true,"jetpack_social_post_already_shared":false,"jetpack_social_options":{"image_generator_settings":{"template":"highway","default_image_id":0,"font":"","enabled":false},"version":2}},"categories":[34],"tags":[],"class_list":["post-5149","post","type-post","status-publish","format-standard","hentry","category-c39-colombia"],"jetpack_publicize_connections":[],"jetpack_featured_media_url":"","jetpack_shortlink":"https:\/\/wp.me\/p659gw-1l3","jetpack-related-posts":[],"jetpack_likes_enabled":true,"jetpack_sharing_enabled":true,"_links":{"self":[{"href":"https:\/\/pcb.org.br\/portal2\/wp-json\/wp\/v2\/posts\/5149","targetHints":{"allow":["GET"]}}],"collection":[{"href":"https:\/\/pcb.org.br\/portal2\/wp-json\/wp\/v2\/posts"}],"about":[{"href":"https:\/\/pcb.org.br\/portal2\/wp-json\/wp\/v2\/types\/post"}],"author":[{"embeddable":true,"href":"https:\/\/pcb.org.br\/portal2\/wp-json\/wp\/v2\/users\/1"}],"replies":[{"embeddable":true,"href":"https:\/\/pcb.org.br\/portal2\/wp-json\/wp\/v2\/comments?post=5149"}],"version-history":[{"count":0,"href":"https:\/\/pcb.org.br\/portal2\/wp-json\/wp\/v2\/posts\/5149\/revisions"}],"wp:attachment":[{"href":"https:\/\/pcb.org.br\/portal2\/wp-json\/wp\/v2\/media?parent=5149"}],"wp:term":[{"taxonomy":"category","embeddable":true,"href":"https:\/\/pcb.org.br\/portal2\/wp-json\/wp\/v2\/categories?post=5149"},{"taxonomy":"post_tag","embeddable":true,"href":"https:\/\/pcb.org.br\/portal2\/wp-json\/wp\/v2\/tags?post=5149"}],"curies":[{"name":"wp","href":"https:\/\/api.w.org\/{rel}","templated":true}]}}