{"id":5155,"date":"2013-07-28T00:05:29","date_gmt":"2013-07-28T00:05:29","guid":{"rendered":"http:\/\/pcb.org.br\/portal2\/?p=5155"},"modified":"2013-07-28T00:05:29","modified_gmt":"2013-07-28T00:05:29","slug":"papa-francisco-e-a-contrarrevolucao-moderna","status":"publish","type":"post","link":"https:\/\/pcb.org.br\/portal2\/5155","title":{"rendered":"Papa Francisco \u00e9 a contrarrevolu\u00e7\u00e3o moderna"},"content":{"rendered":"\n<p><strong>A visita do chefe m\u00e1ximo da Igreja Cat\u00f3lica ao Brasil virou um daqueles consensos aos quais se referia o escritor Nelson Rodrigues. \u201cA unanimidade \u00e9 burra\u201d, pontificava o reacion\u00e1rio e fan\u00e1tico torcedor do Fluminense. Praticamente todos os setores da sociedade, afinal, est\u00e3o batendo palmas para o sumo pont\u00edfice.<\/strong><\/p>\n<p>At\u00e9 mesmo representantes ilustres da antiga teologia da liberta\u00e7\u00e3o juntam-se ao coro dos embevecidos. O centro nervoso do culto ao papa argentino est\u00e1 em seus modos simples e nos discursos voltados \u00e0 pobreza. Depois da \u00e9gide de uma nobreza eclesi\u00e1stica ancorada na guerra fria contra o socialismo, eis que o Vaticano passa ao comando de um cardeal paisano e latino-americano.<\/p>\n<p>Cada gesto seu \u00e9 saudado como se uma grande modifica\u00e7\u00e3o estivesse em curso. A cobertura de emissoras t\u00e3o d\u00edspares como a Globo e a venezuelana Telesur parece decidida pelo mesmo editor. As loas ao l\u00edder dos cat\u00f3licos eventualmente obedecem a pontos de vista opostos, mas buscam anular qualquer atividade ou pensamento cr\u00edticos.<\/p>\n<p>Os meios de comunica\u00e7\u00e3o brasileiros se calam sobre a biografia de Jorge Mario Bergoglio, quase sempre abdicando de qualquer apura\u00e7\u00e3o ou coment\u00e1rio acerca de seu papel durante a ditadura militar argentina. Sequer entre os ve\u00edculos progressistas h\u00e1 real interesse de colocar luz sobre o tema, apesar de a Jornada Mundial da Juventude ser momento prop\u00edcio para discutir credenciais em direitos humanos.<\/p>\n<p>Ressurgido como Francisco e elevado ao trono de Pedro, o religioso portenho reanima a mais importante institui\u00e7\u00e3o mundial do conservadorismo. Despida de ritos aristocr\u00e1ticos e confrontando a antiga c\u00faria corrupta, a Igreja Cat\u00f3lica apresenta-se com uma face nova, capaz de cativar o mundo para as mesmas ideias de sempre.<\/p>\n<p><em><strong>Fonte:<\/strong> Opera Mundi<\/em><\/p>\n<p><a href=\"http:\/\/csunidadeclassista.blogspot.com.br\/2013\/07\/papa-francisco-e-contrarrevolucao.html\">http:\/\/csunidadeclassista.blogspot.com.br\/2013\/07\/papa-francisco-e-contrarrevolucao.html<\/a><\/p>\n","protected":false},"excerpt":{"rendered":"\napn.org.br\n<a class=\"moretag\" href=\"https:\/\/pcb.org.br\/portal2\/5155\"> <\/a>","protected":false},"author":1,"featured_media":0,"comment_status":"open","ping_status":"open","sticky":false,"template":"","format":"standard","meta":{"jetpack_post_was_ever_published":false,"_jetpack_newsletter_access":"","_jetpack_dont_email_post_to_subs":false,"_jetpack_newsletter_tier_id":0,"_jetpack_memberships_contains_paywalled_content":false,"_jetpack_memberships_contains_paid_content":false,"footnotes":"","jetpack_publicize_message":"","jetpack_publicize_feature_enabled":true,"jetpack_social_post_already_shared":false,"jetpack_social_options":{"image_generator_settings":{"template":"highway","default_image_id":0,"font":"","enabled":false},"version":2}},"categories":[38],"tags":[],"class_list":["post-5155","post","type-post","status-publish","format-standard","hentry","category-c43-imperialismo"],"jetpack_publicize_connections":[],"jetpack_featured_media_url":"","jetpack_shortlink":"https:\/\/wp.me\/p659gw-1l9","jetpack-related-posts":[],"jetpack_likes_enabled":true,"jetpack_sharing_enabled":true,"_links":{"self":[{"href":"https:\/\/pcb.org.br\/portal2\/wp-json\/wp\/v2\/posts\/5155","targetHints":{"allow":["GET"]}}],"collection":[{"href":"https:\/\/pcb.org.br\/portal2\/wp-json\/wp\/v2\/posts"}],"about":[{"href":"https:\/\/pcb.org.br\/portal2\/wp-json\/wp\/v2\/types\/post"}],"author":[{"embeddable":true,"href":"https:\/\/pcb.org.br\/portal2\/wp-json\/wp\/v2\/users\/1"}],"replies":[{"embeddable":true,"href":"https:\/\/pcb.org.br\/portal2\/wp-json\/wp\/v2\/comments?post=5155"}],"version-history":[{"count":0,"href":"https:\/\/pcb.org.br\/portal2\/wp-json\/wp\/v2\/posts\/5155\/revisions"}],"wp:attachment":[{"href":"https:\/\/pcb.org.br\/portal2\/wp-json\/wp\/v2\/media?parent=5155"}],"wp:term":[{"taxonomy":"category","embeddable":true,"href":"https:\/\/pcb.org.br\/portal2\/wp-json\/wp\/v2\/categories?post=5155"},{"taxonomy":"post_tag","embeddable":true,"href":"https:\/\/pcb.org.br\/portal2\/wp-json\/wp\/v2\/tags?post=5155"}],"curies":[{"name":"wp","href":"https:\/\/api.w.org\/{rel}","templated":true}]}}