{"id":520,"date":"2010-06-03T15:36:21","date_gmt":"2010-06-03T15:36:21","guid":{"rendered":"http:\/\/pcb.org.br\/portal2\/?p=520"},"modified":"2010-06-03T15:36:21","modified_gmt":"2010-06-03T15:36:21","slug":"carta-ao-governo-israelense","status":"publish","type":"post","link":"https:\/\/pcb.org.br\/portal2\/520","title":{"rendered":"Carta ao governo Israelense"},"content":{"rendered":"\n<p>Judeu identificado com as melhores tradi\u00e7\u00f5es humanistas de nossa cultura, sinto-me profundamente envergonhado com o que sucessivos governos israelenses v\u00eam fazendo com a paz no Oriente M\u00e9dio.<\/p>\n<p>As iniciativas contra a paz tomadas pelo governo de Israel vem tornando cotidianamente a sobreviv\u00eancia em Israel e na Palestina cada vez mais insuport\u00e1vel.<\/p>\n<p>J\u00e1 faz tempo que sinto vergonha das ocupa\u00e7\u00f5es indecentes praticadas por colonos judeus em territ\u00f3rio palestino. Que dizer agora do bombardeio do navio com bandeira Turca que leva alimentos para nossos irm\u00e3os palestinos? Vergonha, tr\u00eas vezes vergonha!<\/p>\n<p>Proponho que Simon Peres devolva seu pr\u00eamio Nobel da Paz e pe\u00e7a desculpas por t\u00ea-lo aceito mesmo depois de ter armado a \u00c1frica do Sul do Apartheid.<\/p>\n<p>Considero o atual governo, todos seus membros, sem exce\u00e7\u00e3o, merecedores por consenso universal do Pr\u00eamio Jim Jones por estarem conduzindo todo um pais para o suic\u00eddio coletivo.<\/p>\n<p>A continuar com a pol\u00edtica genocida do atual governo nem os bons sobreviver\u00e3o e Israel perecer\u00e1 baixo o desprezo de todo o mundo..<\/p>\n<p>O Sr., Lieberman, que trouxe da sua Mold\u00e1via natal vasta experi\u00eancia com pogroms, est\u00e1 firmemente empenhado em aplic\u00e1-la contra nossos irm\u00e3os palestinos. Este merece s\u00f3 para ele um tribunal de Nuremberg.<\/p>\n<p>Digo tudo isso porque um judeu humanista n\u00e3o pode assistir calado e indiferente o que est\u00e1 acontecendo no Oriente M\u00e9dio. Precisamos de for\u00e7a e coragem para, unidos aos bons, lutar pela conviv\u00eancia fraterna entre dois povos irm\u00e3os.<\/p>\n<p>Abaixo o fascismo!<\/p>\n<p>Paz J\u00e1!<\/p>\n<p>Silvio Tendler<\/p>\n<p>Cineasta<\/p>\n","protected":false},"excerpt":{"rendered":"\n\n\nCr\u00e9dito: Carlos Latuff\n\n\n\n\n\n\n\n\nSenhores que me envergonham:\n<a class=\"moretag\" href=\"https:\/\/pcb.org.br\/portal2\/520\"> <\/a>","protected":false},"author":1,"featured_media":0,"comment_status":"open","ping_status":"open","sticky":false,"template":"","format":"standard","meta":{"jetpack_post_was_ever_published":false,"_jetpack_newsletter_access":"","_jetpack_dont_email_post_to_subs":false,"_jetpack_newsletter_tier_id":0,"_jetpack_memberships_contains_paywalled_content":false,"_jetpack_memberships_contains_paid_content":false,"footnotes":"","jetpack_publicize_message":"","jetpack_publicize_feature_enabled":true,"jetpack_social_post_already_shared":false,"jetpack_social_options":{"image_generator_settings":{"template":"highway","default_image_id":0,"font":"","enabled":false},"version":2}},"categories":[78],"tags":[],"class_list":["post-520","post","type-post","status-publish","format-standard","hentry","category-c91-solidariedade-a-palestina"],"jetpack_publicize_connections":[],"jetpack_featured_media_url":"","jetpack_shortlink":"https:\/\/wp.me\/p659gw-8o","jetpack-related-posts":[],"jetpack_likes_enabled":true,"jetpack_sharing_enabled":true,"_links":{"self":[{"href":"https:\/\/pcb.org.br\/portal2\/wp-json\/wp\/v2\/posts\/520","targetHints":{"allow":["GET"]}}],"collection":[{"href":"https:\/\/pcb.org.br\/portal2\/wp-json\/wp\/v2\/posts"}],"about":[{"href":"https:\/\/pcb.org.br\/portal2\/wp-json\/wp\/v2\/types\/post"}],"author":[{"embeddable":true,"href":"https:\/\/pcb.org.br\/portal2\/wp-json\/wp\/v2\/users\/1"}],"replies":[{"embeddable":true,"href":"https:\/\/pcb.org.br\/portal2\/wp-json\/wp\/v2\/comments?post=520"}],"version-history":[{"count":0,"href":"https:\/\/pcb.org.br\/portal2\/wp-json\/wp\/v2\/posts\/520\/revisions"}],"wp:attachment":[{"href":"https:\/\/pcb.org.br\/portal2\/wp-json\/wp\/v2\/media?parent=520"}],"wp:term":[{"taxonomy":"category","embeddable":true,"href":"https:\/\/pcb.org.br\/portal2\/wp-json\/wp\/v2\/categories?post=520"},{"taxonomy":"post_tag","embeddable":true,"href":"https:\/\/pcb.org.br\/portal2\/wp-json\/wp\/v2\/tags?post=520"}],"curies":[{"name":"wp","href":"https:\/\/api.w.org\/{rel}","templated":true}]}}