{"id":5218,"date":"2013-08-11T13:15:52","date_gmt":"2013-08-11T13:15:52","guid":{"rendered":"http:\/\/pcb.org.br\/portal2\/?p=5218"},"modified":"2013-08-11T13:15:52","modified_gmt":"2013-08-11T13:15:52","slug":"latuff-e-meu-amigo-mexeu-com-ele-mexeu-comigo","status":"publish","type":"post","link":"https:\/\/pcb.org.br\/portal2\/5218","title":{"rendered":"LATUFF \u00c9 MEU AMIGO, MEXEU COM ELE, MEXEU COMIGO!"},"content":{"rendered":"\n<p>Carlos Latuff est\u00e1 entre aqueles que lutam contra a opress\u00e3o do capital e por uma sociedade justa e fraterna. Antes de tudo, \u00e9 um humanista, internacionalista e revolucion\u00e1rio, que sofre as dores dos oprimidos, seja onde for.<\/p>\n<p>Militante corajoso, independente, coloca sua arte, sempre inteligente e radical (no bom sentido da palavra), a servi\u00e7o da esquerda de todo o mundo e da humanidade. Uma charge de Latuff vale mais que muitos manifestos, fala por si, emociona.<\/p>\n<p>Mais uma vez, Latuff est\u00e1 amea\u00e7ado de morte.<\/p>\n<p>Justamente indignado com a viol\u00eancia policial, fez, em suas pr\u00f3prias palavras, uma \u201cprovoca\u00e7\u00e3o\u201d em torno do assassinato de um casal de PMs paulistas.<\/p>\n<p>Por mais que a emo\u00e7\u00e3o o tenha levado a exagerar o tom da \u201cprovoca\u00e7\u00e3o\u201d, temos a obriga\u00e7\u00e3o pol\u00edtica e moral, os revolucion\u00e1rios e progressistas, de lhe prestar solidariedade e blind\u00e1-lo diante das amea\u00e7as de que tem sido v\u00edtima, por parte de fascistas que tentam se aproveitar de um momento de compreens\u00edvel destempero verbal do nosso Latuff.<\/p>\n<p>\u00c9 bom que saibam os que o amea\u00e7am do carinho que lhe devotam um incalcul\u00e1vel n\u00famero de pessoas e organiza\u00e7\u00f5es pol\u00edticas e sociais no mundo todo.<\/p>\n<p>E que depois do \u201cCad\u00ea o Amarildo?\u201d, os matadores, com ou sem farda, de carreira ou de aluguel, v\u00e3o ter que pensar muito antes de assassinar covardemente um ser humano, seja ele um pedreiro ou um artista. N\u00e3o mais os deixaremos em paz, a cada covardia.<\/p>\n<p>Com nossa solidariedade, sabemos onde estar\u00e1 por muitos anos o jovem Latuff: numa prancheta, com sua pena implac\u00e1vel contra as opress\u00f5es e em nossas manifesta\u00e7\u00f5es contra elas, com a alegria dos que lutam por uma sociedade onde todos nos possamos chamar de companheiros.<\/p>\n<p><em>* Ivan Pinheiro \u00e9 militante comunista (PCB-RJ)<\/em><\/p>\n","protected":false},"excerpt":{"rendered":"\n(Ivan Pinheiro)\n<a class=\"moretag\" href=\"https:\/\/pcb.org.br\/portal2\/5218\"> <\/a>","protected":false},"author":1,"featured_media":0,"comment_status":"open","ping_status":"open","sticky":false,"template":"","format":"standard","meta":{"jetpack_post_was_ever_published":false,"_jetpack_newsletter_access":"","_jetpack_dont_email_post_to_subs":false,"_jetpack_newsletter_tier_id":0,"_jetpack_memberships_contains_paywalled_content":false,"_jetpack_memberships_contains_paid_content":false,"footnotes":"","jetpack_publicize_message":"","jetpack_publicize_feature_enabled":true,"jetpack_social_post_already_shared":false,"jetpack_social_options":{"image_generator_settings":{"template":"highway","default_image_id":0,"font":"","enabled":false},"version":2}},"categories":[53],"tags":[],"class_list":["post-5218","post","type-post","status-publish","format-standard","hentry","category-c64-ditadura"],"jetpack_publicize_connections":[],"jetpack_featured_media_url":"","jetpack_shortlink":"https:\/\/wp.me\/p659gw-1ma","jetpack-related-posts":[],"jetpack_likes_enabled":true,"jetpack_sharing_enabled":true,"_links":{"self":[{"href":"https:\/\/pcb.org.br\/portal2\/wp-json\/wp\/v2\/posts\/5218","targetHints":{"allow":["GET"]}}],"collection":[{"href":"https:\/\/pcb.org.br\/portal2\/wp-json\/wp\/v2\/posts"}],"about":[{"href":"https:\/\/pcb.org.br\/portal2\/wp-json\/wp\/v2\/types\/post"}],"author":[{"embeddable":true,"href":"https:\/\/pcb.org.br\/portal2\/wp-json\/wp\/v2\/users\/1"}],"replies":[{"embeddable":true,"href":"https:\/\/pcb.org.br\/portal2\/wp-json\/wp\/v2\/comments?post=5218"}],"version-history":[{"count":0,"href":"https:\/\/pcb.org.br\/portal2\/wp-json\/wp\/v2\/posts\/5218\/revisions"}],"wp:attachment":[{"href":"https:\/\/pcb.org.br\/portal2\/wp-json\/wp\/v2\/media?parent=5218"}],"wp:term":[{"taxonomy":"category","embeddable":true,"href":"https:\/\/pcb.org.br\/portal2\/wp-json\/wp\/v2\/categories?post=5218"},{"taxonomy":"post_tag","embeddable":true,"href":"https:\/\/pcb.org.br\/portal2\/wp-json\/wp\/v2\/tags?post=5218"}],"curies":[{"name":"wp","href":"https:\/\/api.w.org\/{rel}","templated":true}]}}