{"id":5226,"date":"2013-08-13T20:59:47","date_gmt":"2013-08-13T20:59:47","guid":{"rendered":"http:\/\/pcb.org.br\/portal2\/?p=5226"},"modified":"2013-08-13T20:59:47","modified_gmt":"2013-08-13T20:59:47","slug":"vendas-do-varejo-crescem-menos-no-dia-dos-pais","status":"publish","type":"post","link":"https:\/\/pcb.org.br\/portal2\/5226","title":{"rendered":"Vendas do varejo crescem menos no Dia dos Pais"},"content":{"rendered":"\n<p>\u00a0<\/p>\n<p class=\"MsoNormal\" style=\"margin-bottom: .0001pt; line-height: normal;\"><span style=\"font-family: \" color:=\"color:\" black;=\"black;\" mso-themecolor:=\"mso-themecolor:\" text1;\"=\"text1;\"\">Para os economistas da Serasa Experian, o consumidor est\u00e1 mais cauteloso diante da perda do poder aquisitivo, da infla\u00e7\u00e3o e do aumento dos juros, fatos que o levam a dar prioridade para o pagamento das d\u00edvidas e das renegocia\u00e7\u00f5es assumidas.<\/span><\/p>\n<p class=\"MsoNormal\" style=\"margin-bottom: .0001pt; line-height: normal;\"><span style=\"font-family: \" color:=\"color:\" black;=\"black;\" mso-themecolor:=\"mso-themecolor:\" text1;\"=\"text1;\"\">Outra pesquisa, realizada pela Confedera\u00e7\u00e3o Nacional de Dirigentes Lojistas (CNDL) com base nos dados do Servi\u00e7o de Prote\u00e7\u00e3o ao Cr\u00e9dito (SPC Brasil), tamb\u00e9m apontou uma taxa decrescente no aumento das vendas no Dia dos Pais e o desempenho menos vigoroso desde 2010: as vendas a prazo subiram 3,78%, ante 4,75% em 2012, 6,86% em 2011 e 10% em 2010.<\/span><\/p>\n<p class=\"MsoNormal\" style=\"margin-bottom: .0001pt; line-height: normal;\"><span style=\"font-family: \" color:=\"color:\" black;=\"black;\" mso-themecolor:=\"mso-themecolor:\" text1;\"=\"text1;\"\"> <\/span><\/p>\n<p class=\"MsoNormal\" style=\"margin-bottom: .0001pt; line-height: normal;\"><span style=\"font-family: \" color:=\"color:\" black;=\"black;\" mso-themecolor:=\"mso-themecolor:\" text1;\"=\"text1;\"\">________________________________________________<\/span><\/p>\n<p class=\"MsoNormal\" style=\"margin-bottom: .0001pt; line-height: normal;\"><span style=\"font-family: \" color:=\"color:\" black;=\"black;\" mso-themecolor:=\"mso-themecolor:\" text1;\"=\"text1;\"\"> <\/span><\/p>\n<p class=\"MsoNormal\" style=\"margin-bottom: .0001pt; line-height: normal;\"><strong><span style=\"font-family: \" color:=\"color:\" black;=\"black;\" mso-themecolor:=\"mso-themecolor:\" text1;\"=\"text1;\"\">No m\u00eas, exporta\u00e7\u00e3o recua e importa\u00e7\u00e3o sobe<\/span><\/strong><\/p>\n<p class=\"MsoNormal\" style=\"margin-bottom: .0001pt; line-height: normal;\"><em><span style=\"font-family: \" color:=\"color:\" black;=\"black;\" mso-themecolor:=\"mso-themecolor:\" text1;\"=\"text1;\"\">Valor Econ\u00f4mico<\/span><\/em><\/p>\n<p class=\"MsoNormal\" style=\"margin-bottom: .0001pt; line-height: normal;\"><span style=\"font-family: \" color:=\"color:\" black;=\"black;\" mso-themecolor:=\"mso-themecolor:\" text1;\"=\"text1;\"\"> <\/span><\/p>\n<p class=\"MsoNormal\" style=\"margin-bottom: .0001pt; line-height: normal;\"><span style=\"font-family: \" color:=\"color:\" black;=\"black;\" mso-themecolor:=\"mso-themecolor:\" text1;\"=\"text1;\"\">A balan\u00e7a comercial brasileira registrou super\u00e1vit de US$ 593 milh\u00f5es nas duas primeiras semanas de agosto, com US$ 6,777 bilh\u00f5es em exporta\u00e7\u00f5es e US$ 6,184 bilh\u00f5es em importa\u00e7\u00f5es no per\u00edodo, segundo dados do Minist\u00e9rio de Desenvolvimento, Ind\u00fastria e Com\u00e9rcio Exterior. No ano, a balan\u00e7a comercial registra d\u00e9ficit de US$ 4,396 bilh\u00f5es.<\/span><\/p>\n<p class=\"MsoNormal\" style=\"margin-bottom: .0001pt; line-height: normal;\"><span style=\"font-family: \" color:=\"color:\" black;=\"black;\" mso-themecolor:=\"mso-themecolor:\" text1;\"=\"text1;\"\">As exporta\u00e7\u00f5es brasileiras recuaram 0,5% no acumulado do m\u00eas at\u00e9 a segunda semana de agosto, enquanto as importa\u00e7\u00f5es apresentaram alta de 6%. Para fazer a compara\u00e7\u00e3o, o minist\u00e9rio calcula m\u00e9dia do que o pa\u00eds vendeu ao exterior e do que foi importado por dia \u00fatil de cada per\u00edodo. Isso foi feito tanto para o acumulado deste m\u00eas como para todo m\u00eas de agosto do ano passado.<\/span><\/p>\n<p class=\"MsoNormal\" style=\"margin-bottom: .0001pt; line-height: normal;\"><span style=\"font-family: \" color:=\"color:\" black;=\"black;\" mso-themecolor:=\"mso-themecolor:\" text1;\"=\"text1;\"\">A m\u00e9dia di\u00e1ria de US$ 968,1 milh\u00f5es nas exporta\u00e7\u00f5es at\u00e9 a segunda semana do m\u00eas \u00e9 0,5% inferior \u00e0 m\u00e9dia di\u00e1ria de US$ 973,1 milh\u00f5es dos embarques realizados em todo o m\u00eas de agosto de 2012. Essa queda \u00e9 explicada pelo menor embarque de produtos manufaturados e semimanufaturados. Houve aumento nas exporta\u00e7\u00f5es de bens b\u00e1sicos.<\/span><\/p>\n<p class=\"MsoNormal\" style=\"margin-bottom: .0001pt; line-height: normal;\"><span style=\"font-family: \" color:=\"color:\" black;=\"black;\" mso-themecolor:=\"mso-themecolor:\" text1;\"=\"text1;\"\">As exporta\u00e7\u00f5es de produtos b\u00e1sicos subiram 6,7%, passando dos US$ 469,1 milh\u00f5es da m\u00e9dia di\u00e1ria de agosto de 2012 para um total de US$ 500,4 milh\u00f5es no acumulado deste m\u00eas. O resultado foi puxado, principalmente, por min\u00e9rio de cobre, soja em gr\u00e3o, bovinos vivos e carne de frango, bovina e su\u00edna.<\/span><\/p>\n<p class=\"MsoNormal\" style=\"margin-bottom: .0001pt; line-height: normal;\"><span style=\"font-family: \" color:=\"color:\" black;=\"black;\" mso-themecolor:=\"mso-themecolor:\" text1;\"=\"text1;\"\">No caso dos semimanufaturados, a m\u00e9dia recuou 6,8%, passando de US$ 130,7 milh\u00f5es em agosto de 2012 para US$ 121,8 milh\u00f5es no acumulado deste m\u00eas. O resultado se deve ao menor embarque de semimanufaturados de ouro, ferro-ligas, \u00f3leo de soja em bruto, ferro fundido e alum\u00ednio em bruto.<\/span><\/p>\n<p class=\"MsoNormal\" style=\"margin-bottom: .0001pt; line-height: normal;\"><span style=\"font-family: \" color:=\"color:\" black;=\"black;\" mso-themecolor:=\"mso-themecolor:\" text1;\"=\"text1;\"\">Os manufaturados apresentaram queda de 7,4% na compara\u00e7\u00e3o entre m\u00e9dia di\u00e1ria no acumulado deste m\u00eas (US$ 329,4 milh\u00f5es) com agosto do ano passado (US$ 355,7 milh\u00f5es). As maiores baixas foram registradas nas vendas de avi\u00f5es, motores e geradores, ve\u00edculos de carga, laminados planos, \u00f3leos combust\u00edveis, bombas e compressores, pneum\u00e1ticos e autope\u00e7as.<\/span><\/p>\n<p class=\"MsoNormal\" style=\"margin-bottom: .0001pt; line-height: normal;\"><span style=\"font-family: \" color:=\"color:\" black;=\"black;\" mso-themecolor:=\"mso-themecolor:\" text1;\"=\"text1;\"\">Na outra ponta, as importa\u00e7\u00f5es subiram 6% at\u00e9 a segunda semana de agosto -m\u00e9dia di\u00e1ria de US$ 883,4 milh\u00f5es &#8211; ante US$ 833 milh\u00f5es em agosto do ano passado. Nessa compara\u00e7\u00e3o cresceram os gastos com ve\u00edculos, cereais e produtos de moagem, combust\u00edveis e lubrificantes, farmac\u00eauticos, cobre e suas obras, instrumentos de \u00f3tica e precis\u00e3o, borracha e obras, equipamentos mec\u00e2nicos e pl\u00e1sticos.<\/span><\/p>\n<p class=\"MsoNormal\" style=\"margin-bottom: .0001pt; line-height: normal;\"><span style=\"font-family: \" color:=\"color:\" black;=\"black;\" mso-themecolor:=\"mso-themecolor:\" text1;\"=\"text1;\"\"> <\/span><\/p>\n<p class=\"MsoNormal\" style=\"margin-bottom: .0001pt; line-height: normal;\"><span style=\"font-family: \" color:=\"color:\" black;=\"black;\" mso-themecolor:=\"mso-themecolor:\" text1;\"=\"text1;\"\">________________________________________________<\/span><\/p>\n<p class=\"MsoNormal\" style=\"margin-bottom: .0001pt; line-height: normal;\"><span style=\"font-family: \" color:=\"color:\" black;=\"black;\" mso-themecolor:=\"mso-themecolor:\" text1;\"=\"text1;\"\"> <\/span><\/p>\n<p class=\"MsoNormal\" style=\"margin-bottom: .0001pt; line-height: normal;\"><strong><span style=\"font-family: \" color:=\"color:\" black;=\"black;\" mso-themecolor:=\"mso-themecolor:\" text1;\"=\"text1;\"\">Medo do desemprego aumenta, indica pesquisa<\/span><\/strong><\/p>\n<p class=\"MsoNormal\" style=\"margin-bottom: .0001pt; line-height: normal;\"><em><span style=\"font-family: \" color:=\"color:\" black;=\"black;\" mso-themecolor:=\"mso-themecolor:\" text1;\"=\"text1;\"\">Valor Econ\u00f4mico<\/span><\/em><\/p>\n<p class=\"MsoNormal\" style=\"margin-bottom: .0001pt; line-height: normal;\"><span style=\"font-family: \" color:=\"color:\" black;=\"black;\" mso-themecolor:=\"mso-themecolor:\" text1;\"=\"text1;\"\"> <\/span><\/p>\n<p class=\"MsoNormal\" style=\"margin-bottom: .0001pt; line-height: normal;\"><span style=\"font-family: \" color:=\"color:\" black;=\"black;\" mso-themecolor:=\"mso-themecolor:\" text1;\"=\"text1;\"\">Duas sondagens realizadas pela Funda\u00e7\u00e3o Getulio Vargas (FGV) sinalizam piora no mercado de trabalho, com queda no ritmo de cria\u00e7\u00e3o de vagas e maior apreens\u00e3o dos consumidores quanto ao desemprego. O Indicador Antecedente de Emprego (IAEmp), que busca antecipar a tend\u00eancia do mercado de trabalho, recuou 5,7% em julho, ante junho, com ajuste sazonal. \u00c9 a segunda queda consecutiva e a maior desde novembro de 2008 (-18,7%), per\u00edodo mais agudo da crise mundial.<\/span><\/p>\n<p class=\"MsoNormal\" style=\"margin-bottom: .0001pt; line-height: normal;\"><span style=\"font-family: \" color:=\"color:\" black;=\"black;\" mso-themecolor:=\"mso-themecolor:\" text1;\"=\"text1;\"\">Outro term\u00f4metro, o Indicador Coincidente de Desemprego (ICD) aumentou 7,2% em julho, ante junho, considerando-se dados ajustados sazonalmente. \u00c9 a maior varia\u00e7\u00e3o positiva da s\u00e9rie, iniciada em novembro de 2005. Quanto maior o aumento, pior \u00e9 a avalia\u00e7\u00e3o do consumidor a respeito do mercado de trabalho. Esse movimento sinaliza eleva\u00e7\u00e3o da taxa de desemprego no m\u00eas nas sete capitais pesquisadas pela FGV: S\u00e3o Paulo, Rio, Belo Horizonte, Recife, Salvador, Bras\u00edlia e Porto Alegre.<\/span><\/p>\n<p class=\"MsoNormal\" style=\"margin-bottom: .0001pt; line-height: normal;\"><span style=\"font-family: \" color:=\"color:\" black;=\"black;\" mso-themecolor:=\"mso-themecolor:\" text1;\"=\"text1;\"\">A queda no indicador antecedente refor\u00e7a o movimento de deteriora\u00e7\u00e3o do mercado de trabalho, segundo Fernando de Holanda Barbosa Filho, pesquisador do Ibre. &#8220;Est\u00e1 cada vez mais claro que a perspectiva do mercado de trabalho para o fim do ano vai ser mais fraca do que o esperado&#8221;, diz.<\/span><\/p>\n<p class=\"MsoNormal\" style=\"margin-bottom: .0001pt; line-height: normal;\"><span style=\"font-family: \" color:=\"color:\" black;=\"black;\" mso-themecolor:=\"mso-themecolor:\" text1;\"=\"text1;\"\">Segundo Barbosa, embora se espere que a taxa m\u00e9dia de desemprego do ano fique pr\u00f3xima \u00e0 de 2012, de 5,5% (recorde de baixa), as condi\u00e7\u00f5es do segundo semestre ser\u00e3o diferentes das do mesmo per\u00edodo do ano passado. Ele ressalta que o momento \u00e9 distinto do vivido em 2012, quando a gera\u00e7\u00e3o de postos de trabalho era crescente. A realidade, hoje, \u00e9 outra, com cen\u00e1rio desfavor\u00e1vel e perspectiva de aumento no n\u00edvel de desemprego e menor cria\u00e7\u00e3o de vagas, diz.<\/span><\/p>\n<p class=\"MsoNormal\" style=\"margin-bottom: .0001pt; line-height: normal;\"><span style=\"font-family: \" color:=\"color:\" black;=\"black;\" mso-themecolor:=\"mso-themecolor:\" text1;\"=\"text1;\"\">O dado positivo, afirma Barbosa, \u00e9 que menos jovens est\u00e3o entrando no mercado de trabalho, o que pode fazer o \u00edndice de desemprego se elevar em velocidade menor. &#8220;At\u00e9 o come\u00e7o do ano, o mercado de trabalho estava quebrando recordes, com n\u00edvel de desemprego cada vez mais baixo, mas essa tend\u00eancia sofreu uma invers\u00e3o. Ainda n\u00e3o observamos que o desemprego v\u00e1 disparar, mas a princ\u00edpio, em 2014, o desemprego vai estar mais alto&#8221;, prev\u00ea.<\/span><\/p>\n<p class=\"MsoNormal\" style=\"margin-bottom: .0001pt; line-height: normal;\"><span style=\"font-family: \" color:=\"color:\" black;=\"black;\" mso-themecolor:=\"mso-themecolor:\" text1;\"=\"text1;\"\">Entre as raz\u00f5es para a invers\u00e3o da tend\u00eancia, est\u00e3o o baixo n\u00edvel de atividade e a infla\u00e7\u00e3o. Os setores de com\u00e9rcio e servi\u00e7os, que empregam muito e foram respons\u00e1veis por manter \u00edndice de desemprego baixo at\u00e9 agora, j\u00e1 est\u00e3o reduzindo o volume de contrata\u00e7\u00e3o.<\/span><\/p>\n<p class=\"MsoNormal\" style=\"margin-bottom: .0001pt; line-height: normal;\"><span style=\"font-family: \" color:=\"color:\" black;=\"black;\" mso-themecolor:=\"mso-themecolor:\" text1;\"=\"text1;\"\">Em rela\u00e7\u00e3o \u00e0 eleva\u00e7\u00e3o recorde do Indicador Coincidente de Desemprego, Barbosa afirma que o \u00edndice pode ter sido afetado negativamente pelas manifesta\u00e7\u00f5es ocorridas em todo pa\u00eds no per\u00edodo da coleta de informa\u00e7\u00f5es. &#8220;Todos os \u00edndices de consumidores tiveram varia\u00e7\u00e3o expressiva para baixo, afetados pelas manifesta\u00e7\u00f5es, isso pode ter contribu\u00eddo para aumentar o \u00edndice, porque gera um n\u00edvel de pessimismo maior&#8221;, explica o economista.<\/span><\/p>\n<p class=\"MsoNormal\" style=\"margin-bottom: .0001pt; line-height: normal;\"><span style=\"font-family: \" color:=\"color:\" black;=\"black;\" mso-themecolor:=\"mso-themecolor:\" text1;\"=\"text1;\"\"> <\/span><\/p>\n<p class=\"MsoNormal\" style=\"margin-bottom: .0001pt; line-height: normal;\"><span style=\"font-family: \" color:=\"color:\" black;=\"black;\" mso-themecolor:=\"mso-themecolor:\" text1;\"=\"text1;\"\">________________________________________________<\/span><\/p>\n<p class=\"MsoNormal\" style=\"margin-bottom: .0001pt; line-height: normal;\"><span style=\"font-family: \" color:=\"color:\" black;=\"black;\" mso-themecolor:=\"mso-themecolor:\" text1;\"=\"text1;\"\"> <\/span><\/p>\n<p class=\"MsoNormal\" style=\"margin-bottom: .0001pt; line-height: normal;\"><strong><span style=\"font-family: \" color:=\"color:\" black;=\"black;\" mso-themecolor:=\"mso-themecolor:\" text1;\"=\"text1;\"\">Petrobr\u00e1s e Braskem ter\u00e3o de explicar seus balan\u00e7os<\/span><\/strong><\/p>\n<p class=\"MsoNormal\" style=\"margin-bottom: .0001pt; line-height: normal;\"><em><span style=\"font-family: \" color:=\"color:\" black;=\"black;\" mso-themecolor:=\"mso-themecolor:\" text1;\"=\"text1;\"\">O Estado de S. Paulo<\/span><\/em><\/p>\n<p class=\"MsoNormal\" style=\"margin-bottom: .0001pt; line-height: normal;\"><span style=\"font-family: \" color:=\"color:\" black;=\"black;\" mso-themecolor:=\"mso-themecolor:\" text1;\"=\"text1;\"\"> <\/span><\/p>\n<p class=\"MsoNormal\" style=\"margin-bottom: .0001pt; line-height: normal;\"><span style=\"font-family: \" color:=\"color:\" black;=\"black;\" mso-themecolor:=\"mso-themecolor:\" text1;\"=\"text1;\"\">A ado\u00e7\u00e3o da contabilidade de hedge (prote\u00e7\u00e3o) por companhias abertas para reduzir o impacto da alta do d\u00f3lar nos resultados do segundo trimestre est\u00e1 sendo apurada pela Comiss\u00e3o de Valores Mobili\u00e1rios (CVM). O regulador pediu explica\u00e7\u00f5es para pelo menos dois grupos: Petrobr\u00e1s e Braskem.<\/span><\/p>\n<p class=\"MsoNormal\" style=\"margin-bottom: .0001pt; line-height: normal;\"><span style=\"font-family: \" color:=\"color:\" black;=\"black;\" mso-themecolor:=\"mso-themecolor:\" text1;\"=\"text1;\"\">Uma consulta a dados p\u00fablicos revela que a Superintend\u00eancia de Rela\u00e7\u00f5es com Empresas (SEP) da CVM abriu processos administrativos para analisar as informa\u00e7\u00f5es trimestrais dessas companhias. O da estatal foi iniciado ontem, tr\u00eas dias ap\u00f3s a publica\u00e7\u00e3o do balan\u00e7o financeiro do segundo trimestre.<\/span><\/p>\n<p class=\"MsoNormal\" style=\"margin-bottom: .0001pt; line-height: normal;\"><span style=\"font-family: \" color:=\"color:\" black;=\"black;\" mso-themecolor:=\"mso-themecolor:\" text1;\"=\"text1;\"\">Consultada, a CVM informou que n\u00e3o comenta casos espec\u00edficos. No entanto, confirmou que a SEP &#8220;est\u00e1 analisando o referido tema cont\u00e1bil para um conjunto de companhias, no \u00e2mbito do Sistema de Supervis\u00e3o Baseada em Risco (SBR)&#8221;.<\/span><\/p>\n<p class=\"MsoNormal\" style=\"margin-bottom: .0001pt; line-height: normal;\"><span style=\"font-family: \" color:=\"color:\" black;=\"black;\" mso-themecolor:=\"mso-themecolor:\" text1;\"=\"text1;\"\">A pr\u00e1tica da contabilidade de hedge \u00e9 legal e autorizada no Pa\u00eds desde 2009. A op\u00e7\u00e3o por esse modelo j\u00e1 foi feita anteriormente por grandes companhias. A hip\u00f3tese \u00e9 que a CVM esteja questionando o momento e a forma como as duas empresas comunicaram ao mercado a nova pol\u00edtica. Esse mecanismo neutraliza parte do impacto da varia\u00e7\u00e3o sobre a d\u00edvida da empresa no curto prazo.<\/span><\/p>\n<p class=\"MsoNormal\" style=\"margin-bottom: .0001pt; line-height: normal;\"><span style=\"font-family: \" color:=\"color:\" black;=\"black;\" mso-themecolor:=\"mso-themecolor:\" text1;\"=\"text1;\"\">Em entrevista coletiva ontem, o diretor financeiro da Petrobr\u00e1s, Almir Barbassa, afirmou que a contabilidade de hedge &#8220;veio para ficar&#8221;.<\/span><\/p>\n<p class=\"MsoNormal\" style=\"margin-bottom: .0001pt; line-height: normal;\"><span style=\"font-family: \" color:=\"color:\" black;=\"black;\" mso-themecolor:=\"mso-themecolor:\" text1;\"=\"text1;\"\">Para Barbassa, a contabilidade de hedge \u00e9 um instrumento muito \u00fatil para pa\u00edses em desenvolvimento, que t\u00eam maior dificuldade de captar recursos no mercado internacional &#8220;e acabam expostas a varia\u00e7\u00f5es&#8221;. Al\u00e9m disso, reduz a volatilidade no resultado fruto de varia\u00e7\u00f5es cambiais.<\/span><\/p>\n<p class=\"MsoNormal\" style=\"margin-bottom: .0001pt; line-height: normal;\"><strong><span style=\"font-family: \" color:=\"color:\" black;=\"black;\" mso-themecolor:=\"mso-themecolor:\" text1;\"=\"text1;\"\">Repercuss\u00e3o<\/span><\/strong><\/p>\n<p class=\"MsoNormal\" style=\"margin-bottom: .0001pt; line-height: normal;\"><span style=\"font-family: \" color:=\"color:\" black;=\"black;\" mso-themecolor:=\"mso-themecolor:\" text1;\"=\"text1;\"\">A decis\u00e3o da Petrobr\u00e1s teve forte repercuss\u00e3o no mercado por ter sido tomada em meio \u00e0 escalada do d\u00f3lar.<\/span><\/p>\n<p class=\"MsoNormal\" style=\"margin-bottom: .0001pt; line-height: normal;\"><span style=\"font-family: \" color:=\"color:\" black;=\"black;\" mso-themecolor:=\"mso-themecolor:\" text1;\"=\"text1;\"\">No segundo trimestre do ano passado, quando o d\u00f3lar se valorizou 10,93%, a Petrobr\u00e1s registrou preju\u00edzo de R$ i,346bilh\u00e3o, o primeiro balan\u00e7o no vermelho desde a maxidesvaloriza\u00e7\u00e3o do real, em 1999.<\/span><\/p>\n<p class=\"MsoNormal\" style=\"margin-bottom: .0001pt; line-height: normal;\"><span style=\"font-family: \" color:=\"color:\" black;=\"black;\" mso-themecolor:=\"mso-themecolor:\" text1;\"=\"text1;\"\">Tanto a estatal quanto a Braskem passaram a adotar a contabilidade de hedge em maio. No entanto, as companhias s\u00f3 comunicaram a nova pr\u00e1tica ao mercado em julho, quando os balan\u00e7os j\u00e1 estavam fechados.<\/span><\/p>\n<p class=\"MsoNormal\" style=\"margin-bottom: .0001pt; line-height: normal;\"><span style=\"font-family: \" color:=\"color:\" black;=\"black;\" mso-themecolor:=\"mso-themecolor:\" text1;\"=\"text1;\"\">\u00c9 poss\u00edvel que a CVM tamb\u00e9m olhe a maneira como o impacto dessa contabilidade foi destrinchada nos balan\u00e7os. Outro ponto \u00e9 verificar se as companhias cumpriram o tr\u00e2mite necess\u00e1rio \u00e0 ado\u00e7\u00e3o do hedge. Por exemplo, se h\u00e1 garantias de receita futura compat\u00edvel com a perda cont\u00e1bil referente ao efeito do c\u00e2mbio sobre a d\u00edvida.<\/span><\/p>\n<p class=\"MsoNormal\" style=\"margin-bottom: .0001pt; line-height: normal;\"><span style=\"font-family: \" color:=\"color:\" black;=\"black;\" mso-themecolor:=\"mso-themecolor:\" text1;\"=\"text1;\"\">Na contabilidade de hedge as exporta\u00e7\u00f5es s\u00e3o usadas como prote\u00e7\u00e3o contra avaria\u00e7\u00e3o da d\u00edvida em moeda estrangeira. A manobra elimina o descasamento cont\u00e1bil entre os efeitos ben\u00e9ficos da valoriza\u00e7\u00e3o do c\u00e2mbio na receita de empresas exportadoras &#8211; mais demorado &#8211; e o imediato peso negativo sobre a varia\u00e7\u00e3o da d\u00edvida em moeda estrangeira.<\/span><\/p>\n<p class=\"MsoNormal\" style=\"margin-bottom: .0001pt; line-height: normal;\"><span style=\"font-family: \" color:=\"color:\" black;=\"black;\" mso-themecolor:=\"mso-themecolor:\" text1;\"=\"text1;\"\">A decis\u00e3o da Petrobr\u00e1s de adotar a mudan\u00e7a a partir de maio evitou um resultado trimestral fraco. O lucro de R$ 6,201 bilh\u00f5es reportado entre abril e junho foi alcan\u00e7ado porque um montante de R$ 7,982 bilh\u00f5es em perdas cambiais n\u00e3o foi contabilizado no resultado, mas no patrim\u00f4nio l\u00edquido da empresa.<\/span><\/p>\n<p class=\"MsoNormal\" style=\"margin-bottom: .0001pt; line-height: normal;\"><span style=\"font-family: \" color:=\"color:\" black;=\"black;\" mso-themecolor:=\"mso-themecolor:\" text1;\"=\"text1;\"\">No caso da Braskem, o hedge adotado evitou que o preju\u00edzo l\u00edquido de R$ 128 milh\u00f5es no segundo trimestre fosse mais de oito vezes superior.<\/span><\/p>\n<p class=\"MsoNormal\" style=\"margin-bottom: .0001pt; line-height: normal;\"><span style=\"font-family: \" color:=\"color:\" black;=\"black;\" mso-themecolor:=\"mso-themecolor:\" text1;\"=\"text1;\"\">O preju\u00edzo da petroqu\u00edmica teria chegado a R$ 1,082 bilh\u00e3o no per\u00edodo, segundo a pr\u00f3pria empresa.<\/span><\/p>\n<p class=\"MsoNormal\" style=\"margin-bottom: .0001pt; line-height: normal;\"><span style=\"font-family: \" color:=\"color:\" black;=\"black;\" mso-themecolor:=\"mso-themecolor:\" text1;\"=\"text1;\"\">O in\u00edcio da temporada de balan\u00e7os do segundo trimestre j\u00e1 indica que nos pr\u00f3ximos meses outras companhias tendem a usar a contabilidade de hedge. A mineradora Vale informou que estuda a ado\u00e7\u00e3o da pr\u00e1tica.<\/span><\/p>\n<p class=\"MsoNormal\" style=\"margin-bottom: .0001pt; line-height: normal;\"><span style=\"font-family: \" color:=\"color:\" black;=\"black;\" mso-themecolor:=\"mso-themecolor:\" text1;\"=\"text1;\"\">No entanto, o presidente da Vale, Murilo Ferreira, declarou em teleconfer\u00eancia com analistas e investidores que a empresa decidiu n\u00e3o usar a pr\u00e1tica no segundo trimestre para n\u00e3o parecer uma medida &#8220;casu\u00edstica&#8221;.<\/span><\/p>\n<p class=\"MsoNormal\" style=\"margin-bottom: .0001pt; line-height: normal;\"><span style=\"font-family: \" color:=\"color:\" black;=\"black;\" mso-themecolor:=\"mso-themecolor:\" text1;\"=\"text1;\"\"> <\/span><\/p>\n<p class=\"MsoNormal\" style=\"margin-bottom: .0001pt; line-height: normal;\"><span style=\"font-family: \" color:=\"color:\" black;=\"black;\" mso-themecolor:=\"mso-themecolor:\" text1;\"=\"text1;\"\">________________________________________________<\/span><\/p>\n<p class=\"MsoNormal\" style=\"margin-bottom: .0001pt; line-height: normal;\"><span style=\"font-family: \" color:=\"color:\" black;=\"black;\" mso-themecolor:=\"mso-themecolor:\" text1;\"=\"text1;\"\"> <\/span><\/p>\n<p class=\"MsoNormal\" style=\"margin-bottom: .0001pt; line-height: normal;\"><strong><span style=\"font-family: \" color:=\"color:\" black;=\"black;\" mso-themecolor:=\"mso-themecolor:\" text1;\"=\"text1;\"\">MPF suspeita que cartel agia em projetos federais<\/span><\/strong><\/p>\n<p class=\"MsoNormal\" style=\"margin-bottom: .0001pt; line-height: normal;\"><em><span style=\"font-family: \" color:=\"color:\" black;=\"black;\" mso-themecolor:=\"mso-themecolor:\" text1;\"=\"text1;\"\">O Estado de S. Paulo<\/span><\/em><\/p>\n<p class=\"MsoNormal\" style=\"margin-bottom: .0001pt; line-height: normal;\"><span style=\"font-family: \" color:=\"color:\" black;=\"black;\" mso-themecolor:=\"mso-themecolor:\" text1;\"=\"text1;\"\"> <\/span><\/p>\n<p class=\"MsoNormal\" style=\"margin-bottom: .0001pt; line-height: normal;\"><span style=\"font-family: \" color:=\"color:\" black;=\"black;\" mso-themecolor:=\"mso-themecolor:\" text1;\"=\"text1;\"\">O Minist\u00e9rio P\u00fablico Federal (MPF) v\u00ea ind\u00edcios de que o suposto esquema de cartel nas obras do Metr\u00f4 de S\u00e3o Paulo tenha atuado tamb\u00e9m em licita\u00e7\u00f5es federais envolvendo a Companhia Brasileira de Trens Urbanos (CBTU). A afirma\u00e7\u00e3o foi feita ontem pela procuradora da Rep\u00fablica em S\u00e3o Paulo Karen Louise Jeanette Kahn, respons\u00e1vel pela investiga\u00e7\u00e3o do caso na \u00e1rea federal.<\/span><\/p>\n<p class=\"MsoNormal\" style=\"margin-bottom: .0001pt; line-height: normal;\"><span style=\"font-family: \" color:=\"color:\" black;=\"black;\" mso-themecolor:=\"mso-themecolor:\" text1;\"=\"text1;\"\">Algumas da principais empresas investigadas no caso mant\u00eam e mantiveram contratos com a estatal federal, vinculada ao Minist\u00e9rio das Cidades, desde 1998 at\u00e9 agora. &#8220;H\u00e1 v\u00e1rios contratos (federais) tamb\u00e9m. H\u00e1 poss\u00edveis outros cart\u00e9is em \u00e2mbito federal. Aqui estamos falando, via de regra, em cart\u00e9is estaduais com efeito na esfera federal, crime de evas\u00e3o. Envolve recursos da Uni\u00e3o&#8221;, disse Karen. Em seguida, questionada especificamente sobre a CBTU, ela disse: &#8220;A CBTU tem alguns poss\u00edveis envolvimentos. Isso depende da an\u00e1lise das provas. Agente tem a suspeita&#8221;.<\/span><\/p>\n<p class=\"MsoNormal\" style=\"margin-bottom: .0001pt; line-height: normal;\"><span style=\"font-family: \" color:=\"color:\" black;=\"black;\" mso-themecolor:=\"mso-themecolor:\" text1;\"=\"text1;\"\">Karen afirmou que apura em tese diversos delitos. Al\u00e9m do cartel, haveria corrup\u00e7\u00e3o internacional, lavagem de dinheiro, evas\u00e3o de divisas e &#8220;forma\u00e7\u00e3o de quadrilha, eventualmente com enquadramento na nova lei de organiza\u00e7\u00f5es criminosas&#8221;. Muitas empresas citadas aparecem em outras apura\u00e7\u00f5es do MPF, o que refor\u00e7a as suspeitas da procuradora Karen.<\/span><\/p>\n<p class=\"MsoNormal\" style=\"margin-bottom: .0001pt; line-height: normal;\"><span style=\"font-family: \" color:=\"color:\" black;=\"black;\" mso-themecolor:=\"mso-themecolor:\" text1;\"=\"text1;\"\">A procuradora n\u00e3o especificou quais licita\u00e7\u00f5es teriam sido fraudadas nem o per\u00edodo em que elas ocorreram &#8211; se envolveriam, por exemplo, os governos de Fernando Henrique Cardoso (1995 a 2002), de Luiz In\u00e1cio Lula da Silva (2003 a 2010) ou de Dilma Rousseff.<\/span><\/p>\n<p class=\"MsoNormal\" style=\"margin-bottom: .0001pt; line-height: normal;\"><span style=\"font-family: \" color:=\"color:\" black;=\"black;\" mso-themecolor:=\"mso-themecolor:\" text1;\"=\"text1;\"\">A suspeita de cartel no Metro em governos tucanos paulistas antecipou a guerra prevista para 2014 entre PSDB e PT. Desgastados com as den\u00fancias, os tucanos reagiram afirmando que h\u00e1 suspeitas de cart\u00e9is cm outros sete Estados e no Distrito Federal. Em algumas capitais, como Belo Horizonte e Recife, a CBTU organizou a licita\u00e7\u00e3o e opera o sistema de transporte. Em outras, como Salvador e Fortaleza, foram aplicadas verbas federais no metr\u00f4, mas o sistema \u00e9 operado por estatais estaduais.<\/span><\/p>\n<p class=\"MsoNormal\" style=\"margin-bottom: .0001pt; line-height: normal;\"><span style=\"font-family: \" color:=\"color:\" black;=\"black;\" mso-themecolor:=\"mso-themecolor:\" text1;\"=\"text1;\"\">Investigadas. As empresas Siemens e Alstom &#8211; que est\u00e3o no centro do caso &#8211; dizem que colaboram com as investiga\u00e7\u00f5es em curso. A Alstom \u00e9 investigada desde 2009. O caso Siemens veio \u00e0 tona no m\u00eas passado quando executivos da multinacional firmaram um acordo de leni\u00eancia com o Conselho Administrativo de Defesa Econ\u00f4mica (Cad\u00ea)- relatam os il\u00edcitos e, em troca, n\u00e3o s\u00e3o processados. O Minist\u00e9rio das Cidades informou que &#8220;qualquer irregularidade eventualmente encontrada ser\u00e1 apurada (veja texto acima).<\/span><\/p>\n<p class=\"MsoNormal\" style=\"margin-bottom: .0001pt; line-height: normal;\"><span style=\"font-family: \" color:=\"color:\" black;=\"black;\" mso-themecolor:=\"mso-themecolor:\" text1;\"=\"text1;\"\">Ao lado de Carlos Emmanuel Joppert Ragazzo, superintendente-geral do Cade, Karen \u00e9 uma das signat\u00e1rias do acordo de leni\u00eancia feito por seis ex-executivos da Siemens para delatar o cartel. Eles entregaram provas da atua\u00e7\u00e3o do grupo para fraudar licita\u00e7\u00f5es da Companhia Paulista de Trens Metropolitanos (CPTM) e dos Metr\u00f4s de S\u00e3o Paulo e de Bras\u00edlia.<\/span><\/p>\n<p class=\"MsoNormal\" style=\"margin-bottom: .0001pt; line-height: normal;\"><span style=\"font-family: \" color:=\"color:\" black;=\"black;\" mso-themecolor:=\"mso-themecolor:\" text1;\"=\"text1;\"\">Nas 1.073 p\u00e1ginas do inqu\u00e9rito do Cade h\u00e1 cita\u00e7\u00f5es a obras e licita\u00e7\u00f5es em outras capitais &#8211; Goi\u00e2nia, Rio, Recife, Belo Horizonte, Fortaleza e Salvador &#8211; e tamb\u00e9m no Chile, em Santiago. Em trocas de e-mails, os executivos da empresa exp\u00f5em an\u00e1lises de mercado ou seus planos para fornecer equipamentos em futuros contratos. Mas, ao contr\u00e1rios das seis licita\u00e7\u00f5es em S\u00e3o Paulo e no DF, n\u00e3o revelam provas contundentes da atua\u00e7\u00e3o do cartel ou ind\u00edcios de pagamento de propina.<\/span><\/p>\n<p class=\"MsoNormal\" style=\"margin-bottom: .0001pt; line-height: normal;\"><strong><span style=\"font-family: \" color:=\"color:\" black;=\"black;\" mso-themecolor:=\"mso-themecolor:\" text1;\"=\"text1;\"\">Inqu\u00e9ritos<\/span><\/strong><\/p>\n<p class=\"MsoNormal\" style=\"margin-bottom: .0001pt; line-height: normal;\"><span style=\"font-family: \" color:=\"color:\" black;=\"black;\" mso-themecolor:=\"mso-themecolor:\" text1;\"=\"text1;\"\">Na Justi\u00e7a estadual h\u00e1 45 inqu\u00e9ritos que apuram suposta improbidade administrativa dos envolvidos e um inqu\u00e9rito criminal para investigar pr\u00e1tica de cartel Assim como o MPF, o Minist\u00e9rio P\u00fablico Estadual (MPE) tamb\u00e9m assinou o acordo de leni\u00eancia com a Siemens e o Cade. Mas nenhum deles teve acesso ao material apreendido na opera\u00e7\u00e3o de busca e apreens\u00e3o realizada em 4 de julho. Por isso, Karen pediu \u00e0 Justi\u00e7a que lhe garanta acesso aos dados.<\/span><\/p>\n<p class=\"MsoNormal\" style=\"margin-bottom: .0001pt; line-height: normal;\"><span style=\"font-family: \" color:=\"color:\" black;=\"black;\" mso-themecolor:=\"mso-themecolor:\" text1;\"=\"text1;\"\">A procuradora n\u00e3o v\u00ea a\u00e7\u00e3o pol\u00edtica do Cade no caso, como acusa o PSDB. &#8220;Eu n\u00e3o entendo (a demora do Cade) como uma tentativa de dificultar a obten\u00e7\u00e3o das provas. \u00c9 uma quest\u00e3o conceitual O Cade entende que o acesso deve ser pelo Judici\u00e1rio, n\u00f3s entendemos que n\u00e3o por conta de termos sido parte do acordo de leni\u00eancia.&#8221; E emendou: &#8220;N\u00e3o estamos tentando abrir caminho para nenhum tipo de benef\u00edcio para o Estado de S\u00e3o Paulo ou qualquer governo. Nosso pedido \u00e9 para que possamos exercer nossa atribui\u00e7\u00e3o, pura e simplesmente. S\u00e3o Paulo \u00e9 investigado, nas autoridades s\u00e3o investiga-1as, e acredito que a\u00ed existe uma diferen\u00e7a conceituai&#8221; Para ela, a dificuldade no acesso \u00e0s provas atrasa apura\u00e7\u00e3o.<\/span><\/p>\n<p class=\"MsoNormal\" style=\"margin-bottom: .0001pt; line-height: normal;\"><span style=\"font-family: \" color:=\"color:\" black;=\"black;\" mso-themecolor:=\"mso-themecolor:\" text1;\"=\"text1;\"\"> <\/span><\/p>\n<p class=\"MsoNormal\" style=\"margin-bottom: .0001pt; line-height: normal;\"><span style=\"font-family: \" color:=\"color:\" black;=\"black;\" mso-themecolor:=\"mso-themecolor:\" text1;\"=\"text1;\"\">________________________________________________<\/span><\/p>\n<p class=\"MsoNormal\" style=\"margin-bottom: .0001pt; line-height: normal;\"><span style=\"font-family: \" color:=\"color:\" black;=\"black;\" mso-themecolor:=\"mso-themecolor:\" text1;\"=\"text1;\"\"> <\/span><\/p>\n<p class=\"MsoNormal\" style=\"margin-bottom: .0001pt; line-height: normal;\"><strong><span style=\"font-family: \" color:=\"color:\" black;=\"black;\" mso-themecolor:=\"mso-themecolor:\" text1;\"=\"text1;\"\">Companhias a\u00e9reas ter\u00e3o ajuda federal<\/span><\/strong><\/p>\n<p class=\"MsoNormal\" style=\"margin-bottom: .0001pt; line-height: normal;\"><em><span style=\"font-family: \" color:=\"color:\" black;=\"black;\" mso-themecolor:=\"mso-themecolor:\" text1;\"=\"text1;\"\">Correio Braziliense<\/span><\/em><\/p>\n<p class=\"MsoNormal\" style=\"margin-bottom: .0001pt; line-height: normal;\"><span style=\"font-family: \" color:=\"color:\" black;=\"black;\" mso-themecolor:=\"mso-themecolor:\" text1;\"=\"text1;\"\"> <\/span><\/p>\n<p class=\"MsoNormal\" style=\"margin-bottom: .0001pt; line-height: normal;\"><span style=\"font-family: \" color:=\"color:\" black;=\"black;\" mso-themecolor:=\"mso-themecolor:\" text1;\"=\"text1;\"\">O governo vai socorrer as maiores companhias a\u00e9reas do pa\u00eds \u2014 Gol, TAM, Azul e Avianca \u2014, que enfrentam graves turbul\u00eancias financeiras em raz\u00e3o da disparada dos custos, sobretudo do querosene de avia\u00e7\u00e3o, na esteira do d\u00f3lar mais caro. Entre as medidas sob avalia\u00e7\u00e3o da Secretaria de Avia\u00e7\u00e3o Civil (SAC) est\u00e1 o repasse de recursos do Banco Nacional de Desenvolvimento Econ\u00f4mico e Social (BNDES). A ajuda tem como principal objetivo evitar uma onda de demiss\u00f5es no setor. S\u00f3 a TAM j\u00e1 anunciou a dispensa de at\u00e9 1 mil profissionais nos pr\u00f3ximos meses.<\/span><\/p>\n<p class=\"MsoNormal\" style=\"margin-bottom: .0001pt; line-height: normal;\"><span style=\"font-family: \" color:=\"color:\" black;=\"black;\" mso-themecolor:=\"mso-themecolor:\" text1;\"=\"text1;\"\">O ministro da SAC, Wellington Moreira Franco, informou ontem que se reunir\u00e1 na pr\u00f3xima ter\u00e7a-feira, em Bras\u00edlia, com os representantes das empresas para discutir a situa\u00e7\u00e3o de caixa delas. \u201cN\u00e3o adianta ter infraestrutura de alta qualidade se n\u00e3o tivermos companhias a\u00e9reas saud\u00e1veis\u201d, ponderou ele, durante palestra na capital paulista. No evento, ele ressaltou que os aeroportos do pa\u00eds est\u00e3o aptos a atender a demanda durante a Copa do Mundo de 2014 e as Olimp\u00edadas de 2016.<\/span><\/p>\n<p class=\"MsoNormal\" style=\"margin-bottom: .0001pt; line-height: normal;\"><span style=\"font-family: \" color:=\"color:\" black;=\"black;\" mso-themecolor:=\"mso-themecolor:\" text1;\"=\"text1;\"\">As l\u00edderes do setor, Gol e TAM, intensificaram nas \u00faltimas semanas a redu\u00e7\u00e3o da oferta de voos e anunciaram demiss\u00f5es para conter os sucessivos preju\u00edzos trimestrais. A expectativa do mercado \u00e9 de que ambas voltem a apresentar perdas expressivas nos balan\u00e7os do segundo trimestre. Em 2012, elas tiveram juntas preju\u00edzo de R$ 2,7 bilh\u00f5es, uma alta de 148,6% sobre os resultados negativos do ano anterior (R$ 1,1 bilh\u00e3o).<\/span><\/p>\n<p class=\"MsoNormal\" style=\"margin-bottom: .0001pt; line-height: normal;\"><span style=\"font-family: \" color:=\"color:\" black;=\"black;\" mso-themecolor:=\"mso-themecolor:\" text1;\"=\"text1;\"\">Depois de duros ajustes, a Gol reduziu as perdas para R$ 75,3 milh\u00f5es no primeiro trimestre deste ano. A Latam, holding da TAM e da Lan, por sua vez, apresentou, no per\u00edodo, lucro de R$ 88 milh\u00f5es. Apesar de positivo, o desempenho caiu 49% sobre igual per\u00edodo do ano passado, em raz\u00e3o da valoriza\u00e7\u00e3o do d\u00f3lar. Moreira Franco n\u00e3o detalhou os temas que vai discutir com os executivos, mas disse que pretende ouvir deles um diagn\u00f3stico detalhado do quadro financeiro das empresas e recolher sugest\u00f5es para amenizar a crise.<\/span><\/p>\n<p class=\"MsoNormal\" style=\"margin-bottom: .0001pt; line-height: normal;\"><span style=\"font-family: \" color:=\"color:\" black;=\"black;\" mso-themecolor:=\"mso-themecolor:\" text1;\"=\"text1;\"\">O ministro destacou, na exposi\u00e7\u00e3o, que o d\u00f3lar \u00e9 o principal risco para as \u00e1reas em todo o mundo, pois o c\u00e2mbio interfere n\u00e3o s\u00f3 nos pre\u00e7os dos combust\u00edveis, mas no custo de outros itens importantes, como o pr\u00f3prio pagamento pelas aeronaves. Para enfrentar essa realidade, as companhias, representadas pela associa\u00e7\u00e3o do setor, a Abear, t\u00eam defendido, entre outras medidas, unifica\u00e7\u00e3o do imposto estadual (ICMS).<\/span><\/p>\n<p class=\"MsoNormal\" style=\"margin-bottom: .0001pt; line-height: normal;\"><span style=\"font-family: \" color:=\"color:\" black;=\"black;\" mso-themecolor:=\"mso-themecolor:\" text1;\"=\"text1;\"\">Desde que tomou posse, no come\u00e7o do ano, Moreira Franco tem acenado com ajuda \u00e0s empresas, inclusive via BNDES, argumentando que a avia\u00e7\u00e3o civil sempre precisou de apoio do governo. Mas, para especialistas ouvidos pelo Correio, a solu\u00e7\u00e3o esperada pelas companhias \u00e1reas envolve a desonera\u00e7\u00e3o radical do querosene, considerando que recursos de longo prazo n\u00e3o teriam efeito, e incentivos j\u00e1 foram dados, como a desonera\u00e7\u00e3o da folha de pagamento.<\/span><\/p>\n<p>\u00a0<\/p>\n<p class=\"MsoNormal\" style=\"margin-bottom: .0001pt; line-height: normal;\"><span style=\"font-family: \" color:=\"color:\" black;=\"black;\" mso-themecolor:=\"mso-themecolor:\" text1;\"=\"text1;\"\">Para o tributarista Jorge Henrique Zaninetti, s\u00f3cio do escrit\u00f3rio Siqueira Castro Advogados, n\u00e3o h\u00e1 alternativa de est\u00edmulo \u00e0 avia\u00e7\u00e3o civil sem mexer na carga tribut\u00e1ria sobre os combust\u00edveis. \u201cEnquanto na maioria dos pa\u00edses h\u00e1 grande isen\u00e7\u00e3o sobre as empresas a\u00e9reas, o Brasil \u00e9 um dos que mais tributa. Para piorar, 40% dos custos do servi\u00e7o est\u00e3o baseados no querosene\u201d, observou. Ele defende redu\u00e7\u00e3o do ICMS e retirada da Cide, um tributo federal. <\/span><\/p>\n","protected":false},"excerpt":{"rendered":"\nValor Econ\u00f4mico\n \nAs vendas do com\u00e9rcio no fim de semana dos Dias dos Pais (9 a 11 de agosto) tiveram um aumento de 3,4% na compara\u00e7\u00e3o com a data comemorativa no ano passado (10 a 12 de agosto), segundo o Indicador Serasa Experian de Atividade do Com\u00e9rcio. A varia\u00e7\u00e3o foi a mais baixa dos \u00faltimos tr\u00eas anos, segundo a entidade. O mesmo ocorreu com as vendas na semana completa que antecedeu o Dia dos Pais (5 a 11 de agosto): alta de 3,3% em rela\u00e7\u00e3o ao ano passado, tamb\u00e9m a menor varia\u00e7\u00e3o em tr\u00eas anos. \n<a class=\"moretag\" href=\"https:\/\/pcb.org.br\/portal2\/5226\"> <\/a>","protected":false},"author":1,"featured_media":0,"comment_status":"open","ping_status":"open","sticky":false,"template":"","format":"standard","meta":{"jetpack_post_was_ever_published":false,"_jetpack_newsletter_access":"","_jetpack_dont_email_post_to_subs":false,"_jetpack_newsletter_tier_id":0,"_jetpack_memberships_contains_paywalled_content":false,"_jetpack_memberships_contains_paid_content":false,"footnotes":"","jetpack_publicize_message":"","jetpack_publicize_feature_enabled":true,"jetpack_social_post_already_shared":false,"jetpack_social_options":{"image_generator_settings":{"template":"highway","default_image_id":0,"font":"","enabled":false},"version":2}},"categories":[106],"tags":[],"class_list":["post-5226","post","type-post","status-publish","format-standard","hentry","category-c119-olhovivo"],"jetpack_publicize_connections":[],"jetpack_featured_media_url":"","jetpack_shortlink":"https:\/\/wp.me\/p659gw-1mi","jetpack-related-posts":[],"jetpack_likes_enabled":true,"jetpack_sharing_enabled":true,"_links":{"self":[{"href":"https:\/\/pcb.org.br\/portal2\/wp-json\/wp\/v2\/posts\/5226","targetHints":{"allow":["GET"]}}],"collection":[{"href":"https:\/\/pcb.org.br\/portal2\/wp-json\/wp\/v2\/posts"}],"about":[{"href":"https:\/\/pcb.org.br\/portal2\/wp-json\/wp\/v2\/types\/post"}],"author":[{"embeddable":true,"href":"https:\/\/pcb.org.br\/portal2\/wp-json\/wp\/v2\/users\/1"}],"replies":[{"embeddable":true,"href":"https:\/\/pcb.org.br\/portal2\/wp-json\/wp\/v2\/comments?post=5226"}],"version-history":[{"count":0,"href":"https:\/\/pcb.org.br\/portal2\/wp-json\/wp\/v2\/posts\/5226\/revisions"}],"wp:attachment":[{"href":"https:\/\/pcb.org.br\/portal2\/wp-json\/wp\/v2\/media?parent=5226"}],"wp:term":[{"taxonomy":"category","embeddable":true,"href":"https:\/\/pcb.org.br\/portal2\/wp-json\/wp\/v2\/categories?post=5226"},{"taxonomy":"post_tag","embeddable":true,"href":"https:\/\/pcb.org.br\/portal2\/wp-json\/wp\/v2\/tags?post=5226"}],"curies":[{"name":"wp","href":"https:\/\/api.w.org\/{rel}","templated":true}]}}