{"id":5229,"date":"2013-08-14T16:48:19","date_gmt":"2013-08-14T16:48:19","guid":{"rendered":"http:\/\/pcb.org.br\/portal2\/?p=5229"},"modified":"2013-08-14T16:48:19","modified_gmt":"2013-08-14T16:48:19","slug":"terceirizados-levam-calote-na-esplanada","status":"publish","type":"post","link":"https:\/\/pcb.org.br\/portal2\/5229","title":{"rendered":"\u2018Terceirizados levam calote na Esplanada\u2019"},"content":{"rendered":"\n<p>Vamos \u00e0 trecho da mat\u00e9ria:<\/p>\n<p><em style=\"line-height: 1.3em;\">\u201cO governo federal sentiu na pele a precariedade do trabalho terceirizado no pa\u00eds ao levar um calote de duas empresas prestadoras de servi\u00e7os nos minist\u00e9rios da Fazenda, da Justi\u00e7a e da Integra\u00e7\u00e3o e tamb\u00e9m no Banco do Brasil. As empresas Adminas Administra\u00e7\u00e3o, com sede em Belo Horizonte, e a Delta Loca\u00e7\u00e3o de Servi\u00e7os e Empreendimentos, baseada em Lauro de Freitas (BA), receberam os recursos para honrar os sal\u00e1rios de seus funcion\u00e1rios, mas deixaram centenas de trabalhadores de m\u00e3os abanando.\u201d<\/em><\/p>\n<p>Ao governo, \u201cusu\u00e1rio\u201d frequente das terceiriza\u00e7\u00f5es, n\u00e3o interessa preservar ou defender os direitos dos trabalhadores \u2013 como j\u00e1 demonstrado, ali\u00e1s, pelo famigerado projeto de Acordo Coletivo Especial. E o que dizem as Centrais e os Sindicatos que apoiam o governo? Ser\u00e1 que os pelegos abrir\u00e3o o bico contra o absurdo que s\u00e3o as terceiriza\u00e7\u00f5es praticadas na Esplanada?<\/p>\n","protected":false},"excerpt":{"rendered":"\nO t\u00edtulo acima, de mat\u00e9ria do Correio Braziliense, \u00e9 mais um exemplo de que a luta contra a terceiriza\u00e7\u00e3o deve ser estendida a todos os setores, e n\u00e3o apenas para os trabalhadores do setor privado, como defendem, de forma oportunista, lideran\u00e7as pelegas de setores do movimento sindical, submissas ao Pal\u00e1cio do Planalto. No Olhar Comunista dessa quarta.\n<a class=\"moretag\" href=\"https:\/\/pcb.org.br\/portal2\/5229\"> <\/a>","protected":false},"author":1,"featured_media":0,"comment_status":"open","ping_status":"open","sticky":false,"template":"","format":"standard","meta":{"jetpack_post_was_ever_published":false,"_jetpack_newsletter_access":"","_jetpack_dont_email_post_to_subs":false,"_jetpack_newsletter_tier_id":0,"_jetpack_memberships_contains_paywalled_content":false,"_jetpack_memberships_contains_paid_content":false,"footnotes":"","jetpack_publicize_message":"","jetpack_publicize_feature_enabled":true,"jetpack_social_post_already_shared":false,"jetpack_social_options":{"image_generator_settings":{"template":"highway","default_image_id":0,"font":"","enabled":false},"version":2}},"categories":[100],"tags":[],"class_list":["post-5229","post","type-post","status-publish","format-standard","hentry","category-c113-a-semana-no-olhar-comunista"],"jetpack_publicize_connections":[],"jetpack_featured_media_url":"","jetpack_shortlink":"https:\/\/wp.me\/p659gw-1ml","jetpack-related-posts":[],"jetpack_likes_enabled":true,"jetpack_sharing_enabled":true,"_links":{"self":[{"href":"https:\/\/pcb.org.br\/portal2\/wp-json\/wp\/v2\/posts\/5229","targetHints":{"allow":["GET"]}}],"collection":[{"href":"https:\/\/pcb.org.br\/portal2\/wp-json\/wp\/v2\/posts"}],"about":[{"href":"https:\/\/pcb.org.br\/portal2\/wp-json\/wp\/v2\/types\/post"}],"author":[{"embeddable":true,"href":"https:\/\/pcb.org.br\/portal2\/wp-json\/wp\/v2\/users\/1"}],"replies":[{"embeddable":true,"href":"https:\/\/pcb.org.br\/portal2\/wp-json\/wp\/v2\/comments?post=5229"}],"version-history":[{"count":0,"href":"https:\/\/pcb.org.br\/portal2\/wp-json\/wp\/v2\/posts\/5229\/revisions"}],"wp:attachment":[{"href":"https:\/\/pcb.org.br\/portal2\/wp-json\/wp\/v2\/media?parent=5229"}],"wp:term":[{"taxonomy":"category","embeddable":true,"href":"https:\/\/pcb.org.br\/portal2\/wp-json\/wp\/v2\/categories?post=5229"},{"taxonomy":"post_tag","embeddable":true,"href":"https:\/\/pcb.org.br\/portal2\/wp-json\/wp\/v2\/tags?post=5229"}],"curies":[{"name":"wp","href":"https:\/\/api.w.org\/{rel}","templated":true}]}}