{"id":5274,"date":"2013-08-23T16:36:37","date_gmt":"2013-08-23T16:36:37","guid":{"rendered":"http:\/\/pcb.org.br\/portal2\/?p=5274"},"modified":"2013-08-23T16:36:37","modified_gmt":"2013-08-23T16:36:37","slug":"bc-fara-leiloes-diarios-para-injetar-mais-us-60-bi","status":"publish","type":"post","link":"https:\/\/pcb.org.br\/portal2\/5274","title":{"rendered":"BC far\u00e1 leil\u00f5es di\u00e1rios para injetar mais US$ 60 bi"},"content":{"rendered":"\n<p>\u00a0<\/p>\n<p class=\"MsoNormal\" style=\"margin-bottom: .0001pt;\"><span style=\"font-family: \" color:=\"color:\" black;=\"black;\" mso-themecolor:=\"mso-themecolor:\" text1;\"=\"text1;\"\">O objetivo \u00e9 fornecer um caminho &#8220;cristalino&#8221; ao mercado, como explicou ao Estado uma fonte da equipe econ\u00f4mica do governo, tranq\u00fcilizando investidores e empresas sobre como o BC vai atuar. O BC informou que vai oferecer leil\u00f5es todos os dias da semana at\u00e9 31 de dezembro deste ano.<\/span><\/p>\n<p class=\"MsoNormal\" style=\"margin-bottom: .0001pt;\"><span style=\"font-family: \" color:=\"color:\" black;=\"black;\" mso-themecolor:=\"mso-themecolor:\" text1;\"=\"text1;\"\">Esse caminho, chamado tecnicamente de &#8220;guidance&#8221; ao cercado J\u00e1 foi adotado em outras oportunidades, quando a opera\u00e7\u00e3o foi apelidada de &#8220;ra\u00e7\u00e3o di\u00e1ria ao aercado&#8221;. Desta vez, no entanto, o volume \u00e9 ainda maior.<\/span><\/p>\n<p class=\"MsoNormal\" style=\"margin-bottom: .0001pt;\"><span style=\"font-family: \" color:=\"color:\" black;=\"black;\" mso-themecolor:=\"mso-themecolor:\" text1;\"=\"text1;\"\">Os leil\u00f5es de contratos de swap ocorrer\u00e3o todos os dias, no mesmo hor\u00e1rio. De segunda a quinta-feira, o BC vai ofertar US$ 500 milh\u00f5es por dia. \u00c0s sextas-feiras, a autoridade monet\u00e1ria far\u00e1 um leil\u00e3o de venda, com compromisso de recompra, de uma linha de cr\u00e9dito de US$ 1 milh\u00e3o. Em nota divulgada ontem, o BC avisa que &#8220;se julgar Apropriado&#8221;, &#8220;realizar\u00e1 opera\u00e7\u00f5es adicionais.<\/span><\/p>\n<p class=\"MsoNormal\" style=\"margin-bottom: .0001pt;\"><span style=\"font-family: \" color:=\"color:\" black;=\"black;\" mso-themecolor:=\"mso-themecolor:\" text1;\"=\"text1;\"\">Sinal verde &#8211; O objetivo do governo \u00e9 conter a sangria que abateu o mercado de c\u00e2mbio brasileiro nas \u00faltimas semanas. A opera\u00e7\u00e3o do BC foi desenhada nesta semana, e recebeu o sinal verde da presidente Dilma Rousseff na quarta-feira. Ap\u00f3s sucessivos dias de estresse, onde o d\u00f3lar chegou a ser cotado a R$ 2,45, a presidente convocou os principais agentes da equipe econ\u00f4mica para encontrar uma forma de &#8220;suavizar&#8221; esses movimentos, considerados bruscos pelo Planalto.<\/span><\/p>\n<p class=\"MsoNormal\" style=\"margin-bottom: .0001pt;\"><span style=\"font-family: \" color:=\"color:\" black;=\"black;\" mso-themecolor:=\"mso-themecolor:\" text1;\"=\"text1;\"\">Na vis\u00e3o do governo, a atua\u00e7\u00e3o deve ser &#8220;pontual, objetiva e determinante&#8221;, como afirmou uma fonte graduada da equipe econ\u00f4mica, que participou de um dos encontros com a presidente na quarta-feira. A ideia de ofertar contratos de &#8220;swap cambial&#8221; em grande volume se encaixa neste perfil o salto na cota\u00e7\u00e3o do d\u00f3lar n\u00e3o ocorre por conta de sa\u00eddas efetivas da moeda, mas no mercado futuro, onde esses pap\u00e9is s\u00e3o negociados.<\/span><\/p>\n<p class=\"MsoNormal\" style=\"margin-bottom: .0001pt;\"><strong><span style=\"font-family: \" color:=\"color:\" black;=\"black;\" mso-themecolor:=\"mso-themecolor:\" text1;\"=\"text1;\"\">Cen\u00e1rio<\/span><\/strong><\/p>\n<p class=\"MsoNormal\" style=\"margin-bottom: .0001pt;\"><span style=\"font-family: \" color:=\"color:\" black;=\"black;\" mso-themecolor:=\"mso-themecolor:\" text1;\"=\"text1;\"\">O sinal de alerta foi ligado em Bras\u00edlia porque, em uma mesma semana, o d\u00f3lar continuou a disparar, ao mesmo tempo em que se configurou inevit\u00e1vel a concess\u00e3o de um reajuste no pre\u00e7o da gasolina e no \u00f3leo diesel, de forma a reduzir a press\u00e3o sobre a Petrobr\u00e1s. No meio do caminho, o governo divulgou o dado mais fraco de gera\u00e7\u00e3o de vagas formais para meses de julho.<\/span><\/p>\n<p class=\"MsoNormal\" style=\"margin-bottom: .0001pt;\"><span style=\"font-family: \" color:=\"color:\" black;=\"black;\" mso-themecolor:=\"mso-themecolor:\" text1;\"=\"text1;\"\">Ontem, em entrevista \u00e0 Rede Globo, o ministro da Fazenda, Guido Mantega, reduziu mais uma vez a estimativa oficial de avan\u00e7o do Produto Interno Bruto (PIB) neste ano &#8211; de 3% para 2,5%. Sobre o estresse na taxa de cambio, Mantega disse que a alta &#8220;excessiva&#8221; \u00e9 &#8220;passageira&#8221;.<\/span><\/p>\n<p class=\"MsoNormal\" style=\"margin-bottom: .0001pt;\"><span style=\"font-family: \" color:=\"color:\" black;=\"black;\" mso-themecolor:=\"mso-themecolor:\" text1;\"=\"text1;\"\">&#8220;Mas acho que depois da turbul\u00eancia do Fed, ela volta para patamares menores&#8221;. <\/span><\/p>\n<p class=\"MsoNormal\" style=\"margin-bottom: .0001pt;\"><strong><span style=\"font-family: \" color:=\"color:\" black;=\"black;\" mso-themecolor:=\"mso-themecolor:\" text1;\"=\"text1;\"\">EUA<\/span><\/strong><\/p>\n<p class=\"MsoNormal\" style=\"margin-bottom: .0001pt;\"><span style=\"font-family: \" color:=\"color:\" black;=\"black;\" mso-themecolor:=\"mso-themecolor:\" text1;\"=\"text1;\"\">A mar\u00e9 de alta na cotac\u00e3o do d\u00f3lar come\u00e7ou depois que o Federal Reserve (Fed, o banco central americano) sinalizou que, ap\u00f3s anos estimulando a economia dos EUA, deve come\u00e7ar a tirar o p\u00e9 do acelerador.<\/span><\/p>\n<p class=\"MsoNormal\" style=\"margin-bottom: .0001pt;\"><span style=\"font-family: \" color:=\"color:\" black;=\"black;\" mso-themecolor:=\"mso-themecolor:\" text1;\"=\"text1;\"\">Imediatamente, o mercado passou a antecipar esta mudan\u00e7a de cen\u00e1rio, e as moedas de pa\u00edses emergentes foram as mais atingidas.<\/span><\/p>\n<p class=\"MsoNormal\" style=\"margin-bottom: .0001pt;\"><span style=\"font-family: \" color:=\"color:\" black;=\"black;\" mso-themecolor:=\"mso-themecolor:\" text1;\"=\"text1;\"\"> <\/span><\/p>\n<p class=\"MsoNormal\" style=\"margin-bottom: .0001pt;\"><span style=\"font-family: \" color:=\"color:\" black;=\"black;\" mso-themecolor:=\"mso-themecolor:\" text1;\"=\"text1;\"\">________________________________________________<\/span><\/p>\n<p class=\"MsoNormal\" style=\"margin-bottom: .0001pt;\"><span style=\"font-family: \" color:=\"color:\" black;=\"black;\" mso-themecolor:=\"mso-themecolor:\" text1;\"=\"text1;\"\"> <\/span><\/p>\n<p class=\"MsoNormal\" style=\"margin-bottom: .0001pt;\"><strong><span style=\"font-family: \" color:=\"color:\" black;=\"black;\" mso-themecolor:=\"mso-themecolor:\" text1;\"=\"text1;\"\">Belo Monte deve casa a mais de 7 mil fam\u00edlias<\/span><\/strong><\/p>\n<p class=\"MsoNormal\" style=\"margin-bottom: .0001pt;\"><em><span style=\"font-family: \" color:=\"color:\" black;=\"black;\" mso-themecolor:=\"mso-themecolor:\" text1;\"=\"text1;\"\">Valor Econ\u00f4mico<\/span><\/em><\/p>\n<p class=\"MsoNormal\" style=\"margin-bottom: .0001pt;\"><span style=\"font-family: \" color:=\"color:\" black;=\"black;\" mso-themecolor:=\"mso-themecolor:\" text1;\"=\"text1;\"\"> <\/span><\/p>\n<p class=\"MsoNormal\" style=\"margin-bottom: .0001pt;\"><span style=\"font-family: \" color:=\"color:\" black;=\"black;\" mso-themecolor:=\"mso-themecolor:\" text1;\"=\"text1;\"\">O atraso no cumprimento de obras compensat\u00f3rias atreladas \u00e0 constru\u00e7\u00e3o da hidrel\u00e9trica de Belo Monte levou o cons\u00f3rcio Norte Energia, que \u00e9 o dono da usina, a fazer algumas mudan\u00e7as de planos, com o prop\u00f3sito de n\u00e3o comprometer o cronograma do empreendimento. Essas mudan\u00e7as mexeram em uma das \u00e1reas mais sens\u00edveis de todo o empreendimento: o reassentamento das milhares de fam\u00edlias que ter\u00e3o as suas casas atingidas pela barragem da hidrel\u00e9trica, que est\u00e1 sendo erguida nas \u00e1guas do rio Xingu, na regi\u00e3o de Altamira, no Par\u00e1.<\/span><\/p>\n<p class=\"MsoNormal\" style=\"margin-bottom: .0001pt;\"><span style=\"font-family: \" color:=\"color:\" black;=\"black;\" mso-themecolor:=\"mso-themecolor:\" text1;\"=\"text1;\"\">O cronograma da Norte Energia prev\u00ea que mais de 7 mil fam\u00edlias devem ser remanejadas de suas casas at\u00e9 julho do ano que vem, quando est\u00e1 prevista a etapa de enchimento do lago da usina. Isso significa fazer a mudan\u00e7a de aproximadamente 20 mil pessoas no prazo de onze meses. Dessas 7 mil fam\u00edlias, 4,1 mil optaram por morar nas vilas que ser\u00e3o constru\u00eddas pela Norte Energia. Outras 3 mil dever\u00e3o receber indeniza\u00e7\u00f5es ou cartas de cr\u00e9dito para aquisi\u00e7\u00e3o de outro im\u00f3vel. Para acelerar a constru\u00e7\u00e3o, a Norte Energia alterou o material que ser\u00e1 usado nas casas. Em vez da alvenaria tradicional, como estava previsto, as casas come\u00e7aram a ser erguidas com uma estrutura de concreto moldado. O material faz com que a casa fique 20% mais cara que o modelo originalmente previsto, mas \u00e9 mais f\u00e1cil e r\u00e1pido de trabalhar.<\/span><\/p>\n<p class=\"MsoNormal\" style=\"margin-bottom: .0001pt;\"><span style=\"font-family: \" color:=\"color:\" black;=\"black;\" mso-themecolor:=\"mso-themecolor:\" text1;\"=\"text1;\"\">Os donos de Belo Monte tamb\u00e9m decidiram reduzir o tamanho das casas que haviam prometido. No ano passado, a Norte Energia divulgou panfletos em Altamira, com detalhes sobre as novas resid\u00eancias, as quais teriam modelos de 60, 69 e 78 metros quadrados, com dois ou tr\u00eas dormit\u00f3rios. Agora, decidiu-se que todas ter\u00e3o 63 metros, com tr\u00eas dormit\u00f3rios. O terreno de 300 metros quadrados em cada casa foi preservado.<\/span><\/p>\n<p class=\"MsoNormal\" style=\"margin-bottom: .0001pt;\"><span style=\"font-family: \" color:=\"color:\" black;=\"black;\" mso-themecolor:=\"mso-themecolor:\" text1;\"=\"text1;\"\">Segundo levantamento feito pela Norte Energia, 54% das casas que ter\u00e3o de ser desocupadas t\u00eam at\u00e9 60 metros quadrados de \u00e1rea de constru\u00edda. Outros 23% tem entre 60 metros e 100 metros e os demais 27% tem \u00e1rea superior a 100 metros.<\/span><\/p>\n<p class=\"MsoNormal\" style=\"margin-bottom: .0001pt;\"><span style=\"font-family: \" color:=\"color:\" black;=\"black;\" mso-themecolor:=\"mso-themecolor:\" text1;\"=\"text1;\"\">As mudan\u00e7as, reconhece o diretor de engenharia e constru\u00e7\u00e3o da Norte Energia, Ant\u00f4nio Kelson, t\u00eam o prop\u00f3sito de acelerar a constru\u00e7\u00e3o das casas, mas ele afirma que a decis\u00e3o foi tomada, principalmente, porque o cons\u00f3rcio teve a inten\u00e7\u00e3o de entregar uma estrutura de melhor qualidade para a popula\u00e7\u00e3o. &#8220;Foi uma decis\u00e3o do acionista dar uma moradia melhor&#8221;, diz Kelson.<\/span><\/p>\n<p class=\"MsoNormal\" style=\"margin-bottom: .0001pt;\"><span style=\"font-family: \" color:=\"color:\" black;=\"black;\" mso-themecolor:=\"mso-themecolor:\" text1;\"=\"text1;\"\">N\u00e3o \u00e9 o que diz o Movimento Xingu Vivo Para Sempre, organiza\u00e7\u00e3o n\u00e3o governamental que tem liderado manifesta\u00e7\u00f5es contra a constru\u00e7\u00e3o da usina. &#8220;A popula\u00e7\u00e3o est\u00e1 vendo seus direitos serem menosprezados e desrespeitados. Vimos as casas que j\u00e1 fizeram. Elas est\u00e3o rachando, porque foram mal feitas&#8221;, critica Antonia Melo, coordenadora do Xingu Vivo.<\/span><\/p>\n<p class=\"MsoNormal\" style=\"margin-bottom: .0001pt;\"><span style=\"font-family: \" color:=\"color:\" black;=\"black;\" mso-themecolor:=\"mso-themecolor:\" text1;\"=\"text1;\"\">A Norte Energia confirmou que ocorreram rachaduras na estrutura de uma das casas, mas atribuiu o problema a servi\u00e7os de pavimenta\u00e7\u00e3o realizados nas ruas, de frente para o im\u00f3vel, antes que a obra estivesse conclu\u00edda. &#8220;O concreto da casa ainda n\u00e3o estava pronto, por isso ocorreram fissuras&#8221;, diz Kelson.<\/span><\/p>\n<p class=\"MsoNormal\" style=\"margin-bottom: .0001pt;\"><span style=\"font-family: \" color:=\"color:\" black;=\"black;\" mso-themecolor:=\"mso-themecolor:\" text1;\"=\"text1;\"\">As 4,1 mil casas do reassentamento de Belo Monte ser\u00e3o erguidas em cinco \u00e1reas adquiridas pelo cons\u00f3rcio no entorno de Altamira. Em julho, as primeiras unidades come\u00e7aram a ser constru\u00eddas e a expectativa \u00e9 de que cerca de 400 unidades habitacionais sejam entregue por m\u00eas, at\u00e9 julho do ano que vem. O or\u00e7amento estimado para as a\u00e7\u00f5es de reassentamento \u00e9 de R$ 500 milh\u00f5es.<\/span><\/p>\n<p class=\"MsoNormal\" style=\"margin-bottom: .0001pt;\"><span style=\"font-family: \" color:=\"color:\" black;=\"black;\" mso-themecolor:=\"mso-themecolor:\" text1;\"=\"text1;\"\">O reassentamento das fam\u00edlias \u00e9 uma das a\u00e7\u00f5es compensat\u00f3rias mais atrasadas de Belo Monte. A previs\u00e3o original era de que o cons\u00f3rcio iniciasse a constru\u00e7\u00e3o das de casas ainda em 2011. A Norte Energia, no entanto, enfrentou uma s\u00e9rie de dificuldades para finalmente definir as \u00e1reas que ser\u00e3o adquiridas. A troca de comando na prefeitura neste ano tamb\u00e9m ajudou a retardar ainda mais o processo, por conta de revis\u00f5es no plano diretor da cidade.<\/span><\/p>\n<p class=\"MsoNormal\" style=\"margin-bottom: .0001pt;\"><span style=\"font-family: \" color:=\"color:\" black;=\"black;\" mso-themecolor:=\"mso-themecolor:\" text1;\"=\"text1;\"\">As mudan\u00e7as nas estruturas das casas ser\u00e3o analisadas pelo Minist\u00e9rio P\u00fablico Federal (MPF) em Altamira. &#8220;Estamos avaliando o que ser\u00e1 feito. Vamos checar tecnicamente a estrutura dessas casas. As pessoas est\u00e3o se sentindo enganadas, porque prometeram uma coisa para elas, mas est\u00e3o entregando outra&#8221;, diz Bruna Menezes Gomes da Silva, procuradora do MPF.<\/span><\/p>\n<p class=\"MsoNormal\" style=\"margin-bottom: .0001pt;\"><span style=\"font-family: \" color:=\"color:\" black;=\"black;\" mso-themecolor:=\"mso-themecolor:\" text1;\"=\"text1;\"\">Passados pouco mais de dois anos do in\u00edcio de sua constru\u00e7\u00e3o, Belo Monte chegou neste m\u00eas ao seu pico de obra, com um total de 28 mil trabalhadores circulando nos canteiros instalados ao longo do rio Xingu, em Altamira (PA). As obras civis atingem 30% de conclus\u00e3o. O in\u00edcio de opera\u00e7\u00f5es da usina, diz Ant\u00f4nio Kelson, segue &#8220;rigorosamente em dia&#8221;, com previs\u00e3o de ter a primeira turbina ligada em fevereiro de 2015, apesar de a usina j\u00e1 acumular um total de cinco meses de paralisa\u00e7\u00f5es parciais ou totais de seus canteiros de obra.<\/span><\/p>\n<p class=\"MsoNormal\" style=\"margin-bottom: .0001pt;\"><span style=\"font-family: \" color:=\"color:\" black;=\"black;\" mso-themecolor:=\"mso-themecolor:\" text1;\"=\"text1;\"\">Belo Monte ter\u00e1 capacidade instalada de 11.233 megawatts (MW), com gera\u00e7\u00e3o garantida de 4.571 (MW), suficiente para atender 18 milh\u00f5es de resid\u00eancias, quase 60 milh\u00f5es de pessoas.<\/span><\/p>\n<p class=\"MsoNormal\" style=\"margin-bottom: .0001pt;\"><span style=\"font-family: \" color:=\"color:\" black;=\"black;\" mso-themecolor:=\"mso-themecolor:\" text1;\"=\"text1;\"\"> <\/span><\/p>\n<p class=\"MsoNormal\" style=\"margin-bottom: .0001pt;\"><span style=\"font-family: \" color:=\"color:\" black;=\"black;\" mso-themecolor:=\"mso-themecolor:\" text1;\"=\"text1;\"\">________________________________________________<\/span><\/p>\n<p class=\"MsoNormal\" style=\"margin-bottom: .0001pt;\"><span style=\"font-family: \" color:=\"color:\" black;=\"black;\" mso-themecolor:=\"mso-themecolor:\" text1;\"=\"text1;\"\"> <\/span><\/p>\n<p class=\"MsoNormal\" style=\"margin-bottom: .0001pt;\"><strong><span style=\"font-family: \" color:=\"color:\" black;=\"black;\" mso-themecolor:=\"mso-themecolor:\" text1;\"=\"text1;\"\">Atividade da constru\u00e7\u00e3o civil segue em queda<\/span><\/strong><\/p>\n<p class=\"MsoNormal\" style=\"margin-bottom: .0001pt;\"><em><span style=\"font-family: \" color:=\"color:\" black;=\"black;\" mso-themecolor:=\"mso-themecolor:\" text1;\"=\"text1;\"\">Valor Econ\u00f4mico<\/span><\/em><\/p>\n<p class=\"MsoNormal\" style=\"margin-bottom: .0001pt;\"><span style=\"font-family: \" color:=\"color:\" black;=\"black;\" mso-themecolor:=\"mso-themecolor:\" text1;\"=\"text1;\"\"> <\/span><\/p>\n<p class=\"MsoNormal\" style=\"margin-bottom: .0001pt;\"><span style=\"font-family: \" color:=\"color:\" black;=\"black;\" mso-themecolor:=\"mso-themecolor:\" text1;\"=\"text1;\"\">Os empres\u00e1rios do setor de constru\u00e7\u00e3o civil precisam de &#8220;sinais de que as coisas est\u00e3o andando&#8221; de fato para reverter a queda do otimismo do setor, afirmou o gerente-executivo de Pesquisa e Competitividade da Confedera\u00e7\u00e3o Nacional da ind\u00fastria (CNI), Renato da Fonseca.<\/span><\/p>\n<p class=\"MsoNormal\" style=\"margin-bottom: .0001pt;\"><span style=\"font-family: \" color:=\"color:\" black;=\"black;\" mso-themecolor:=\"mso-themecolor:\" text1;\"=\"text1;\"\">Ontem, a Sondagem da Ind\u00fastria da Constru\u00e7\u00e3o de julho mostrou que o setor est\u00e1 reduzindo ininterruptamente a atividade desde janeiro de 2012. Al\u00e9m disso, desde junho de 2011 n\u00e3o h\u00e1 aumento da atividade sobre o m\u00eas anterior. Entre os dois per\u00edodos, houve momentos de estabilidade.<\/span><\/p>\n<p class=\"MsoNormal\" style=\"margin-bottom: .0001pt;\"><span style=\"font-family: \" color:=\"color:\" black;=\"black;\" mso-themecolor:=\"mso-themecolor:\" text1;\"=\"text1;\"\">A mesma pesquisa apontou ainda que a expectativa do n\u00edvel de atividade para os pr\u00f3ximos seis meses est\u00e1 no menor n\u00edvel hist\u00f3rico da pesquisa, iniciada em 2010. O indicador atingiu 53,7 pontos em agosto, batendo o recorde anterior, que era julho, com 54,6 pontos. Como o medidor ainda est\u00e1 acima de 50 pontos, ele continua indicando perspectiva de melhora na atividade, mas menor.<\/span><\/p>\n<p class=\"MsoNormal\" style=\"margin-bottom: .0001pt;\"><span style=\"font-family: \" color:=\"color:\" black;=\"black;\" mso-themecolor:=\"mso-themecolor:\" text1;\"=\"text1;\"\">Na opini\u00e3o de Fonseca, apenas os diversos an\u00fancios de concess\u00f5es repetidos pelo governo n\u00e3o bastam para contrabalan\u00e7ar a diminui\u00e7\u00e3o da atividade na constru\u00e7\u00e3o. Uma revers\u00e3o nessa espiral de queda do otimismo, diz, pode acontecer \u00e0 medida que as diversas obra de infraestrutura prometidas pelo governo &#8220;sejam efetivadas e as obras se iniciem&#8221;.<\/span><\/p>\n<p class=\"MsoNormal\" style=\"margin-bottom: .0001pt;\"><span style=\"font-family: \" color:=\"color:\" black;=\"black;\" mso-themecolor:=\"mso-themecolor:\" text1;\"=\"text1;\"\"> <\/span><\/p>\n<p class=\"MsoNormal\" style=\"margin-bottom: .0001pt;\"><span style=\"font-family: \" color:=\"color:\" black;=\"black;\" mso-themecolor:=\"mso-themecolor:\" text1;\"=\"text1;\"\">________________________________________________<\/span><\/p>\n<p class=\"MsoNormal\" style=\"margin-bottom: .0001pt;\"><span style=\"font-family: \" color:=\"color:\" black;=\"black;\" mso-themecolor:=\"mso-themecolor:\" text1;\"=\"text1;\"\"> <\/span><\/p>\n<p class=\"MsoNormal\" style=\"margin-bottom: .0001pt;\"><strong><span style=\"font-family: \" color:=\"color:\" black;=\"black;\" mso-themecolor:=\"mso-themecolor:\" text1;\"=\"text1;\"\">Cardozo quer di\u00e1logo com \u00edndios para reduzir conflitos<\/span><\/strong><\/p>\n<p class=\"MsoNormal\" style=\"margin-bottom: .0001pt;\"><em><span style=\"font-family: \" color:=\"color:\" black;=\"black;\" mso-themecolor:=\"mso-themecolor:\" text1;\"=\"text1;\"\">Valor Econ\u00f4mico<\/span><\/em><\/p>\n<p class=\"MsoNormal\" style=\"margin-bottom: .0001pt;\"><span style=\"font-family: \" color:=\"color:\" black;=\"black;\" mso-themecolor:=\"mso-themecolor:\" text1;\"=\"text1;\"\"> <\/span><\/p>\n<p class=\"MsoNormal\" style=\"margin-bottom: .0001pt;\"><span style=\"font-family: \" color:=\"color:\" black;=\"black;\" mso-themecolor:=\"mso-themecolor:\" text1;\"=\"text1;\"\">O ministro da Justi\u00e7a, Jos\u00e9 Eduardo Cardozo, foi incisivo, durante encontro com ind\u00edgenas ontem, ao afirmar que quer &#8220;conversar, dialogar e reduzir conflitos para garantir os direitos de demarca\u00e7\u00e3o&#8221; de terras e que \u00e9 contra qualquer uso da viol\u00eancia. &#8220;Venham de onde vierem [os atos violentos], a lei vai ser cumprida.&#8221;<\/span><\/p>\n<p class=\"MsoNormal\" style=\"margin-bottom: .0001pt;\"><span style=\"font-family: \" color:=\"color:\" black;=\"black;\" mso-themecolor:=\"mso-themecolor:\" text1;\"=\"text1;\"\">O ministro da Justi\u00e7a participou da instala\u00e7\u00e3o da mesa de di\u00e1logo com os povos ind\u00edgenas, em reuni\u00e3o do Comiss\u00e3o Nacional de Pol\u00edtica Indigenista (CNPI), da qual fazem parte 20 representantes ind\u00edgenas de diferentes regi\u00f5es do pa\u00eds. O ministro afirmou que considera a Proposta de Emenda Constitucional 215 (PEC 215) inconstitucional. A PEC transfere a compet\u00eancia das demarca\u00e7\u00f5es que hoje \u00e9 feita pela Funda\u00e7\u00e3o Nacional do \u00cdndio (Funai) para o Congresso Nacional.<\/span><\/p>\n<p class=\"MsoNormal\" style=\"margin-bottom: .0001pt;\"><span style=\"font-family: \" color:=\"color:\" black;=\"black;\" mso-themecolor:=\"mso-themecolor:\" text1;\"=\"text1;\"\">&#8220;No que depender de mim, essa PEC n\u00e3o ser\u00e1 aprovada, mas essa decis\u00e3o \u00e9 dos parlamentares&#8221;, frisou Cardozo. Os representantes ind\u00edgenas presentes na mesa de di\u00e1logo aplaudiram a posi\u00e7\u00e3o do ministro da Justi\u00e7a.<\/span><\/p>\n<p class=\"MsoNormal\" style=\"margin-bottom: .0001pt;\"><span style=\"font-family: \" color:=\"color:\" black;=\"black;\" mso-themecolor:=\"mso-themecolor:\" text1;\"=\"text1;\"\">&#8220;N\u00e3o d\u00e1 mais para empurrar com a barriga a quest\u00e3o ind\u00edgena&#8221;, disse o ministro. &#8220;Vamos sentar, vamos reduzir os conflitos, vamos acabar com qualquer tipo de viol\u00eancia. N\u00e3o matem a galinha dos ovos de ouro que \u00e9 essa mesa.&#8221;<\/span><\/p>\n<p class=\"MsoNormal\" style=\"margin-bottom: .0001pt;\"><span style=\"font-family: \" color:=\"color:\" black;=\"black;\" mso-themecolor:=\"mso-themecolor:\" text1;\"=\"text1;\"\">Os ministros Gilberto Carvalho (Secretaria Geral da Presid\u00eancia da Rep\u00fablica) e Izabella Teixeira (Meio Ambiente) tamb\u00e9m participaram do encontro, assim como representantes do Gabinete de Seguran\u00e7a Institucional, do Minist\u00e9rio do Planejamento e da Funai.<\/span><\/p>\n<p class=\"MsoNormal\" style=\"margin-bottom: .0001pt;\"><span style=\"font-family: \" color:=\"color:\" black;=\"black;\" mso-themecolor:=\"mso-themecolor:\" text1;\"=\"text1;\"\"> <\/span><\/p>\n<p class=\"MsoNormal\" style=\"margin-bottom: .0001pt;\"><span style=\"font-family: \" color:=\"color:\" black;=\"black;\" mso-themecolor:=\"mso-themecolor:\" text1;\"=\"text1;\"\">________________________________________________<\/span><\/p>\n<p class=\"MsoNormal\" style=\"margin-bottom: .0001pt;\"><span style=\"font-family: \" color:=\"color:\" black;=\"black;\" mso-themecolor:=\"mso-themecolor:\" text1;\"=\"text1;\"\"> <\/span><\/p>\n<p class=\"MsoNormal\" style=\"margin-bottom: .0001pt;\"><strong><span style=\"font-family: \" color:=\"color:\" black;=\"black;\" mso-themecolor:=\"mso-themecolor:\" text1;\"=\"text1;\"\">Gleisi vai \u00e0 China em busca de investimentos para ferrovias<\/span><\/strong><\/p>\n<p class=\"MsoNormal\" style=\"margin-bottom: .0001pt;\"><em><span style=\"font-family: \" color:=\"color:\" black;=\"black;\" mso-themecolor:=\"mso-themecolor:\" text1;\"=\"text1;\"\">Valor Econ\u00f4mico<\/span><\/em><\/p>\n<p class=\"MsoNormal\" style=\"margin-bottom: .0001pt;\"><span style=\"font-family: \" color:=\"color:\" black;=\"black;\" mso-themecolor:=\"mso-themecolor:\" text1;\"=\"text1;\"\"> <\/span><\/p>\n<p class=\"MsoNormal\" style=\"margin-bottom: .0001pt;\"><span style=\"font-family: \" color:=\"color:\" black;=\"black;\" mso-themecolor:=\"mso-themecolor:\" text1;\"=\"text1;\"\">A ministra-chefe da Casa Civil, Gleisi Hoffmann, viaja hoje para a China com a miss\u00e3o de atrair investimentos para o programa de concess\u00f5es de ferrovias. Durante audi\u00eancia no Pal\u00e1cio do Planalto, dia 16, o embaixador da China no Brasil, Li Jinzhang, convidou a ministra da Casa Civil a apresentar o Programa de Investimentos em Log\u00edstica ao governo chin\u00eas e demonstrou particular interesse nas concess\u00f5es de ferrovias. Gleisi deve retornar ao Brasil no dia 28.<\/span><\/p>\n<p class=\"MsoNormal\" style=\"margin-bottom: .0001pt;\"><span style=\"font-family: \" color:=\"color:\" black;=\"black;\" mso-themecolor:=\"mso-themecolor:\" text1;\"=\"text1;\"\">Segundo dados do governo, o Programa de Investimentos em Log\u00edstica prev\u00ea, para o setor ferrovi\u00e1rio, aportes de R$ 91,1 bilh\u00f5es na constru\u00e7\u00e3o, ou melhoria, de 10 mil quil\u00f4metros de linhas ao longo de 35 anos, sendo R$ 56 bilh\u00f5es durante os primeiros cinco anos. O objetivo \u00e9 que o pa\u00eds tenha uma rede ferrovi\u00e1ria ampla e integrada, que permita estabelecer cadeias de suprimentos competitivas. O governo pretende acionar os bancos p\u00fablicos para financiar as obras.<\/span><\/p>\n<p class=\"MsoNormal\" style=\"margin-bottom: .0001pt;\"><span style=\"font-family: \" color:=\"color:\" black;=\"black;\" mso-themecolor:=\"mso-themecolor:\" text1;\"=\"text1;\"\"> <\/span><\/p>\n<p class=\"MsoNormal\" style=\"margin-bottom: .0001pt;\"><span style=\"font-family: \" color:=\"color:\" black;=\"black;\" mso-themecolor:=\"mso-themecolor:\" text1;\"=\"text1;\"\">________________________________________________<\/span><\/p>\n<p class=\"MsoNormal\" style=\"margin-bottom: .0001pt;\"><span style=\"font-family: \" color:=\"color:\" black;=\"black;\" mso-themecolor:=\"mso-themecolor:\" text1;\"=\"text1;\"\"> <\/span><\/p>\n<p class=\"MsoNormal\" style=\"margin-bottom: .0001pt;\"><strong><span style=\"font-family: \" color:=\"color:\" black;=\"black;\" mso-themecolor:=\"mso-themecolor:\" text1;\"=\"text1;\"\">Fatia brasileira no com\u00e9rcio global deve cair a 1,25%, diz AEB<\/span><\/strong><\/p>\n<p class=\"MsoNormal\" style=\"margin-bottom: .0001pt;\"><em><span style=\"font-family: \" color:=\"color:\" black;=\"black;\" mso-themecolor:=\"mso-themecolor:\" text1;\"=\"text1;\"\">Valor Econ\u00f4mico<\/span><\/em><\/p>\n<p class=\"MsoNormal\" style=\"margin-bottom: .0001pt;\"><span style=\"font-family: \" color:=\"color:\" black;=\"black;\" mso-themecolor:=\"mso-themecolor:\" text1;\"=\"text1;\"\"> <\/span><\/p>\n<p class=\"MsoNormal\" style=\"margin-bottom: .0001pt;\"><span style=\"font-family: \" color:=\"color:\" black;=\"black;\" mso-themecolor:=\"mso-themecolor:\" text1;\"=\"text1;\"\">O presidente da Associa\u00e7\u00e3o de Com\u00e9rcio Exterior do Brasil (AEB), Jos\u00e9 Augusto de Castro, afirmou ontem que o Brasil deve reduzir a participa\u00e7\u00e3o no com\u00e9rcio internacional para 1,25% em 2013. Segundo ele, no ano passado, essa fatia foi de 1,33%. Em 2011, de 1,41%.<\/span><\/p>\n<p class=\"MsoNormal\" style=\"margin-bottom: .0001pt;\"><span style=\"font-family: \" color:=\"color:\" black;=\"black;\" mso-themecolor:=\"mso-themecolor:\" text1;\"=\"text1;\"\">Segundo ele, o Brasil tem potencial para dobrar o volume de exporta\u00e7\u00f5es atual. Ele lembrou que o pa\u00eds possui o s\u00e9timo maior PIB do mundo, mas \u00e9 apenas o 22\u00ba maior exportador. &#8220;Temos todas as condi\u00e7\u00f5es. Potencial existe. Depende de n\u00f3s fazer com se concretize&#8221;, disse, durante o Encontro Nacional de Com\u00e9rcio Exterior (Enaex).<\/span><\/p>\n<p>\u00a0<\/p>\n<p class=\"MsoNormal\" style=\"margin-bottom: .0001pt;\"><span style=\"font-family: \" color:=\"color:\" black;=\"black;\" mso-themecolor:=\"mso-themecolor:\" text1;\"=\"text1;\"\">Castro ressaltou, como ponto positivo, que o Brasil aumentou a efici\u00eancia na agricultura. &#8220;Nos \u00faltimos anos, desde 2010, o Brasil aumentou muito a quantidade de produ\u00e7\u00e3o. N\u00e3o foi s\u00f3 por causa da chuva e do sol na hora certa, mas pela tecnologia. Estamos aumentando a produtividade&#8221;, disse.<\/span><\/p>\n","protected":false},"excerpt":{"rendered":"\nO Estado de S. Paulo\n \nO governo federal mudou ontem a estrat\u00e9gia para tentar conter a crescente escalada do d\u00f3lar. Em a\u00e7\u00e3o pouco usual, o Banco Central informou ao mercado que vai oferecer at\u00e9 o final do ano no m\u00ednimo US$ 60 bilh\u00f5es em contratos de prote\u00e7\u00e3o contra a flutua\u00e7\u00e3o da moeda americana, chamados de &#8220;swap cambial&#8221;, e linhas de cr\u00e9dito com compromisso de recompra. \n<a class=\"moretag\" href=\"https:\/\/pcb.org.br\/portal2\/5274\"> <\/a>","protected":false},"author":1,"featured_media":0,"comment_status":"open","ping_status":"open","sticky":false,"template":"","format":"standard","meta":{"jetpack_post_was_ever_published":false,"_jetpack_newsletter_access":"","_jetpack_dont_email_post_to_subs":false,"_jetpack_newsletter_tier_id":0,"_jetpack_memberships_contains_paywalled_content":false,"_jetpack_memberships_contains_paid_content":false,"footnotes":"","jetpack_publicize_message":"","jetpack_publicize_feature_enabled":true,"jetpack_social_post_already_shared":false,"jetpack_social_options":{"image_generator_settings":{"template":"highway","default_image_id":0,"font":"","enabled":false},"version":2}},"categories":[106],"tags":[],"class_list":["post-5274","post","type-post","status-publish","format-standard","hentry","category-c119-olhovivo"],"jetpack_publicize_connections":[],"jetpack_featured_media_url":"","jetpack_shortlink":"https:\/\/wp.me\/p659gw-1n4","jetpack-related-posts":[],"jetpack_likes_enabled":true,"jetpack_sharing_enabled":true,"_links":{"self":[{"href":"https:\/\/pcb.org.br\/portal2\/wp-json\/wp\/v2\/posts\/5274","targetHints":{"allow":["GET"]}}],"collection":[{"href":"https:\/\/pcb.org.br\/portal2\/wp-json\/wp\/v2\/posts"}],"about":[{"href":"https:\/\/pcb.org.br\/portal2\/wp-json\/wp\/v2\/types\/post"}],"author":[{"embeddable":true,"href":"https:\/\/pcb.org.br\/portal2\/wp-json\/wp\/v2\/users\/1"}],"replies":[{"embeddable":true,"href":"https:\/\/pcb.org.br\/portal2\/wp-json\/wp\/v2\/comments?post=5274"}],"version-history":[{"count":0,"href":"https:\/\/pcb.org.br\/portal2\/wp-json\/wp\/v2\/posts\/5274\/revisions"}],"wp:attachment":[{"href":"https:\/\/pcb.org.br\/portal2\/wp-json\/wp\/v2\/media?parent=5274"}],"wp:term":[{"taxonomy":"category","embeddable":true,"href":"https:\/\/pcb.org.br\/portal2\/wp-json\/wp\/v2\/categories?post=5274"},{"taxonomy":"post_tag","embeddable":true,"href":"https:\/\/pcb.org.br\/portal2\/wp-json\/wp\/v2\/tags?post=5274"}],"curies":[{"name":"wp","href":"https:\/\/api.w.org\/{rel}","templated":true}]}}