{"id":5286,"date":"2013-08-27T14:26:36","date_gmt":"2013-08-27T14:26:36","guid":{"rendered":"http:\/\/pcb.org.br\/portal2\/?p=5286"},"modified":"2013-08-27T14:26:36","modified_gmt":"2013-08-27T14:26:36","slug":"pcb-se-rearticula-na-bahia","status":"publish","type":"post","link":"https:\/\/pcb.org.br\/portal2\/5286","title":{"rendered":"PCB SE REARTICULA NA BAHIA"},"content":{"rendered":"\n<p>Depois de um per\u00edodo de inatividade, o PCB se reorganizou neste fim de semana na Bahia, numa plen\u00e1ria estadual em Salvador, com a participa\u00e7\u00e3o de camaradas da capital e de mais quatro munic\u00edpios (Candeias, Feira de Santana, Itabuna e Paulo Afonso), al\u00e9m dos jovens que militam na Uni\u00e3o da Juventude Comunista (UJC) no Estado.<\/p>\n<p>Numa demonstra\u00e7\u00e3o das possibilidades do PCB entre a juventude revolucion\u00e1ria, a UJC j\u00e1 havia sido reconstru\u00edda antes do pr\u00f3prio Partido e teve um peso importante na sua rearticula\u00e7\u00e3o.<\/p>\n<p>A plen\u00e1ria foi precedida de um debate sobre a atualidade do PCB, a partir de uma palestra de Ivan Pinheiro, Secret\u00e1rio Geral do PCB, presente em toda a jornada. Em outra palestra, o militante do PCB na Bahia, Sandro Santa B\u00e1rbara, discorreu sobre as recentes manifesta\u00e7\u00f5es populares no Brasil.<\/p>\n<p>Num ambiente unit\u00e1rio e combativo, a plen\u00e1ria elegeu uma comiss\u00e3o provis\u00f3ria, para dirigir o Partido at\u00e9 o Congresso Regional que ser\u00e1 realizado de 22 a 24 de novembro, nos marcos do XV Congresso Nacional (abril de 2014). Entre as principais resolu\u00e7\u00f5es est\u00e3o a instala\u00e7\u00e3o de uma sede do PCB em Salvador, a realiza\u00e7\u00e3o de um evento voltado para a juventude (Outubro Vermelho), a reorganiza\u00e7\u00e3o das bases e comit\u00eas municipais e a concentra\u00e7\u00e3o de esfor\u00e7os nas frentes de massa orientadas pelo PCB (a UJC, a Unidade Classista e os Coletivos Ana Montenegro e Minervino de Oliveira).<\/p>\n<p>O contato com camaradas dispersos em v\u00e1rias localidades da Bahia e o di\u00e1logo com militantes que v\u00eam se aproximando do Partido no Estado podem ser feitos pelo endere\u00e7o eletr\u00f4nico bahiapcb@gmail.com.<\/p>\n","protected":false},"excerpt":{"rendered":"\n<a class=\"moretag\" href=\"https:\/\/pcb.org.br\/portal2\/5286\"> <\/a>","protected":false},"author":1,"featured_media":0,"comment_status":"open","ping_status":"open","sticky":false,"template":"","format":"standard","meta":{"jetpack_post_was_ever_published":false,"_jetpack_newsletter_access":"","_jetpack_dont_email_post_to_subs":false,"_jetpack_newsletter_tier_id":0,"_jetpack_memberships_contains_paywalled_content":false,"_jetpack_memberships_contains_paid_content":false,"footnotes":"","jetpack_publicize_message":"","jetpack_publicize_feature_enabled":true,"jetpack_social_post_already_shared":false,"jetpack_social_options":{"image_generator_settings":{"template":"highway","default_image_id":0,"font":"","enabled":false},"version":2}},"categories":[23],"tags":[],"class_list":["post-5286","post","type-post","status-publish","format-standard","hentry","category-c29-organizacao"],"jetpack_publicize_connections":[],"jetpack_featured_media_url":"","jetpack_shortlink":"https:\/\/wp.me\/p659gw-1ng","jetpack-related-posts":[],"jetpack_likes_enabled":true,"jetpack_sharing_enabled":true,"_links":{"self":[{"href":"https:\/\/pcb.org.br\/portal2\/wp-json\/wp\/v2\/posts\/5286","targetHints":{"allow":["GET"]}}],"collection":[{"href":"https:\/\/pcb.org.br\/portal2\/wp-json\/wp\/v2\/posts"}],"about":[{"href":"https:\/\/pcb.org.br\/portal2\/wp-json\/wp\/v2\/types\/post"}],"author":[{"embeddable":true,"href":"https:\/\/pcb.org.br\/portal2\/wp-json\/wp\/v2\/users\/1"}],"replies":[{"embeddable":true,"href":"https:\/\/pcb.org.br\/portal2\/wp-json\/wp\/v2\/comments?post=5286"}],"version-history":[{"count":0,"href":"https:\/\/pcb.org.br\/portal2\/wp-json\/wp\/v2\/posts\/5286\/revisions"}],"wp:attachment":[{"href":"https:\/\/pcb.org.br\/portal2\/wp-json\/wp\/v2\/media?parent=5286"}],"wp:term":[{"taxonomy":"category","embeddable":true,"href":"https:\/\/pcb.org.br\/portal2\/wp-json\/wp\/v2\/categories?post=5286"},{"taxonomy":"post_tag","embeddable":true,"href":"https:\/\/pcb.org.br\/portal2\/wp-json\/wp\/v2\/tags?post=5286"}],"curies":[{"name":"wp","href":"https:\/\/api.w.org\/{rel}","templated":true}]}}