{"id":529,"date":"2010-06-06T19:46:56","date_gmt":"2010-06-06T19:46:56","guid":{"rendered":"http:\/\/pcb.org.br\/portal2\/?p=529"},"modified":"2010-06-06T19:46:56","modified_gmt":"2010-06-06T19:46:56","slug":"sobre-o-acordo-nuclear-ira-brasil-turquia","status":"publish","type":"post","link":"https:\/\/pcb.org.br\/portal2\/529","title":{"rendered":"Sobre o acordo nuclear Ir\u00e3 \u2013 Brasil \u2013 Turquia"},"content":{"rendered":"\n<p>A a\u00e7\u00e3o do governo Lula nas negocia\u00e7\u00f5es com o governo do Ir\u00e3 visando a assinatura de um acordo para o enriquecimento do ur\u00e2nio iraniano na Turquia \u2013 um acordo que apresenta um saldo positivo, ao evitar a guerra e acumular no processo de consolida\u00e7\u00e3o de um polo alternativo aos Estados Unidos na esfera internacional \u2013 obedece aos interesses da burguesia brasileira, que segue, hoje, cada vez mais, no rumo da integra\u00e7\u00e3o ao capitalismo internacional.\u00a0 Este movimento de expans\u00e3o para o exterior exige tanto a internacionaliza\u00e7\u00e3o dos grandes grupos econ\u00f4micos brasileiros quanto a busca de novos mercados (e o Ir\u00e3 oferece, sem d\u00favida, boas oportunidades de neg\u00f3cios). Assim, o fortalecimento da posi\u00e7\u00e3o brasileira no cen\u00e1rio pol\u00edtico internacional, sintetizado no esfor\u00e7o do pa\u00eds em firmar-se como pot\u00eancia m\u00e9dia, capaz de ocupar uma cadeira permanente no Conselho de Seguran\u00e7a da ONU \u00e9, simultaneamente, raz\u00e3o e consequ\u00eancia destes elementos.<\/p>\n<p>No entanto, ao mesmo tempo, n\u00e3o \u00e9 de interesse nem dos grupos econ\u00f4micos de base brasileira (em fase de internacionaliza\u00e7\u00e3o) nem dos grupos estrangeiros que atuam no Brasil qualquer rompimento com os Estados Unidos, que, embora combalidos economicamente, seguem como a maior economia do mundo. Os EUA possuem ainda o maior mercado importador e controlam o d\u00f3lar, a principal moeda de reserva e refer\u00eancia para as trocas internacionais. Al\u00e9m do mais, como fator mais importante, disp\u00f5em do maior poderio militar do planeta.<\/p>\n<p>Assim, o governo brasileiro segue representando muito bem os interesses burgueses ao manter a tradi\u00e7\u00e3o pragm\u00e1tica do Itamaraty, de oscilar entre o alinhamento autom\u00e1tico com os Estados Unidos e a busca por autonomia. \u00c9 interessante lembrar, por exemplo, que, em pleno governo militar (sob o regime da ditadura empresarial-militar implantada pelo golpe de 1964, executado com apoio dos EUA), no final dos anos 70, em um momento de grande entrada de investimentos americanos no Brasil, o governo Geisel reconheceu a independ\u00eancia de Angola e rompeu acordo militar com os Estados Unidos.<\/p>\n<p>A comprova\u00e7\u00e3o do car\u00e1ter aparentemente amb\u00edguo desta movimenta\u00e7\u00e3o internacional do governo Lula \u00e9 que, ao mesmo tempo em que fortalece o regime de Ahmajinejad, contrariando diretamente interesses dos EUA na regi\u00e3o \u2013 dado o car\u00e1ter antiamericano e anti-Israel do regime iraniano \u2013, assim como contribui para o enfraquecimento do pr\u00f3prio papel dos EUA na esfera pol\u00edtica mundial e para o fortalecimento de um p\u00f3lo alternativo aos EUA de influ\u00eancia pol\u00edtica internacional, o Brasil firma um novo acordo de coopera\u00e7\u00e3o militar com os Estados Unidos, na esfera da seguran\u00e7a, com o estabelecimento de um \u201cescrit\u00f3rio\u201d para a atua\u00e7\u00e3o de agentes daquele pa\u00eds no Brasil.<\/p>\n<p>De igual modo, Lula silencia sobre a pol\u00edtica externa de Obama para a Am\u00e9rica Latina, centrada na intimida\u00e7\u00e3o mediante a instala\u00e7\u00e3o de bases militares em diversos pontos \u2013 como na Col\u00f4mbia \u2013 e pela reativa\u00e7\u00e3o da IV Frota no Atl\u00e2ntico Sul.\u00a0 Mais ainda, o Brasil vem patrocinando a proposta de Tratado de Livre Com\u00e9rcio entre Israel \u2013 pa\u00eds aliado incondicional dos EUA \u2013 e o Mercosul.<\/p>\n<p>A carta de Obama a Lula, reconhecendo o esfor\u00e7o da diplomacia brasileira, indica o reconhecimento da presen\u00e7a crescente do Brasil na cena pol\u00edtica internacional. No entanto, a rea\u00e7\u00e3o estadunidense ao acordo trilateral, com o an\u00fancio da inten\u00e7\u00e3o de manter a amea\u00e7a de estabelecimento de san\u00e7\u00f5es econ\u00f4micas, a\u00e7\u00f5es militares e press\u00f5es internacionais contra o Ir\u00e3 busca neutralizar essa voz contr\u00e1ria \u00e0 pol\u00edtica belicista dos EUA e a soberania de dois novos atores que repercutem a maioria da comunidade internacional, ou seja, a quase totalidade dos pa\u00edses que comp\u00f5em a ONU e querem o di\u00e1logo e a negocia\u00e7\u00e3o no caso da pol\u00edtica nuclear do Ir\u00e3.<\/p>\n<p>Um outro aspecto a ser levado em conta \u00e9 que esta a\u00e7\u00e3o &#8211; ao tentar consolidar uma imagem de pragmatismo e independ\u00eancia do Brasil nas rela\u00e7\u00f5es internacionais e projetar o pa\u00eds como ator influente e soberano no plano mundial \u2013 tamb\u00e9m \u00e9 funcional \u00e0 campanha da candidata de Lula, junto a importantes parcelas do eleitorado.<\/p>\n<p>O PCB, portanto, n\u00e3o \u00e9 indiferente ao acordo firmado e considera que ele representa um fato positivo na tentativa de evitar a invas\u00e3o do Ir\u00e3 pelas for\u00e7as imperialistas estadunidenses, sob o argumento, semelhante ao antes utilizado para atacar o Iraque, de que o governo iraniano estaria desenvolvendo a energia nuclear para a guerra. Tal reconhecimento, no entanto, n\u00e3o pode esconder a an\u00e1lise de fundo sobre a atual pol\u00edtica externa do governo brasileiro, extremamente pragm\u00e1tica no que tange a proteger e garantir a expans\u00e3o dos interesses econ\u00f4micos do grande empresariado brasileiro no mundo.<\/p>\n<p>PCB \u2013 Partido Comunista Brasileiro<\/p>\n<p>Comiss\u00e3o Pol\u00edtica Nacional<\/p>\n<p>Junho de 2010<\/p>\n","protected":false},"excerpt":{"rendered":"\n\n\nCr\u00e9dito: noticias.limao.com.br\n\n\n\n\n\n\n\n\n(Nota pol\u00edtica do PCB)\n<a class=\"moretag\" href=\"https:\/\/pcb.org.br\/portal2\/529\"> <\/a>","protected":false},"author":1,"featured_media":0,"comment_status":"open","ping_status":"open","sticky":false,"template":"","format":"standard","meta":{"jetpack_post_was_ever_published":false,"_jetpack_newsletter_access":"","_jetpack_dont_email_post_to_subs":false,"_jetpack_newsletter_tier_id":0,"_jetpack_memberships_contains_paywalled_content":false,"_jetpack_memberships_contains_paid_content":false,"footnotes":"","jetpack_publicize_message":"","jetpack_publicize_feature_enabled":true,"jetpack_social_post_already_shared":false,"jetpack_social_options":{"image_generator_settings":{"template":"highway","default_image_id":0,"font":"","enabled":false},"version":2}},"categories":[26],"tags":[],"class_list":["post-529","post","type-post","status-publish","format-standard","hentry","category-c25-notas-politicas-do-pcb"],"jetpack_publicize_connections":[],"jetpack_featured_media_url":"","jetpack_shortlink":"https:\/\/wp.me\/p659gw-8x","jetpack-related-posts":[],"jetpack_likes_enabled":true,"jetpack_sharing_enabled":true,"_links":{"self":[{"href":"https:\/\/pcb.org.br\/portal2\/wp-json\/wp\/v2\/posts\/529","targetHints":{"allow":["GET"]}}],"collection":[{"href":"https:\/\/pcb.org.br\/portal2\/wp-json\/wp\/v2\/posts"}],"about":[{"href":"https:\/\/pcb.org.br\/portal2\/wp-json\/wp\/v2\/types\/post"}],"author":[{"embeddable":true,"href":"https:\/\/pcb.org.br\/portal2\/wp-json\/wp\/v2\/users\/1"}],"replies":[{"embeddable":true,"href":"https:\/\/pcb.org.br\/portal2\/wp-json\/wp\/v2\/comments?post=529"}],"version-history":[{"count":0,"href":"https:\/\/pcb.org.br\/portal2\/wp-json\/wp\/v2\/posts\/529\/revisions"}],"wp:attachment":[{"href":"https:\/\/pcb.org.br\/portal2\/wp-json\/wp\/v2\/media?parent=529"}],"wp:term":[{"taxonomy":"category","embeddable":true,"href":"https:\/\/pcb.org.br\/portal2\/wp-json\/wp\/v2\/categories?post=529"},{"taxonomy":"post_tag","embeddable":true,"href":"https:\/\/pcb.org.br\/portal2\/wp-json\/wp\/v2\/tags?post=529"}],"curies":[{"name":"wp","href":"https:\/\/api.w.org\/{rel}","templated":true}]}}