{"id":5311,"date":"2013-08-29T16:01:43","date_gmt":"2013-08-29T16:01:43","guid":{"rendered":"http:\/\/pcb.org.br\/portal2\/?p=5311"},"modified":"2013-08-29T16:01:43","modified_gmt":"2013-08-29T16:01:43","slug":"e-os-terceirizados-em-varios-ministerios","status":"publish","type":"post","link":"https:\/\/pcb.org.br\/portal2\/5311","title":{"rendered":"E os terceirizados em v\u00e1rios minist\u00e9rios?"},"content":{"rendered":"\n<p>N\u00e3o se sabe se a a\u00e7\u00e3o ocorre em busca de holofotes, mas o MPT-DF designou uma audi\u00eancia para esta sexta-feira e notificar\u00e1 representantes dos minist\u00e9rios da Educa\u00e7\u00e3o, da Sa\u00fade e da Advocacia-Geral da Uni\u00e3o (AGU) para colher mais informa\u00e7\u00f5es sobre o caso.<\/p>\n<p>Respons\u00e1vel pela investiga\u00e7\u00e3o, o procurador do Trabalho Sebasti\u00e3o Vieira Caixeta informou que a contrata\u00e7\u00e3o dos m\u00e9dicos cubanos &#8220;precisa de uma melhor avalia\u00e7\u00e3o, na medida em que, pelo acordo divulgado, a remunera\u00e7\u00e3o deles dever\u00e1 ser menor que a paga a outros profissionais no mesmo projeto&#8221;.<\/p>\n<p>Fica a sugest\u00e3o para o MPT-DF se debru\u00e7ar sobre a caso das centenas de trabalhadores terceirizados das sedes de minist\u00e9rios em Bras\u00edlia que continuam sem seus pagamentos. Da mesma forma, n\u00e3o se sabe de ato similar por parte do Minist\u00e9rio P\u00fablico do Trabalho quando m\u00e9dicos contratados pelas chamadas &#8220;OS&#8221; (privatiza\u00e7\u00e3o branca), como no Rio de Janeiro, receberam sal\u00e1rios acima dos pagos aos profissionais concursados&#8230;<\/p>\n","protected":false},"excerpt":{"rendered":"\nO Olhar Comunista dessa quarta-feira (28\/08) comenta a not\u00edcia de que o Minist\u00e9rio P\u00fablico do Trabalho (MPT) do Distrito Federal abriu inqu\u00e9rito para analisar contrata\u00e7\u00e3o de m\u00e9dicos cubanos.\n<a class=\"moretag\" href=\"https:\/\/pcb.org.br\/portal2\/5311\"> <\/a>","protected":false},"author":1,"featured_media":0,"comment_status":"open","ping_status":"open","sticky":false,"template":"","format":"standard","meta":{"jetpack_post_was_ever_published":false,"_jetpack_newsletter_access":"","_jetpack_dont_email_post_to_subs":false,"_jetpack_newsletter_tier_id":0,"_jetpack_memberships_contains_paywalled_content":false,"_jetpack_memberships_contains_paid_content":false,"footnotes":"","jetpack_publicize_message":"","jetpack_publicize_feature_enabled":true,"jetpack_social_post_already_shared":false,"jetpack_social_options":{"image_generator_settings":{"template":"highway","default_image_id":0,"font":"","enabled":false},"version":2}},"categories":[100],"tags":[],"class_list":["post-5311","post","type-post","status-publish","format-standard","hentry","category-c113-a-semana-no-olhar-comunista"],"jetpack_publicize_connections":[],"jetpack_featured_media_url":"","jetpack_shortlink":"https:\/\/wp.me\/p659gw-1nF","jetpack-related-posts":[],"jetpack_likes_enabled":true,"jetpack_sharing_enabled":true,"_links":{"self":[{"href":"https:\/\/pcb.org.br\/portal2\/wp-json\/wp\/v2\/posts\/5311","targetHints":{"allow":["GET"]}}],"collection":[{"href":"https:\/\/pcb.org.br\/portal2\/wp-json\/wp\/v2\/posts"}],"about":[{"href":"https:\/\/pcb.org.br\/portal2\/wp-json\/wp\/v2\/types\/post"}],"author":[{"embeddable":true,"href":"https:\/\/pcb.org.br\/portal2\/wp-json\/wp\/v2\/users\/1"}],"replies":[{"embeddable":true,"href":"https:\/\/pcb.org.br\/portal2\/wp-json\/wp\/v2\/comments?post=5311"}],"version-history":[{"count":0,"href":"https:\/\/pcb.org.br\/portal2\/wp-json\/wp\/v2\/posts\/5311\/revisions"}],"wp:attachment":[{"href":"https:\/\/pcb.org.br\/portal2\/wp-json\/wp\/v2\/media?parent=5311"}],"wp:term":[{"taxonomy":"category","embeddable":true,"href":"https:\/\/pcb.org.br\/portal2\/wp-json\/wp\/v2\/categories?post=5311"},{"taxonomy":"post_tag","embeddable":true,"href":"https:\/\/pcb.org.br\/portal2\/wp-json\/wp\/v2\/tags?post=5311"}],"curies":[{"name":"wp","href":"https:\/\/api.w.org\/{rel}","templated":true}]}}