{"id":5314,"date":"2013-08-30T15:06:29","date_gmt":"2013-08-30T15:06:29","guid":{"rendered":"http:\/\/pcb.org.br\/portal2\/?p=5314"},"modified":"2013-08-30T15:06:29","modified_gmt":"2013-08-30T15:06:29","slug":"siria-vitima-do-imperialismo-global","status":"publish","type":"post","link":"https:\/\/pcb.org.br\/portal2\/5314","title":{"rendered":"S\u00cdRIA: v\u00edtima do imperialismo global"},"content":{"rendered":"\n<p>Atualmente, \u00e9 o Povo s\u00edrio quem padece por conta do rigor das novas guerras imperialistas, onde, quando n\u00e3o funcionam os subornos aos governos de turno para que entreguem docilmente as riquezas de suas Na\u00e7\u00f5es, s\u00e3o classificados de ditadores, terroristas ou narco-governos. Para isso, inicialmente, utilizam todo seu arsenal da chamada informa\u00e7\u00e3o, criando nos espectadores, a centenas de quil\u00f4metros de dist\u00e2ncia, a sensa\u00e7\u00e3o de um estado de perigo proveniente do pa\u00eds em quest\u00e3o.<\/p>\n<p>Uma vez criado o cen\u00e1rio virtual nas mentes de milh\u00f5es de cidad\u00e3os em escala planet\u00e1ria, financiam ex\u00e9rcitos de mercen\u00e1rios, muitas vezes formados pelos pr\u00f3prios moradores do pa\u00eds a intervir, com o objetivo de desestabilizar a ordem existente no dito pa\u00eds, atacando diretamente o sistema de governo e muitas vezes cometendo atos terroristas para culpar seus principais governantes.<\/p>\n<p>Assim, promovem guerras fratricidas, onde \u201cpoupam\u201d os mortos de seus pr\u00f3prios ex\u00e9rcitos, \u201cinvestindo\u201d para que n\u00e3o se deem conta do horror que \u00e9 trair a P\u00e1tria e matar seus pr\u00f3prios irm\u00e3os.<\/p>\n<p>S\u00e3o Al Qaeda, o governo de Israel, o da Ar\u00e1bia Saudita e os membros da OTAN, os principais colaboradores dos EUA nestes perversos planos projetados pela CIA, que passam pelo treinamento, financiamento e armamento de rebeldes mercen\u00e1rios. N\u00e3o h\u00e1 porque estranharmos e nem nos surpreendermos com o horror de tal fim, j\u00e1 que foi a pr\u00f3pria Al Qaeda treinada, formada e, posteriormente, contratada pela CIA, para realizar o autoatentado das Torres G\u00eameas, em 21 de setembro de 2001.<\/p>\n<p><strong>Hoje, \u00e9 a S\u00edria o objetivo do imp\u00e9rio: EUA-OTAN.<\/strong><\/p>\n<p>O imp\u00e9rio n\u00e3o \u00e9 uma Na\u00e7\u00e3o, n\u00e3o \u00e9 um s\u00f3 governo. \u00c9 uma rede, um sistema terrorista de domina\u00e7\u00e3o, genoc\u00eddio e saque em escalar planet\u00e1ria, que busca apoderar-se das riquezas naturais dos pa\u00edses mais vulner\u00e1veis militar e socialmente, e que n\u00e3o respondem a seus interesses pol\u00edtico-econ\u00f4micos e energ\u00e9ticos.<\/p>\n<p>Este sistema imperial utiliza m\u00e9todos t\u00e3o refinados como o s\u00e3o as tecnologias da comunica\u00e7\u00e3o, a ind\u00fastria da produ\u00e7\u00e3o de alimentos e o sistema banc\u00e1rio sionista\u2026 Por\u00e9m, tamb\u00e9m s\u00e3o m\u00e9todos t\u00e3o atrozes como o terrorismo, os bombardeios (ditos) seletivos, os ataques biol\u00f3gicos e qu\u00edmicos, e as guerras neocolonialistas.<\/p>\n<p>Na S\u00edria j\u00e1 est\u00e3o nesta \u00faltima fase, com o uso da guerra para derrotar um governo que n\u00e3o se rendeu ante o poder do dinheiro para entregar as riquezas de seu povo ao imp\u00e9rio. Na S\u00edria, o imp\u00e9rio vai vitimar um povo que resiste com dignidade. V\u00e3o bombardear crian\u00e7as, idosos, popula\u00e7\u00e3o civil totalmente desarmada e inocente&#8230; v\u00e3o destruir as escolas, os hospitais, os museus, os asilos, comunidades inteiras&#8230; v\u00e3o exterminar, novamente, uma cultura milenar do planeta.<\/p>\n<p><strong>Fazem no Oriente M\u00e9dio o que n\u00e3o podem na Am\u00e9rica Latina.<\/strong><\/p>\n<p>Os EUA vieram aplicar em nossos territ\u00f3rios a primeira fase de seu intervencionismo, subornando ou \u201cinfluenciando por debaixo da mesa\u201d os governantes de turno. Esta rela\u00e7\u00e3o de subordina\u00e7\u00e3o governamental ante o imp\u00e9rio, ainda que sempre tenha sido combatida pelos povos, at\u00e9 a ascens\u00e3o de Hugo Rafael Ch\u00e1vez Fr\u00edas \u00e0 presid\u00eancia da Rep\u00fablica Bolivariana da Venezuela, n\u00e3o tinha sido combatida pelas inst\u00e2ncias do pr\u00f3prio governo. Ch\u00e1vez foi voz do movimento popular e revolucion\u00e1rio anti-imperialista da Am\u00e9rica Latina e do mundo. E foi ele, atrav\u00e9s de suas pol\u00edticas estrat\u00e9gicas, que conseguiu impulsionar e consolidar todo um bloco de esquerdas na Regi\u00e3o que enfrentasse as pol\u00edticas de domina\u00e7\u00e3o imperialista.<\/p>\n<p><strong>Por\u00e9m, o que fazer como cidad\u00e3o comum contra o Imperialismo?<\/strong><\/p>\n<p>Antes de tudo, devemos sair de nossa pr\u00f3pria e mental \u201cZona de Exclus\u00e3o\u201d ideol\u00f3gica e cultural, onde permitimos e, inclusive, colaboramos com o inimigo, para que nos bombardeiem com seus antivalores e seus padr\u00f5es consumistas. Deixemos de consentir que o ataque se realize em nossos pr\u00f3prios lares, atrav\u00e9s de nossos televisores e suas \u201cprograma\u00e7\u00f5es\u201d que persistem inculcar o \u00f3dio e a viol\u00eancia, e nos ensinam a repudiar o fraco e defender o opressor. N\u00e3o permitamos que os inimigos nos insultem os ouvidos, escutando sua m\u00fasica de laborat\u00f3rio, alienante e degradante de nossos valores. Neguemo-nos em participar de seu doutrinamento quando pagamos por seus videogames que treinam os mais jovens para uma guerra fratricida.<\/p>\n<p>Demos um passo a frente na organiza\u00e7\u00e3o popular e coletiva: organizemos ou fortale\u00e7amos os coletivos existentes para a luta popular revolucion\u00e1ria anti-imperialista; contrastemos a informa\u00e7\u00e3o proveniente de diferentes meios; e preparemo-nos nas estrat\u00e9gias e t\u00e1ticas das guerras assim\u00e9tricas a favor do Povo e contra o imperialismo e seus interesses em nosso solo p\u00e1trio.<\/p>\n<p>N\u00e3o ao intervencionismo Imperial na S\u00edria!<\/p>\n<p>Bol\u00edvar Vive! A Luta Continua!<\/p>\n<p>Coordenadora \u201cSim\u00f3n Bol\u00edvar\u201d<\/p>\n<p>Tradu\u00e7\u00e3o: Partido Comunista Brasileiro (PCB)<\/p>\n","protected":false},"excerpt":{"rendered":"\n<a class=\"moretag\" href=\"https:\/\/pcb.org.br\/portal2\/5314\"> <\/a>","protected":false},"author":1,"featured_media":0,"comment_status":"open","ping_status":"open","sticky":false,"template":"","format":"standard","meta":{"jetpack_post_was_ever_published":false,"_jetpack_newsletter_access":"","_jetpack_dont_email_post_to_subs":false,"_jetpack_newsletter_tier_id":0,"_jetpack_memberships_contains_paywalled_content":false,"_jetpack_memberships_contains_paid_content":false,"footnotes":"","jetpack_publicize_message":"","jetpack_publicize_feature_enabled":true,"jetpack_social_post_already_shared":false,"jetpack_social_options":{"image_generator_settings":{"template":"highway","default_image_id":0,"font":"","enabled":false},"version":2}},"categories":[38],"tags":[],"class_list":["post-5314","post","type-post","status-publish","format-standard","hentry","category-c43-imperialismo"],"jetpack_publicize_connections":[],"jetpack_featured_media_url":"","jetpack_shortlink":"https:\/\/wp.me\/p659gw-1nI","jetpack-related-posts":[],"jetpack_likes_enabled":true,"jetpack_sharing_enabled":true,"_links":{"self":[{"href":"https:\/\/pcb.org.br\/portal2\/wp-json\/wp\/v2\/posts\/5314","targetHints":{"allow":["GET"]}}],"collection":[{"href":"https:\/\/pcb.org.br\/portal2\/wp-json\/wp\/v2\/posts"}],"about":[{"href":"https:\/\/pcb.org.br\/portal2\/wp-json\/wp\/v2\/types\/post"}],"author":[{"embeddable":true,"href":"https:\/\/pcb.org.br\/portal2\/wp-json\/wp\/v2\/users\/1"}],"replies":[{"embeddable":true,"href":"https:\/\/pcb.org.br\/portal2\/wp-json\/wp\/v2\/comments?post=5314"}],"version-history":[{"count":0,"href":"https:\/\/pcb.org.br\/portal2\/wp-json\/wp\/v2\/posts\/5314\/revisions"}],"wp:attachment":[{"href":"https:\/\/pcb.org.br\/portal2\/wp-json\/wp\/v2\/media?parent=5314"}],"wp:term":[{"taxonomy":"category","embeddable":true,"href":"https:\/\/pcb.org.br\/portal2\/wp-json\/wp\/v2\/categories?post=5314"},{"taxonomy":"post_tag","embeddable":true,"href":"https:\/\/pcb.org.br\/portal2\/wp-json\/wp\/v2\/tags?post=5314"}],"curies":[{"name":"wp","href":"https:\/\/api.w.org\/{rel}","templated":true}]}}