{"id":532,"date":"2010-06-08T13:26:41","date_gmt":"2010-06-08T13:26:41","guid":{"rendered":"http:\/\/pcb.org.br\/portal2\/?p=532"},"modified":"2010-06-08T13:26:41","modified_gmt":"2010-06-08T13:26:41","slug":"judeus-alemaes-organizam-flotilha-da-liberdade-para-levar-mantimentos-a-gaza","status":"publish","type":"post","link":"https:\/\/pcb.org.br\/portal2\/532","title":{"rendered":"Judeus alem\u00e3es organizam Flotilha da Liberdade para levar mantimentos a Gaza"},"content":{"rendered":"\n<p>Israel e o sionismo est\u00e3o conseguindo o impens\u00e1vel. Colocar os judeus contra eles.<\/p>\n<p>O assassinato cruel pelas tropas de Israel de 9, 19 ou mais de 50 libert\u00e1rios, quando navegavam em dire\u00e7\u00e3o a Gaza carregados de ajuda humanit\u00e1ria, continua causando como\u00e7\u00e3o e indigna\u00e7\u00e3o da humanidade.<\/p>\n<p>Agora quem vai protestar s\u00e3o os membros da Organiza\u00e7\u00e3o Voz Judaica da Alemanha para a Paz no M\u00e9dio Oriente<\/p>\n<p>J\u00e1 est\u00e3o preparando uma <em>Flotilha da Liberdade<\/em> para seguir em dire\u00e7\u00e3o \u00e0 Palestina Ocupada.<\/p>\n<p>Katie Laitrer, membro da organiza\u00e7\u00e3o, diz que os judeus alem\u00e3es ficaram \u201cassustados\u201d n\u00e3o com o Hamas, mas pela virul\u00eancia da soldadesca israelense.<\/p>\n<p>\u201cPretendemos sair em julho\u201d.<\/p>\n<p>Explicou que inicialmente pretendiam seguir em apenas um barco, mas devido ao interesse de judeus de diversas partes do mundo em aderir, provavelmente haver\u00e1 outros barcos.<\/p>\n<p>Ela acusou Israel de agir \u201ccriminosamente\u201d contra os membros da <em>Flotilha da Liberdade<\/em>. E que Israel \u201cn\u00e3o deve agir como piratas\u201d.<\/p>\n<p>&#8220;Katie afirmou que j\u00e1 esteve em Gaza e foi muito bem tratada.<\/p>\n<p>&#8220;N\u00f3s tamb\u00e9m conversamos com os gazenses recentemente e eles est\u00e3o muito ansiosos por nossa vinda. Estamos assustados com o que aconteceu no Marmara, mas se voc\u00ea est\u00e1 empenhado em fazer coisas boas, voc\u00ea tem que agir. Pessoas tamb\u00e9m foram mortas na luta contra o fascismo\u201d<\/p>\n<p>Edith Lutz, outra membro da Organiza\u00e7\u00e3o judaica alem\u00e3 informou que &#8220;dois anos atr\u00e1s, participou da <em>Flotilha Gaza Livre<\/em> e quando chegou a Gaza, crian\u00e7as perceberam que ela usava uma estrela de Davi.<\/p>\n<p>\u201cFui cercada de crian\u00e7as que diziam \u2013 olha, ela \u00e9 judia. Quando nos encontramos com Ismail Hanieh (l\u00edder do Hamas) e o informaram que eu era judia, ele virou para mim e disse que o Hamas n\u00e3o tem nada contra os judeus ou israel, apenas contra a ocupa\u00e7\u00e3o\u201d.<\/p>\n<p>Essas informa\u00e7\u00f5es foram extra\u00eddas do jornal israelense Yediot Aharanot e pode ser lida em <a href=\"http:\/\/www.ynetnews.com\/articles\/0,7340,L-3899915,00.html\" target=\"_blank\">http:\/\/www.ynetnews.com\/articles\/0,7340,L-3899915,00.html<\/a><\/p>\n","protected":false},"excerpt":{"rendered":"\n\n\nCr\u00e9dito: Freegaza\n\n\n\n\n\n\n\n\nGeorges Bourdoukan\n<a class=\"moretag\" href=\"https:\/\/pcb.org.br\/portal2\/532\"> <\/a>","protected":false},"author":1,"featured_media":0,"comment_status":"open","ping_status":"open","sticky":false,"template":"","format":"standard","meta":{"jetpack_post_was_ever_published":false,"_jetpack_newsletter_access":"","_jetpack_dont_email_post_to_subs":false,"_jetpack_newsletter_tier_id":0,"_jetpack_memberships_contains_paywalled_content":false,"_jetpack_memberships_contains_paid_content":false,"footnotes":"","jetpack_publicize_message":"","jetpack_publicize_feature_enabled":true,"jetpack_social_post_already_shared":false,"jetpack_social_options":{"image_generator_settings":{"template":"highway","default_image_id":0,"font":"","enabled":false},"version":2}},"categories":[78],"tags":[],"class_list":["post-532","post","type-post","status-publish","format-standard","hentry","category-c91-solidariedade-a-palestina"],"jetpack_publicize_connections":[],"jetpack_featured_media_url":"","jetpack_shortlink":"https:\/\/wp.me\/p659gw-8A","jetpack-related-posts":[],"jetpack_likes_enabled":true,"jetpack_sharing_enabled":true,"_links":{"self":[{"href":"https:\/\/pcb.org.br\/portal2\/wp-json\/wp\/v2\/posts\/532","targetHints":{"allow":["GET"]}}],"collection":[{"href":"https:\/\/pcb.org.br\/portal2\/wp-json\/wp\/v2\/posts"}],"about":[{"href":"https:\/\/pcb.org.br\/portal2\/wp-json\/wp\/v2\/types\/post"}],"author":[{"embeddable":true,"href":"https:\/\/pcb.org.br\/portal2\/wp-json\/wp\/v2\/users\/1"}],"replies":[{"embeddable":true,"href":"https:\/\/pcb.org.br\/portal2\/wp-json\/wp\/v2\/comments?post=532"}],"version-history":[{"count":0,"href":"https:\/\/pcb.org.br\/portal2\/wp-json\/wp\/v2\/posts\/532\/revisions"}],"wp:attachment":[{"href":"https:\/\/pcb.org.br\/portal2\/wp-json\/wp\/v2\/media?parent=532"}],"wp:term":[{"taxonomy":"category","embeddable":true,"href":"https:\/\/pcb.org.br\/portal2\/wp-json\/wp\/v2\/categories?post=532"},{"taxonomy":"post_tag","embeddable":true,"href":"https:\/\/pcb.org.br\/portal2\/wp-json\/wp\/v2\/tags?post=532"}],"curies":[{"name":"wp","href":"https:\/\/api.w.org\/{rel}","templated":true}]}}