{"id":5329,"date":"2013-08-31T22:17:24","date_gmt":"2013-08-31T22:17:24","guid":{"rendered":"http:\/\/pcb.org.br\/portal2\/?p=5329"},"modified":"2013-08-31T22:17:24","modified_gmt":"2013-08-31T22:17:24","slug":"a-fsm-se-solidariza-com-com-o-povo-sirio-e-declara-nao-a-qdemocraciaq-imperialista","status":"publish","type":"post","link":"https:\/\/pcb.org.br\/portal2\/5329","title":{"rendered":"A FSM se solidariza com com o povo s\u00edrio e declara: n\u00e3o \u00e0 &#8220;democracia&#8221; imperialista"},"content":{"rendered":"\n<p><strong>A Federa\u00e7\u00e3o Sindical Mundial (FSM) condena veementemente a agressividade imperialista contra a S\u00edria que se segue agudizando e exige o fim imediato das prepara\u00e7\u00f5es de interven\u00e7\u00e3o militar contra o pa\u00eds e o povo s\u00edrio.<\/strong><\/p>\n<p>Sob condiciones da aguda concorr\u00eancia interimperialista e condi\u00e7\u00f5es de profunda e prolongada crise internacional do capitalismo, quando as rivalidades sobre os recursos naturais e os passos estrat\u00e9gicos se acirram, o conflito no Oriente M\u00e9dio e no Mediterr\u00e2neo alcan\u00e7a novos limites.<\/p>\n<p>O falso pretexto do suposto uso de armas qu\u00edmicas pelo ex\u00e9rcito s\u00edrio \u00e9 uma evidente cal\u00fania provocativa com a finalidade de proporcionar a oportunidade de interven\u00e7\u00e3o, desejada e preparada h\u00e1 anos pelos EUA e outras pot\u00eancias.<\/p>\n<p>Os meios de comunica\u00e7\u00f5es internacionais, propriedades de grupos multinacionais, em completa sintonia com a agenda imperialista, enriquecem a desinforma\u00e7\u00e3o, com o objetivo de provocar a apatia ou o apoio da opini\u00e3o p\u00fablica para um novo massacre.<\/p>\n<p>As for\u00e7as dentro do pa\u00eds, apoiadas moral e praticamente pelas pot\u00eancias estrangeiras e tamb\u00e9m pela Turquia, os reis e pr\u00edncipes do Qatar, Ar\u00e1bia Saudita e outros, n\u00e3o tem nada a ver com os interesses do povo s\u00edrio, ou com a paz e a democracia prometida.<\/p>\n<p>A \u201cdemocracia\u201d aplicada no Afeganist\u00e3o, Iraque, L\u00edbia e no Mali, n\u00e3o nos interessa e tampouco a queremos. Basta de mais sangue pelos interesses das empresas transnacionais.<\/p>\n<p>Apelamos a todas as for\u00e7as sindicais, filiados e amigos da FSM, assim como a todos os amigos da paz e as organiza\u00e7\u00f5es massivas em todo o mundo a demonstrar solidariedade com o povo da S\u00edria e recha\u00e7ar a pol\u00edtica imperialista.<\/p>\n<p>O povo s\u00edrio, sem interven\u00e7\u00e3o estrangeira, \u00e9 o \u00fanico que pode e deve decidir sobre seu presente e futuro.<\/p>\n<p>29 de agosto de 2013<\/p>\n<p>O SECRETARIADO<\/p>\n","protected":false},"excerpt":{"rendered":"\nwftucentral.org\n<a class=\"moretag\" href=\"https:\/\/pcb.org.br\/portal2\/5329\"> <\/a>","protected":false},"author":1,"featured_media":0,"comment_status":"open","ping_status":"open","sticky":false,"template":"","format":"standard","meta":{"jetpack_post_was_ever_published":false,"_jetpack_newsletter_access":"","_jetpack_dont_email_post_to_subs":false,"_jetpack_newsletter_tier_id":0,"_jetpack_memberships_contains_paywalled_content":false,"_jetpack_memberships_contains_paid_content":false,"footnotes":"","jetpack_publicize_message":"","jetpack_publicize_feature_enabled":true,"jetpack_social_post_already_shared":false,"jetpack_social_options":{"image_generator_settings":{"template":"highway","default_image_id":0,"font":"","enabled":false},"version":2}},"categories":[71],"tags":[],"class_list":["post-5329","post","type-post","status-publish","format-standard","hentry","category-c84-solidariedade"],"jetpack_publicize_connections":[],"jetpack_featured_media_url":"","jetpack_shortlink":"https:\/\/wp.me\/p659gw-1nX","jetpack-related-posts":[],"jetpack_likes_enabled":true,"jetpack_sharing_enabled":true,"_links":{"self":[{"href":"https:\/\/pcb.org.br\/portal2\/wp-json\/wp\/v2\/posts\/5329","targetHints":{"allow":["GET"]}}],"collection":[{"href":"https:\/\/pcb.org.br\/portal2\/wp-json\/wp\/v2\/posts"}],"about":[{"href":"https:\/\/pcb.org.br\/portal2\/wp-json\/wp\/v2\/types\/post"}],"author":[{"embeddable":true,"href":"https:\/\/pcb.org.br\/portal2\/wp-json\/wp\/v2\/users\/1"}],"replies":[{"embeddable":true,"href":"https:\/\/pcb.org.br\/portal2\/wp-json\/wp\/v2\/comments?post=5329"}],"version-history":[{"count":0,"href":"https:\/\/pcb.org.br\/portal2\/wp-json\/wp\/v2\/posts\/5329\/revisions"}],"wp:attachment":[{"href":"https:\/\/pcb.org.br\/portal2\/wp-json\/wp\/v2\/media?parent=5329"}],"wp:term":[{"taxonomy":"category","embeddable":true,"href":"https:\/\/pcb.org.br\/portal2\/wp-json\/wp\/v2\/categories?post=5329"},{"taxonomy":"post_tag","embeddable":true,"href":"https:\/\/pcb.org.br\/portal2\/wp-json\/wp\/v2\/tags?post=5329"}],"curies":[{"name":"wp","href":"https:\/\/api.w.org\/{rel}","templated":true}]}}