{"id":5332,"date":"2013-09-01T00:49:49","date_gmt":"2013-09-01T00:49:49","guid":{"rendered":"http:\/\/pcb.org.br\/portal2\/?p=5332"},"modified":"2013-09-01T00:49:49","modified_gmt":"2013-09-01T00:49:49","slug":"exposicao-fotografica-em-homenagem-a-luiz-carlos-prestes-e-olga-benario-prestes","status":"publish","type":"post","link":"https:\/\/pcb.org.br\/portal2\/5332","title":{"rendered":"EXPOSI\u00c7\u00c3O FOTOGR\u00c1FICA EM HOMENAGEM A LUIZ CARLOS PRESTES E OLGA BEN\u00c1RIO PRESTES"},"content":{"rendered":"\n<p>O Museu Ci\u00eancia e Vida, em Duque de Caxias RJ &#8211; Convida a todos para participar da EXPOSI\u00c7\u00c3O FOTOGR\u00c1FICA EM HOMENAGEM A LUIZ CARLOS PRESTES E OLGA BEN\u00c1RIO PRESTES, que foi inaugurada em 28 de agosto, \u00e0s 10 h.<\/p>\n<p>N\u00c3O PERCA \u2013 ENTRADA GRATUITA!!!<\/p>\n<p> A exposi\u00e7\u00e3o \u00e9 constitu\u00edda de dois segmentos:<\/p>\n<p>\u2022 A Trajet\u00f3ria de Vida de Luiz Carlos Prestes, cujo 115\u00ba anivers\u00e1rio natal\u00edcio est\u00e1 sendo comemorado este ano. Consta de 70 fotos com as respectivas legendas e de textos explicativos elaborados pela historiadora Anita Leoc\u00e1dia Prestes.<\/p>\n<p> \u2022 Trajet\u00f3ria de Olga Ben\u00e1rio Prestes, comunista alem\u00e3, companheira de Prestes, extraditada para a Alemanha nazista pelo governo Vargas, em 1936, e assassinada numa c\u00e2mara de g\u00e1s, em abril de 1942. Consta de 12 fotos com as respectivas legendas e de textos explicativos elaborados pela historiadora Anita Leoc\u00e1dia Prestes.<\/p>\n<p>Contato do Museu<\/p>\n<p><a href=\"tel:%2821%29%202671-7797\" target=\"_blank\">(21) 2671-7797<\/a><\/p>\n<p>Site: <a href=\"http:\/\/www.museucienciaevida.com.br\" target=\"_blank\">www.museucienciaevida.com.br<\/a><\/p>\n","protected":false},"excerpt":{"rendered":"\n<a class=\"moretag\" href=\"https:\/\/pcb.org.br\/portal2\/5332\"> <\/a>","protected":false},"author":1,"featured_media":0,"comment_status":"open","ping_status":"open","sticky":false,"template":"","format":"standard","meta":{"jetpack_post_was_ever_published":false,"_jetpack_newsletter_access":"","_jetpack_dont_email_post_to_subs":false,"_jetpack_newsletter_tier_id":0,"_jetpack_memberships_contains_paywalled_content":false,"_jetpack_memberships_contains_paid_content":false,"footnotes":"","jetpack_publicize_message":"","jetpack_publicize_feature_enabled":true,"jetpack_social_post_already_shared":false,"jetpack_social_options":{"image_generator_settings":{"template":"highway","default_image_id":0,"font":"","enabled":false},"version":2}},"categories":[46],"tags":[],"class_list":["post-5332","post","type-post","status-publish","format-standard","hentry","category-c56-memoria"],"jetpack_publicize_connections":[],"jetpack_featured_media_url":"","jetpack_shortlink":"https:\/\/wp.me\/p659gw-1o0","jetpack-related-posts":[],"jetpack_likes_enabled":true,"jetpack_sharing_enabled":true,"_links":{"self":[{"href":"https:\/\/pcb.org.br\/portal2\/wp-json\/wp\/v2\/posts\/5332","targetHints":{"allow":["GET"]}}],"collection":[{"href":"https:\/\/pcb.org.br\/portal2\/wp-json\/wp\/v2\/posts"}],"about":[{"href":"https:\/\/pcb.org.br\/portal2\/wp-json\/wp\/v2\/types\/post"}],"author":[{"embeddable":true,"href":"https:\/\/pcb.org.br\/portal2\/wp-json\/wp\/v2\/users\/1"}],"replies":[{"embeddable":true,"href":"https:\/\/pcb.org.br\/portal2\/wp-json\/wp\/v2\/comments?post=5332"}],"version-history":[{"count":0,"href":"https:\/\/pcb.org.br\/portal2\/wp-json\/wp\/v2\/posts\/5332\/revisions"}],"wp:attachment":[{"href":"https:\/\/pcb.org.br\/portal2\/wp-json\/wp\/v2\/media?parent=5332"}],"wp:term":[{"taxonomy":"category","embeddable":true,"href":"https:\/\/pcb.org.br\/portal2\/wp-json\/wp\/v2\/categories?post=5332"},{"taxonomy":"post_tag","embeddable":true,"href":"https:\/\/pcb.org.br\/portal2\/wp-json\/wp\/v2\/tags?post=5332"}],"curies":[{"name":"wp","href":"https:\/\/api.w.org\/{rel}","templated":true}]}}