{"id":5351,"date":"2013-09-04T12:48:14","date_gmt":"2013-09-04T12:48:14","guid":{"rendered":"http:\/\/pcb.org.br\/portal2\/?p=5351"},"modified":"2013-09-04T12:48:14","modified_gmt":"2013-09-04T12:48:14","slug":"para-evitar-atrasos-anp-libera-edital-do-campo-de-libra-sem-esperar-aval-do-tcu","status":"publish","type":"post","link":"https:\/\/pcb.org.br\/portal2\/5351","title":{"rendered":"Para evitar atrasos, ANP libera edital do campo de Libra sem esperar aval do TCU"},"content":{"rendered":"\n<p>\u00a0<\/p>\n<p class=\"MsoNormal\" style=\"margin-bottom: .0001pt; line-height: normal;\"><span style=\"font-family: \" color:=\"color:\" black;=\"black;\" mso-themecolor:=\"mso-themecolor:\" text1;\"=\"text1;\"\">Segundo a ANP, o leil\u00e3o ocorrer\u00e1 no dia 21 de outubro, mas a data \u00e9 &#8220;preliminar&#8221; e &#8220;apenas indicativa&#8221;. A ag\u00eancia tomou uma decis\u00e3o, pouco comum em concess\u00f5es federais, de realizar a licita\u00e7\u00e3o sem o sinal verde do TCU. O governo esperava que o tribunal aprovasse o edital na sess\u00e3o plen\u00e1ria de hoje, mas a an\u00e1lise do pr\u00e9-sal n\u00e3o entrou na pauta. Na melhor das hip\u00f3teses, o aval seria dado em sess\u00e3o que ocorrer\u00e1 na quarta-feira da semana que vem, dia 11.<\/span><\/p>\n<p class=\"MsoNormal\" style=\"margin-bottom: .0001pt; line-height: normal;\"><span style=\"font-family: \" color:=\"color:\" black;=\"black;\" mso-themecolor:=\"mso-themecolor:\" text1;\"=\"text1;\"\">Para n\u00e3o atrasar o cronograma previsto, a ANP resolveu publicar logo o edital e o modelo de contrato, o que \u00e9 permitido. Assume os riscos, no entanto, de enfrentar determina\u00e7\u00f5es do TCU sobre eventuais mudan\u00e7as. Se isso ocorrer, seria necess\u00e1rio republicar os documentos, abrindo-se uma nova contagem de 45 dias entre o edital definitivo e a realiza\u00e7\u00e3o do leil\u00e3o.<\/span><\/p>\n<p class=\"MsoNormal\" style=\"margin-bottom: .0001pt; line-height: normal;\"><span style=\"font-family: \" color:=\"color:\" black;=\"black;\" mso-themecolor:=\"mso-themecolor:\" text1;\"=\"text1;\"\">A ANP n\u00e3o acatou o principal pleito dos investidores ao n\u00e3o incluir no edital da licita\u00e7\u00e3o do prospecto de Libra, no pr\u00e9-sal da Bacia de Santos, a corre\u00e7\u00e3o monet\u00e1ria do chamado custo em \u00f3leo. Esse custo envolve todos os investimentos feitos na explora\u00e7\u00e3o, avalia\u00e7\u00e3o, desenvolvimento, produ\u00e7\u00e3o e desativa\u00e7\u00e3o de instala\u00e7\u00f5es petrol\u00edferas.<\/span><\/p>\n<p class=\"MsoNormal\" style=\"margin-bottom: .0001pt; line-height: normal;\"><span style=\"font-family: \" color:=\"color:\" black;=\"black;\" mso-themecolor:=\"mso-themecolor:\" text1;\"=\"text1;\"\">De acordo com o edital, a empresa ou cons\u00f3rcio vencedor do leil\u00e3o poder\u00e1 recuperar o custo em \u00f3leo no limite de 50% do valor bruto de produ\u00e7\u00e3o nos dois primeiros anos de produ\u00e7\u00e3o e de 30% do valor bruto de produ\u00e7\u00e3o nos anos seguintes. O problema, segundo especialistas, \u00e9 que a produ\u00e7\u00e3o na \u00e1rea de Libra s\u00f3 dever\u00e1 come\u00e7ar a partir do nono ano do contrato de concess\u00e3o. Na pr\u00e1tica, o valor total investido no desenvolvimento do futuro campo nos primeiros nove anos, as parcelas de recupera\u00e7\u00e3o do custo em \u00f3leo, n\u00e3o embutir\u00e3o a infla\u00e7\u00e3o do per\u00edodo.<\/span><\/p>\n<p class=\"MsoNormal\" style=\"margin-bottom: .0001pt; line-height: normal;\"><span style=\"font-family: \" color:=\"color:\" black;=\"black;\" mso-themecolor:=\"mso-themecolor:\" text1;\"=\"text1;\"\">Ainda assim, o Instituto Brasileiro de Petr\u00f3leo, G\u00e1s Natural e Biocombust\u00edveis (IBP), considerou, em sua an\u00e1lise preliminar do edital, que a autarquia acatou parte das sugest\u00f5es feitas pela entidade, principal representante da ind\u00fastria petrol\u00edfera brasileira.<\/span><\/p>\n<p class=\"MsoNormal\" style=\"margin-bottom: .0001pt; line-height: normal;\"><span style=\"font-family: \" color:=\"color:\" black;=\"black;\" mso-themecolor:=\"mso-themecolor:\" text1;\"=\"text1;\"\">De acordo com o presidente do IBP, Jo\u00e3o Carlos de Luca, a ANP permitiu que a recupera\u00e7\u00e3o do custo em \u00f3leo no limite de 50% do valor bruto de produ\u00e7\u00e3o, nos primeiros dois anos, seja feita por m\u00f3dulo e n\u00e3o considerando o projeto todo. Na pr\u00e1tica, isso quer dizer que a cada m\u00f3dulo de desenvolvimento, os dois primeiros anos ter\u00e3o o percentual de 50% de recupera\u00e7\u00e3o. A partir do terceiro ano, esse percentual cai para 30%.<\/span><\/p>\n<p class=\"MsoNormal\" style=\"margin-bottom: .0001pt; line-height: normal;\"><span style=\"font-family: \" color:=\"color:\" black;=\"black;\" mso-themecolor:=\"mso-themecolor:\" text1;\"=\"text1;\"\">&#8220;Mas \u00e9 uma an\u00e1lise absolutamente preliminar [sobre o edital]. N\u00e3o tivemos tempo para olhar o conjunto da obra. Mandamos 84 p\u00e1ginas de coment\u00e1rios para a minuta anterior da ANP. E o edital e o contrato de partilha possuem juntos 269 p\u00e1ginas&#8221;, explica o presidente do IBP.<\/span><\/p>\n<p class=\"MsoNormal\" style=\"margin-bottom: .0001pt; line-height: normal;\"><span style=\"font-family: \" color:=\"color:\" black;=\"black;\" mso-themecolor:=\"mso-themecolor:\" text1;\"=\"text1;\"\">O edital n\u00e3o traz mudan\u00e7as significativas em rela\u00e7\u00e3o \u00e0 minuta do documento, apresentada em julho. Da mesma forma, o modelo do contrato de partilha n\u00e3o possui grandes altera\u00e7\u00f5es, apesar do pleito dos investidores do setor.<\/span><\/p>\n<p class=\"MsoNormal\" style=\"margin-bottom: .0001pt; line-height: normal;\"><span style=\"font-family: \" color:=\"color:\" black;=\"black;\" mso-themecolor:=\"mso-themecolor:\" text1;\"=\"text1;\"\">&#8220;N\u00e3o houve mudan\u00e7a substancial para o investidor. N\u00e3o houve mudan\u00e7as que agregassem valor [ao leil\u00e3o], que chamasse mais investidores&#8221;, disse o advogado especializado no setor petr\u00f3leo, Luiz Cesar Quintans. Segundo ele, 13 ou 14 empresas j\u00e1 adquiriram o pacote de dados para o leil\u00e3o. O prazo para a manifesta\u00e7\u00e3o de interesse na licita\u00e7\u00e3o termina em 18 de setembro.<\/span><\/p>\n<p class=\"MsoNormal\" style=\"margin-bottom: .0001pt; line-height: normal;\"><span style=\"font-family: \" color:=\"color:\" black;=\"black;\" mso-themecolor:=\"mso-themecolor:\" text1;\"=\"text1;\"\">Entre os principais pontos mantidos, est\u00e3o o valor de b\u00f4nus m\u00ednimo de assinatura, de R$ 15 bilh\u00f5es, a inexist\u00eancia de corre\u00e7\u00e3o monet\u00e1ria para os investimentos em explora\u00e7\u00e3o e desenvolvimento do campo, e o valor do programa explorat\u00f3rio m\u00ednimo (PEM) de R$ 611 milh\u00f5es, com a perfura\u00e7\u00e3o de pelo menos dois po\u00e7os.<\/span><\/p>\n<p class=\"MsoNormal\" style=\"margin-bottom: .0001pt; line-height: normal;\"><span style=\"font-family: \" color:=\"color:\" black;=\"black;\" mso-themecolor:=\"mso-themecolor:\" text1;\"=\"text1;\"\">Alguns pontos ficaram mais claros, como a garantia de oferta de R$ 156,1 milh\u00f5es. Essa garantia tem que ser entregue at\u00e9 7 de outubro e deve ter validade de pelo menos dois meses depois da assinatura do contrato, prevista para novembro. As garantias ser\u00e3o executadas caso o cons\u00f3rcio vencedor n\u00e3o honre os compromissos acordados no leil\u00e3o. Recentemente, a OGX, petroleira do grupo EBX, perdeu as garantias de R$ 3,4 milh\u00f5es depositadas pela oferta de nove blocos explorat\u00f3rios na 11\u00aa rodada, ocorrida em maio.<\/span><\/p>\n<p class=\"MsoNormal\" style=\"margin-bottom: .0001pt; line-height: normal;\"><span style=\"font-family: \" color:=\"color:\" black;=\"black;\" mso-themecolor:=\"mso-themecolor:\" text1;\"=\"text1;\"\">No leil\u00e3o, ser\u00e1 identificada a proposta mais vantajosa segundo o crit\u00e9rio da oferta de maior excedente em \u00f3leo para a Uni\u00e3o, respeitado o percentual m\u00ednimo definido, de 41,65%. Em caso de empate no volume de excedente em \u00f3leo para a Uni\u00e3o, ser\u00e1 dado novo prazo e os licitantes ser\u00e3o convidados a apresentar novas propostas superiores \u00e0s realizadas.<\/span><\/p>\n<p class=\"MsoNormal\" style=\"margin-bottom: .0001pt; line-height: normal;\"><span style=\"font-family: \" color:=\"color:\" black;=\"black;\" mso-themecolor:=\"mso-themecolor:\" text1;\"=\"text1;\"\"> <\/span><\/p>\n<p class=\"MsoNormal\" style=\"margin-bottom: .0001pt; line-height: normal;\"><span style=\"font-family: \" color:=\"color:\" black;=\"black;\" mso-themecolor:=\"mso-themecolor:\" text1;\"=\"text1;\"\">_____________________________________________________<\/span><\/p>\n<p class=\"MsoNormal\" style=\"margin-bottom: .0001pt; line-height: normal;\"><span style=\"font-family: \" color:=\"color:\" black;=\"black;\" mso-themecolor:=\"mso-themecolor:\" text1;\"=\"text1;\"\"> <\/span><\/p>\n<p class=\"MsoNormal\" style=\"margin-bottom: .0001pt; line-height: normal;\"><strong><span style=\"font-family: \" color:=\"color:\" black;=\"black;\" mso-themecolor:=\"mso-themecolor:\" text1;\"=\"text1;\"\">Produ\u00e7\u00e3o recua e refor\u00e7a risco de 3\u00ba tri fraco<\/span><\/strong><\/p>\n<p class=\"MsoNormal\" style=\"margin-bottom: .0001pt; line-height: normal;\"><em><span style=\"font-family: \" color:=\"color:\" black;=\"black;\" mso-themecolor:=\"mso-themecolor:\" text1;\"=\"text1;\"\">Valor Econ\u00f4mico<\/span><\/em><\/p>\n<p class=\"MsoNormal\" style=\"margin-bottom: .0001pt; line-height: normal;\"><span style=\"font-family: \" color:=\"color:\" black;=\"black;\" mso-themecolor:=\"mso-themecolor:\" text1;\"=\"text1;\"\"> <\/span><\/p>\n<p class=\"MsoNormal\" style=\"margin-bottom: .0001pt; line-height: normal;\"><span style=\"font-family: \" color:=\"color:\" black;=\"black;\" mso-themecolor:=\"mso-themecolor:\" text1;\"=\"text1;\"\">O aumento dos estoques nas f\u00e1bricas e perspectivas mais pessimistas em rela\u00e7\u00e3o ao ritmo da economia puxaram para baixo a produ\u00e7\u00e3o industrial, que caiu com mais for\u00e7a que o esperado ao recuar 2% na passagem de junho para julho, feito o ajuste sazonal. Com um ponto de partida ruim e ind\u00edcios de que agosto n\u00e3o foi um m\u00eas de recupera\u00e7\u00e3o, economistas avaliam que os primeiros dados do setor refor\u00e7am o cen\u00e1rio de intensa desacelera\u00e7\u00e3o do Produto Interno Bruto (PIB) no terceiro trimestre, que pode, inclusive, encolher.<\/span><\/p>\n<p class=\"MsoNormal\" style=\"margin-bottom: .0001pt; line-height: normal;\"><span style=\"font-family: \" color:=\"color:\" black;=\"black;\" mso-themecolor:=\"mso-themecolor:\" text1;\"=\"text1;\"\">Em julho, a Pesquisa Industrial Mensal &#8211; Produ\u00e7\u00e3o F\u00edsica (PIM-PF), do IBGE, mostrou retra\u00e7\u00e3o nas cinco categorias de uso analisadas, com destaque para a de bens de consumo dur\u00e1veis (-7,2%) e bens de capital (-3,3%). Nas atividades pesquisadas, a queda tamb\u00e9m foi generalizada: 15 dos 27 ramos industriais diminu\u00edram sua produ\u00e7\u00e3o em rela\u00e7\u00e3o a junho. As principais influ\u00eancias negativas partiram dos segmentos de ve\u00edculos automotores e farmac\u00eautico, que reduziram sua produ\u00e7\u00e3o em 5,4% e 10,7%, respectivamente.<\/span><\/p>\n<p class=\"MsoNormal\" style=\"margin-bottom: .0001pt; line-height: normal;\"><span style=\"font-family: \" color:=\"color:\" black;=\"black;\" mso-themecolor:=\"mso-themecolor:\" text1;\"=\"text1;\"\">Segundo Andr\u00e9 Macedo, gerente da coordena\u00e7\u00e3o de ind\u00fastria do IBGE, o comportamento err\u00e1tico do setor manufatureiro este ano, com fortes oscila\u00e7\u00f5es, se deve a uma conjun\u00e7\u00e3o de fatores, tais como estoques elevados, restri\u00e7\u00e3o ao cr\u00e9dito, endividamento das fam\u00edlias, infla\u00e7\u00e3o pressionada e dificuldades de exporta\u00e7\u00e3o. Macedo ressaltou que a produ\u00e7\u00e3o est\u00e1 operando no mesmo patamar do come\u00e7o de 2010.<\/span><\/p>\n<p class=\"MsoNormal\" style=\"margin-bottom: .0001pt; line-height: normal;\"><span style=\"font-family: \" color:=\"color:\" black;=\"black;\" mso-themecolor:=\"mso-themecolor:\" text1;\"=\"text1;\"\">C\u00e1lculos do banco Brasil Plural apontam que o \u00edndice de difus\u00e3o da ind\u00fastria, que mostra o percentual de setores com crescimento mensal, diminuiu ligeiramente, de 50,3% para 50%, na passagem de junho para julho, considerando-se a m\u00e9dia dos 12 meses encerrados no per\u00edodo. Segundo a economista Fernanda Guardado, esse \u00e9 um n\u00edvel historicamente baixo, que deve continuar a ser observado na segunda metade do ano. &#8220;Vimos uma recupera\u00e7\u00e3o at\u00e9 o primeiro semestre, bastante puxada pelo setor de bens de capital que, agora, parece ter perdido f\u00f4lego.&#8221;<\/span><\/p>\n<p class=\"MsoNormal\" style=\"margin-bottom: .0001pt; line-height: normal;\"><span style=\"font-family: \" color:=\"color:\" black;=\"black;\" mso-themecolor:=\"mso-themecolor:\" text1;\"=\"text1;\"\">Fernanda calcula que, se a produ\u00e7\u00e3o ficar parada no patamar de julho em agosto e setembro, o setor ir\u00e1 encerrar o terceiro trimestre com queda de 1,3% ante o segundo. Como os primeiros indicativos para o m\u00eas passado s\u00e3o de fraqueza, a expectativa do Brasil Plural \u00e9 que a ind\u00fastria puxe a atividade para baixo no terceiro trimestre. A proje\u00e7\u00e3o preliminar do banco \u00e9 de recuo de 0,3% do PIB no per\u00edodo.<\/span><\/p>\n<p class=\"MsoNormal\" style=\"margin-bottom: .0001pt; line-height: normal;\"><span style=\"font-family: \" color:=\"color:\" black;=\"black;\" mso-themecolor:=\"mso-themecolor:\" text1;\"=\"text1;\"\">Poucas informa\u00e7\u00f5es foram divulgadas sobre agosto, mas analistas consideram a Sondagem da Ind\u00fastria de Transforma\u00e7\u00e3o, da Funda\u00e7\u00e3o Getulio Vargas (FGV), como sinal de que a produ\u00e7\u00e3o pode cair novamente na pr\u00f3xima leitura da pesquisa do IBGE. Al\u00e9m do recuo de 0,6% da confian\u00e7a dos empres\u00e1rios, que est\u00e1 em seu menor patamar desde julho de 2009, o levantamento da FGV mostrou aumento do percentual de empresas que relatam ter estoques excessivos (de 7,7% para 9,4%) e menor uso da capacidade instalada do setor, que passou de 84,4% em julho para 84,2% no m\u00eas passado.<\/span><\/p>\n<p class=\"MsoNormal\" style=\"margin-bottom: .0001pt; line-height: normal;\"><span style=\"font-family: \" color:=\"color:\" black;=\"black;\" mso-themecolor:=\"mso-themecolor:\" text1;\"=\"text1;\"\"> <\/span><\/p>\n<p class=\"MsoNormal\" style=\"margin-bottom: .0001pt; line-height: normal;\"><span style=\"font-family: \" color:=\"color:\" black;=\"black;\" mso-themecolor:=\"mso-themecolor:\" text1;\"=\"text1;\"\">_____________________________________________________<\/span><\/p>\n<p class=\"MsoNormal\" style=\"margin-bottom: .0001pt; line-height: normal;\"><span style=\"font-family: \" color:=\"color:\" black;=\"black;\" mso-themecolor:=\"mso-themecolor:\" text1;\"=\"text1;\"\"> <\/span><\/p>\n<p class=\"MsoNormal\" style=\"margin-bottom: .0001pt; line-height: normal;\"><strong><span style=\"font-family: \" color:=\"color:\" black;=\"black;\" mso-themecolor:=\"mso-themecolor:\" text1;\"=\"text1;\"\">Subs\u00eddio a Estados foi de R$ 223 bi, diz Augustin<\/span><\/strong><\/p>\n<p class=\"MsoNormal\" style=\"margin-bottom: .0001pt; line-height: normal;\"><em><span style=\"font-family: \" color:=\"color:\" black;=\"black;\" mso-themecolor:=\"mso-themecolor:\" text1;\"=\"text1;\"\">Valor Econ\u00f4mico<\/span><\/em><\/p>\n<p class=\"MsoNormal\" style=\"margin-bottom: .0001pt; line-height: normal;\"><span style=\"font-family: \" color:=\"color:\" black;=\"black;\" mso-themecolor:=\"mso-themecolor:\" text1;\"=\"text1;\"\"> <\/span><\/p>\n<p class=\"MsoNormal\" style=\"margin-bottom: .0001pt; line-height: normal;\"><span style=\"font-family: \" color:=\"color:\" black;=\"black;\" mso-themecolor:=\"mso-themecolor:\" text1;\"=\"text1;\"\">O secret\u00e1rio do Tesouro Nacional, Arno Augustin, informou ontem que o subs\u00eddio total concedido pela Uni\u00e3o aos Estados, por conta das d\u00edvidas renegociadas com base na Lei 9.496\/97, foi de R$ 223,71 bilh\u00f5es at\u00e9 dezembro de 2012. Com esse dado, apresentado durante audi\u00eancia p\u00fablica na Comiss\u00e3o de Assuntos Econ\u00f4micos (CAE) do Senado, Augustin procurou rebater as avalia\u00e7\u00f5es de que est\u00e1 ocorrendo uma transfer\u00eancia de recursos dos governos estaduais para o Tesouro por causa do custo financeiro das d\u00edvidas renegociadas. &#8220;N\u00e3o \u00e9 verdadeira [a avalia\u00e7\u00e3o] de que a Uni\u00e3o tenha tido vantagem em rela\u00e7\u00e3o aos entes federados&#8221;, disse Augustin.<\/span><\/p>\n<p class=\"MsoNormal\" style=\"margin-bottom: .0001pt; line-height: normal;\"><span style=\"font-family: \" color:=\"color:\" black;=\"black;\" mso-themecolor:=\"mso-themecolor:\" text1;\"=\"text1;\"\">Durante a audi\u00eancia, a senadora Ana Am\u00e9lia (PP-RS) solicitou que o secret\u00e1rio fizesse uma proje\u00e7\u00e3o sobre o custo para o Tesouro, neste ano, da redu\u00e7\u00e3o das tarifas de energia el\u00e9trica. Augustin confirmou informa\u00e7\u00e3o publicada pelo Valor de que a conta ficar\u00e1 pr\u00f3xima de R$ 9 bilh\u00f5es. &#8220;Ser\u00e1 um n\u00famero expressivo, possivelmente menor que R$ 9 bilh\u00f5es&#8221;, disse. Segundo ele, esse custo n\u00e3o estava previsto, pois o governo decidiu arcar com a despesa decorrente das usinas t\u00e9rmicas, que tiveram que ser ligadas, porque o n\u00edvel das chuvas em 2012 foi equivalente ao de 2001 &#8211; ano em que houve um &#8220;apag\u00e3o&#8221; de energia.<\/span><\/p>\n<p class=\"MsoNormal\" style=\"margin-bottom: .0001pt; line-height: normal;\"><span style=\"font-family: \" color:=\"color:\" black;=\"black;\" mso-themecolor:=\"mso-themecolor:\" text1;\"=\"text1;\"\">O secret\u00e1rio foi convidado para falar sobre a situa\u00e7\u00e3o do endividamento dos Estados e munic\u00edpios e procurou, durante sua exposi\u00e7\u00e3o, mostrar que houve uma significativa melhoria na situa\u00e7\u00e3o fiscal desses entes da federa\u00e7\u00e3o nos \u00faltimos anos. Segundo ele, a d\u00edvida l\u00edquida dos Estados passou de 17,5% do Produto Interno Bruto (PIB) em 2002 para 9,9% do PIB em 2013. No caso dos munic\u00edpios, a d\u00edvida l\u00edquida caiu de 2,4% do PIB em 2002 para 1,8% neste ano.<\/span><\/p>\n<p class=\"MsoNormal\" style=\"margin-bottom: .0001pt; line-height: normal;\"><span style=\"font-family: \" color:=\"color:\" black;=\"black;\" mso-themecolor:=\"mso-themecolor:\" text1;\"=\"text1;\"\">Ao analisar a evolu\u00e7\u00e3o do endividamento, Augustin disse que no momento da renegocia\u00e7\u00e3o dos d\u00e9bitos estaduais, autorizada pela Lei 9.496\/97, houve subs\u00eddio de R$ 97,81 bilh\u00f5es. Esse montante corresponde \u00e0s diferen\u00e7as entre o valor refinanciado e o valor assumido pela Uni\u00e3o, atualizadas pelo IGP-DI. Ocorreu tamb\u00e9m, segundo o secret\u00e1rio, um subs\u00eddio mensal acumulado de R$ 125,9 bilh\u00f5es. Esse subs\u00eddio \u00e9 dado pelas diferen\u00e7as mensais entre o custo baseado na Selic e os previstos nos contratos, atualizadas pelo IGP-DI.<\/span><\/p>\n<p class=\"MsoNormal\" style=\"margin-bottom: .0001pt; line-height: normal;\"><span style=\"font-family: \" color:=\"color:\" black;=\"black;\" mso-themecolor:=\"mso-themecolor:\" text1;\"=\"text1;\"\"> <\/span><\/p>\n<p class=\"MsoNormal\" style=\"margin-bottom: .0001pt; line-height: normal;\"><span style=\"font-family: \" color:=\"color:\" black;=\"black;\" mso-themecolor:=\"mso-themecolor:\" text1;\"=\"text1;\"\">_____________________________________________________<\/span><\/p>\n<p class=\"MsoNormal\" style=\"margin-bottom: .0001pt; line-height: normal;\"><span style=\"font-family: \" color:=\"color:\" black;=\"black;\" mso-themecolor:=\"mso-themecolor:\" text1;\"=\"text1;\"\"> <\/span><\/p>\n<p class=\"MsoNormal\" style=\"margin-bottom: .0001pt; line-height: normal;\"><strong><span style=\"font-family: \" color:=\"color:\" black;=\"black;\" mso-themecolor:=\"mso-themecolor:\" text1;\"=\"text1;\"\">Brasil cai oito posi\u00e7\u00f5es em ranking global<\/span><\/strong><\/p>\n<p class=\"MsoNormal\" style=\"margin-bottom: .0001pt; line-height: normal;\"><em><span style=\"font-family: \" color:=\"color:\" black;=\"black;\" mso-themecolor:=\"mso-themecolor:\" text1;\"=\"text1;\"\">Valor Econ\u00f4mico<\/span><\/em><\/p>\n<p class=\"MsoNormal\" style=\"margin-bottom: .0001pt; line-height: normal;\"><span style=\"font-family: \" color:=\"color:\" black;=\"black;\" mso-themecolor:=\"mso-themecolor:\" text1;\"=\"text1;\"\"> <\/span><\/p>\n<p class=\"MsoNormal\" style=\"margin-bottom: .0001pt; line-height: normal;\"><span style=\"font-family: \" color:=\"color:\" black;=\"black;\" mso-themecolor:=\"mso-themecolor:\" text1;\"=\"text1;\"\">Os avan\u00e7os graduais nos ambientes regulat\u00f3rio e econ\u00f4mico do Brasil levaram o pa\u00eds a encerrar 2012 entre as 50 economias mais competitivas do mundo, mas essa &#8220;conquista&#8221; se reverteu neste ano. No ranking de competitividade elaborado pelo F\u00f3rum Econ\u00f4mico Mundial, o Brasil perdeu oito posi\u00e7\u00f5es em 2013, ao passar de 48\u00ba para o 56\u00ba lugar, e voltou a ficar atr\u00e1s de M\u00e9xico, \u00c1frica do Sul e Costa Rica, entre alguns exemplos.<\/span><\/p>\n<p class=\"MsoNormal\" style=\"margin-bottom: .0001pt; line-height: normal;\"><span style=\"font-family: \" color:=\"color:\" black;=\"black;\" mso-themecolor:=\"mso-themecolor:\" text1;\"=\"text1;\"\">Realizado em parceria com a Funda\u00e7\u00e3o Dom Cabral no Brasil, o Relat\u00f3rio Global de Competitividade, liderado pela Su\u00ed\u00e7a, \u00e9 baseado em 12 pilares. Um ter\u00e7o dos quesitos avaliados depende de dados qualitativos, coletados por meio de entrevistas realizadas entre fevereiro e abril deste ano com cerca de 2 mil executivos.<\/span><\/p>\n<p class=\"MsoNormal\" style=\"margin-bottom: .0001pt; line-height: normal;\"><span style=\"font-family: \" color:=\"color:\" black;=\"black;\" mso-themecolor:=\"mso-themecolor:\" text1;\"=\"text1;\"\">Dentre as doze compet\u00eancias avaliadas, o Brasil perdeu posi\u00e7\u00f5es em onze. Embora a piora tenha sido generalizada, Carlos Arruda, coordenador da pesquisa no Brasil, ressalta os maus resultados observados em tr\u00eas pilares.<\/span><\/p>\n<p class=\"MsoNormal\" style=\"margin-bottom: .0001pt; line-height: normal;\"><span style=\"font-family: \" color:=\"color:\" black;=\"black;\" mso-themecolor:=\"mso-themecolor:\" text1;\"=\"text1;\"\">A posi\u00e7\u00e3o dos fatores macroecon\u00f4micos, que mede a evolu\u00e7\u00e3o de vari\u00e1veis fiscais e da infla\u00e7\u00e3o, declinou 13 degraus em compara\u00e7\u00e3o com outros pa\u00edses, para o 75\u00ba lugar. &#8220;De 2000 para c\u00e1, esta foi uma das piores coloca\u00e7\u00f5es neste quesito&#8221; diz. No caso da efici\u00eancia do mercado de bens e de trabalho, nos quais o pa\u00eds caiu 19 e 23 lugares, respectivamente, Arruda avalia que o desempenho ruim reflete velhos problemas, como a elevada carga tribut\u00e1ria e a rigidez das leis trabalhistas. A taxa\u00e7\u00e3o sobre a m\u00e3o de obra, por exemplo, coloca o Brasil no fim da lista, apesar das medidas tomadas pelo governo, como a desonera\u00e7\u00e3o da folha de pagamentos para alguns segmentos da ind\u00fastria e de servi\u00e7os. &#8220;Esse tipo de medida, s\u00f3 para alguns setores, n\u00e3o surte efeito sist\u00eamico. O que tenho observado \u00e9 que o governo age experimentalmente&#8221;.<\/span><\/p>\n<p class=\"MsoNormal\" style=\"margin-bottom: .0001pt; line-height: normal;\"><span style=\"font-family: \" color:=\"color:\" black;=\"black;\" mso-themecolor:=\"mso-themecolor:\" text1;\"=\"text1;\"\">O tamanho do mercado seguiu como principal ativo do Brasil. \u00c9 o pilar no qual o pa\u00eds aparece na melhor posi\u00e7\u00e3o, em 9\u00ba lugar, mesmo resultado observado em 2012.<\/span><\/p>\n<p class=\"MsoNormal\" style=\"margin-bottom: .0001pt; line-height: normal;\"><span style=\"font-family: \" color:=\"color:\" black;=\"black;\" mso-themecolor:=\"mso-themecolor:\" text1;\"=\"text1;\"\">Arruda ressalta que n\u00e3o necessariamente houve retrocessos absolutos nos quesitos avaliados, mas os avan\u00e7os se deram em escala inferior ao observado em outros pa\u00edses pr\u00f3ximos no ranking, o que explica a perda em termos relativos. \u00c9 o caso, por exemplo, da infraestrutura, no qual o pa\u00eds perdeu uma posi\u00e7\u00e3o e agora aparece em 71\u00ba lugar. Houve melhoras nas notas para os portos e aeroportos, por exemplo, mas n\u00e3o na velocidade necess\u00e1ria para levar o Brasil a ultrapassar outras na\u00e7\u00f5es.<\/span><\/p>\n<p class=\"MsoNormal\" style=\"margin-bottom: .0001pt; line-height: normal;\"><span style=\"font-family: \" color:=\"color:\" black;=\"black;\" mso-themecolor:=\"mso-themecolor:\" text1;\"=\"text1;\"\">No geral, este n\u00e3o foi um bom ano para os emergentes. Entre os Brics, a China continua a ser o pa\u00eds mais competitivo, na 29\u00aa coloca\u00e7\u00e3o, mesmo resultado de 2012. A \u00c1frica do Sul e a \u00cdndia perderam uma posi\u00e7\u00e3o, o M\u00e9xico duas e a Argentina despencou dez lugares.<\/span><\/p>\n<p class=\"MsoNormal\" style=\"margin-bottom: .0001pt; line-height: normal;\"><span style=\"font-family: \" color:=\"color:\" black;=\"black;\" mso-themecolor:=\"mso-themecolor:\" text1;\"=\"text1;\"\"> <\/span><\/p>\n<p class=\"MsoNormal\" style=\"margin-bottom: .0001pt; line-height: normal;\"><span style=\"font-family: \" color:=\"color:\" black;=\"black;\" mso-themecolor:=\"mso-themecolor:\" text1;\"=\"text1;\"\">_____________________________________________________<\/span><\/p>\n<p class=\"MsoNormal\" style=\"margin-bottom: .0001pt; line-height: normal;\"><span style=\"font-family: \" color:=\"color:\" black;=\"black;\" mso-themecolor:=\"mso-themecolor:\" text1;\"=\"text1;\"\"> <\/span><\/p>\n<p class=\"MsoNormal\" style=\"margin-bottom: .0001pt; line-height: normal;\"><strong><span style=\"font-family: \" color:=\"color:\" black;=\"black;\" mso-themecolor:=\"mso-themecolor:\" text1;\"=\"text1;\"\">Altera\u00e7\u00e3o nas regras afetar\u00e1 pre\u00e7os de fus\u00f5es e aquisi\u00e7\u00f5es, preveem bancos<\/span><\/strong><\/p>\n<p class=\"MsoNormal\" style=\"margin-bottom: .0001pt; line-height: normal;\"><em><span style=\"font-family: \" color:=\"color:\" black;=\"black;\" mso-themecolor:=\"mso-themecolor:\" text1;\"=\"text1;\"\">Valor Econ\u00f4mico<\/span><\/em><\/p>\n<p class=\"MsoNormal\" style=\"margin-bottom: .0001pt; line-height: normal;\"><span style=\"font-family: \" color:=\"color:\" black;=\"black;\" mso-themecolor:=\"mso-themecolor:\" text1;\"=\"text1;\"\"> <\/span><\/p>\n<p class=\"MsoNormal\" style=\"margin-bottom: .0001pt; line-height: normal;\"><span style=\"font-family: \" color:=\"color:\" black;=\"black;\" mso-themecolor:=\"mso-themecolor:\" text1;\"=\"text1;\"\">A medida provis\u00f3ria (MP) que pro\u00edbe o uso do \u00e1gio no abatimento de impostos, se aprovada, poder\u00e1 afetar o apetite por fus\u00f5es e aquisi\u00e7\u00f5es e reduzir os pre\u00e7os desses neg\u00f3cios, afirmam banqueiros ouvidos pelo Valor. A percep\u00e7\u00e3o quanto \u00e0 intensidade desse impacto varia, mas todos dizem que a iniciativa ter\u00e1 influ\u00eancia na defini\u00e7\u00e3o de pre\u00e7os de uma opera\u00e7\u00e3o.<\/span><\/p>\n<p class=\"MsoNormal\" style=\"margin-bottom: .0001pt; line-height: normal;\"><span style=\"font-family: \" color:=\"color:\" black;=\"black;\" mso-themecolor:=\"mso-themecolor:\" text1;\"=\"text1;\"\">&#8220;A not\u00edcia \u00e9 ruim e pior ainda pelas circunst\u00e2ncias que o pa\u00eds est\u00e1 vivendo&#8221;, diz fonte da \u00e1rea de fus\u00f5es e aquisi\u00e7\u00f5es de um grande banco de investimentos, que pediu para que seu nome n\u00e3o fosse revelado. De acordo com esse interlocutor, o \u00e1gio costuma ser um ponto importante nas conversas entre compradores e vendedores. &#8220;\u00c9 das primeiras coisas que se discutem&#8221;, afirmou a fonte.<\/span><\/p>\n<p class=\"MsoNormal\" style=\"margin-bottom: .0001pt; line-height: normal;\"><span style=\"font-family: \" color:=\"color:\" black;=\"black;\" mso-themecolor:=\"mso-themecolor:\" text1;\"=\"text1;\"\">Por isso, na opini\u00e3o desse banqueiro, a aprova\u00e7\u00e3o da medida poder\u00e1 levar \u00e0 realiza\u00e7\u00e3o de menos neg\u00f3cios, pois eles podem se tornar menos atrativos, e vai reduzir os pre\u00e7os, j\u00e1 que ser\u00e1 removido um ganho potencial.<\/span><\/p>\n<p class=\"MsoNormal\" style=\"margin-bottom: .0001pt; line-height: normal;\"><span style=\"font-family: \" color:=\"color:\" black;=\"black;\" mso-themecolor:=\"mso-themecolor:\" text1;\"=\"text1;\"\">&#8220;Falta [o governo] enxergar que opera\u00e7\u00f5es que podem reduzir a arrecada\u00e7\u00e3o num primeiro momento podem, no longo prazo, criar empresas muito mais fortes&#8221;, observa. Para essa fonte, a perspectiva de aprova\u00e7\u00e3o da MP pode fazer com que neg\u00f3cios que j\u00e1 est\u00e3o engatilhados sejam acelerados para evitar que sejam submetidos \u00e0s novas regras.<\/span><\/p>\n<p class=\"MsoNormal\" style=\"margin-bottom: .0001pt; line-height: normal;\"><span style=\"font-family: \" color:=\"color:\" black;=\"black;\" mso-themecolor:=\"mso-themecolor:\" text1;\"=\"text1;\"\">Outro executivo de um dos maiores bancos comerciais do pa\u00eds, diz que caso seja aprovada, a medida vai desestimular opera\u00e7\u00f5es de fus\u00e3o e aquisi\u00e7\u00e3o no pa\u00eds. &#8220;O \u00e1gio \u00e9 algo que entra nos c\u00e1lculos de retorno de um investimento. Se vai tornar o retorno mais demorado, o pre\u00e7o se reduzir\u00e1&#8221;, diz ele.<\/span><\/p>\n<p class=\"MsoNormal\" style=\"margin-bottom: .0001pt; line-height: normal;\"><span style=\"font-family: \" color:=\"color:\" black;=\"black;\" mso-themecolor:=\"mso-themecolor:\" text1;\"=\"text1;\"\">Por outro lado, afirma o executivo, os vendedores das empresas continuar\u00e3o pagando impostos sobre o ganho de capital que ter\u00e3o com os neg\u00f3cios. &#8220;Para quem vende fica dif\u00edcil aceitar ganhar menos se para eles tudo ficou igual&#8221;, afirma. Um terceiro executivo, de outro grande banco, no entanto, aposta que o impacto ser\u00e1 limitado. A motiva\u00e7\u00e3o das transa\u00e7\u00f5es, diz, n\u00e3o \u00e9 essencialmente baseada em quest\u00f5es fiscais.<\/span><\/p>\n<p class=\"MsoNormal\" style=\"margin-bottom: .0001pt; line-height: normal;\"><span style=\"font-family: \" color:=\"color:\" black;=\"black;\" mso-themecolor:=\"mso-themecolor:\" text1;\"=\"text1;\"\">Segundo essa fonte, as opera\u00e7\u00f5es que se baseavam sobretudo no aproveitamento do \u00e1gio s\u00e3o coisas do passado. As opera\u00e7\u00f5es, hoje, s\u00e3o pautadas nos fundamentos das empresas adquiridas, o que independe de benef\u00edcios fiscais.<\/span><\/p>\n<p class=\"MsoNormal\" style=\"margin-bottom: .0001pt; line-height: normal;\"><span style=\"font-family: \" color:=\"color:\" black;=\"black;\" mso-themecolor:=\"mso-themecolor:\" text1;\"=\"text1;\"\">&#8220;Assim como a perspectiva de ganho fiscal \u00e9 um fator, os neg\u00f3cios t\u00eam outras din\u00e2micas, como a obten\u00e7\u00e3o de sinergias, que entram no pre\u00e7o e tamb\u00e9m podem n\u00e3o se materializar&#8221;, diz esse banqueiro. &#8220;Vai ter impacto, mas n\u00e3o ser\u00e1 o principal.&#8221;<\/span><\/p>\n<p class=\"MsoNormal\" style=\"margin-bottom: .0001pt; line-height: normal;\"><span style=\"font-family: \" color:=\"color:\" black;=\"black;\" mso-themecolor:=\"mso-themecolor:\" text1;\"=\"text1;\"\">A medida n\u00e3o chega a ser surpreendente. As discuss\u00f5es sobre o fim do aproveitamento fiscal do \u00e1gio j\u00e1 se arrastam h\u00e1 alguns anos. &#8220;Por isso, esse risco j\u00e1 est\u00e1 de certa forma mitigado&#8221;, afirma fonte de um banco. Se aprovada, a MP chegar\u00e1 num momento j\u00e1 fraco para fus\u00f5es e aquisi\u00e7\u00f5es. Desde o in\u00edcio do ano, foram anunciados 436 neg\u00f3cios, que somam US$ 28,6 bilh\u00f5es. Em todo o ano passado, que j\u00e1 n\u00e3o foi bom, foram US$ 68,3 bilh\u00f5es em 826 transa\u00e7\u00f5es.<\/span><\/p>\n<p class=\"MsoNormal\" style=\"margin-bottom: .0001pt; line-height: normal;\"><span style=\"font-family: \" color:=\"color:\" black;=\"black;\" mso-themecolor:=\"mso-themecolor:\" text1;\"=\"text1;\"\"> <\/span><\/p>\n<p class=\"MsoNormal\" style=\"margin-bottom: .0001pt; line-height: normal;\"><span style=\"font-family: \" color:=\"color:\" black;=\"black;\" mso-themecolor:=\"mso-themecolor:\" text1;\"=\"text1;\"\">_____________________________________________________<\/span><\/p>\n<p class=\"MsoNormal\" style=\"margin-bottom: .0001pt; line-height: normal;\"><span style=\"font-family: \" color:=\"color:\" black;=\"black;\" mso-themecolor:=\"mso-themecolor:\" text1;\"=\"text1;\"\"> <\/span><\/p>\n<p class=\"MsoNormal\" style=\"margin-bottom: .0001pt; line-height: normal;\"><strong><span style=\"font-family: \" color:=\"color:\" black;=\"black;\" mso-themecolor:=\"mso-themecolor:\" text1;\"=\"text1;\"\">Brasil quer acordo comercial com UE<\/span><\/strong><\/p>\n<p class=\"MsoNormal\" style=\"margin-bottom: .0001pt; line-height: normal;\"><em><span style=\"font-family: \" color:=\"color:\" black;=\"black;\" mso-themecolor:=\"mso-themecolor:\" text1;\"=\"text1;\"\">O Estado de S. Paulo<\/span><\/em><\/p>\n<p class=\"MsoNormal\" style=\"margin-bottom: .0001pt; line-height: normal;\"><span style=\"font-family: \" color:=\"color:\" black;=\"black;\" mso-themecolor:=\"mso-themecolor:\" text1;\"=\"text1;\"\"> <\/span><\/p>\n<p class=\"MsoNormal\" style=\"margin-bottom: .0001pt; line-height: normal;\"><span style=\"font-family: \" color:=\"color:\" black;=\"black;\" mso-themecolor:=\"mso-themecolor:\" text1;\"=\"text1;\"\">O governo j\u00e1 tem pronta a oferta de bens e a estrat\u00e9gia para negociar um acordo de livre com\u00e9rcio com a Uni\u00e3o Europeia at\u00e9 o fim do ano. A proposta, que ser\u00e1 examinada em duas semanas pelo conselho de ministros da C\u00e2mara de Com\u00e9rcio Exterior (Camex), oferece a redu\u00e7\u00e3o de tarifas de importa\u00e7\u00e3o para 75% do com\u00e9rcio com os europeus, em dez anos.<\/span><\/p>\n<p class=\"MsoNormal\" style=\"margin-bottom: .0001pt; line-height: normal;\"><span style=\"font-family: \" color:=\"color:\" black;=\"black;\" mso-themecolor:=\"mso-themecolor:\" text1;\"=\"text1;\"\">Ficar\u00e3o de fora, agora, produtos considerados &#8220;sens\u00edveis&#8221;, em setores como m\u00e1quinas e equipamentos, eletroeletr\u00f4nicos, qu\u00edmicos, autope\u00e7as e automobil\u00edstico. A proposta ser\u00e1 entregue at\u00e9 outubro aos parceiros do Mercosul &#8211; Argentina, Paraguai, Uruguai e Venezuela.<\/span><\/p>\n<p class=\"MsoNormal\" style=\"margin-bottom: .0001pt; line-height: normal;\"><span style=\"font-family: \" color:=\"color:\" black;=\"black;\" mso-themecolor:=\"mso-themecolor:\" text1;\"=\"text1;\"\">A estrat\u00e9gia, por outro lado, prev\u00ea usar como barganha algumas travas do mercado nacional, como abrir m\u00e3o dos 30 pontos porcentuais adicionais de IPI para autom\u00f3veis. Outro trunfo do governo ser\u00e1 negociado no setor de servi\u00e7os, mais \u00e0 frente: liberaras companhias a\u00e9reas europeias para fazer voos dom\u00e9sticos no Pa\u00eds, exigindo acesso a mercados dos europeus em contrapartida.<\/span><\/p>\n<p class=\"MsoNormal\" style=\"margin-bottom: .0001pt; line-height: normal;\"><span style=\"font-family: \" color:=\"color:\" black;=\"black;\" mso-themecolor:=\"mso-themecolor:\" text1;\"=\"text1;\"\">Ap\u00f3s a avalia\u00e7\u00e3o pela Camex, caber\u00e1 \u00e0 presidente Dilma Rousseff a &#8220;arbitragem final&#8221; para acrescentar mais produtos alista, cuja vers\u00e3o final deve chegar a 85% do com\u00e9rcio bilateral. A Uni\u00e3o Europeia quer incluir 87% dos produtos, \u00edndice pr\u00f3ximo ao oferecido na tentativa anterior de acordo, em 2004. Mas negociadores brasileiros avaliam que &#8220;d\u00e1 acordo&#8221; se a proposta incluir 85% das linhas.<\/span><\/p>\n<p class=\"MsoNormal\" style=\"margin-bottom: .0001pt; line-height: normal;\"><span style=\"font-family: \" color:=\"color:\" black;=\"black;\" mso-themecolor:=\"mso-themecolor:\" text1;\"=\"text1;\"\">O Brasil n\u00e3o pretende negociaras concess\u00f5es de infraestrutura e compra de bens e servi\u00e7os por estatais. As empresas europeias teriam, no entanto, a possibilidade de oferecer um pre\u00e7o um pouco maior que o dos demais pa\u00edses nas compras p\u00fablicas para disputar contratos diretamente com o governo brasileiro. Hoje, o governo d\u00e1 margem de prefer\u00eancia apenas para produtos nacionais.<\/span><\/p>\n<p class=\"MsoNormal\" style=\"margin-bottom: .0001pt; line-height: normal;\"><strong><span style=\"font-family: \" color:=\"color:\" black;=\"black;\" mso-themecolor:=\"mso-themecolor:\" text1;\"=\"text1;\"\">Ind\u00fastria<\/span><\/strong><\/p>\n<p class=\"MsoNormal\" style=\"margin-bottom: .0001pt; line-height: normal;\"><span style=\"font-family: \" color:=\"color:\" black;=\"black;\" mso-themecolor:=\"mso-themecolor:\" text1;\"=\"text1;\"\">Hoje, a Coaliz\u00e3o Empresarial Brasileira, que re\u00fane 170 organiza\u00e7\u00f5es privadas, far\u00e1 uma ampla reuni\u00e3o para debater o tema com o governo. Depois ser\u00e3o realizadas negocia\u00e7\u00f5es no Mercosul. A Argentina resiste a abrir seu mercado e a Venezuela j\u00e1 avisou que precisar\u00e1 de mais tempo para adaptar-se \u00e0s regras regionais antes de negociar um acordo com os europeus. Alguns setores, como autope\u00e7as, siderurgia e automobil\u00edstico, ainda t\u00eam d\u00favidas sobre os benef\u00edcios do acordo. Uma nova rodada negociadora UE-Mercosul come\u00e7aria, na melhor das hip\u00f3teses, no in\u00edcio de 2014.<\/span><\/p>\n<p class=\"MsoNormal\" style=\"margin-bottom: .0001pt; line-height: normal;\"><span style=\"font-family: \" color:=\"color:\" black;=\"black;\" mso-themecolor:=\"mso-themecolor:\" text1;\"=\"text1;\"\">Parte dos empres\u00e1rios pressiona o governo a negociar no Mercosul a apresenta\u00e7\u00e3o de listas de produtos separadas por pa\u00edses, com ofertas e pedidos nacionais. O acordo &#8220;guarda-chuva&#8221;, formal, incluiria todo o Mercosul, mas os cortes de tarifa e o acesso a mercados seria previsto em listas separadas.<\/span><\/p>\n<p class=\"MsoNormal\" style=\"margin-bottom: .0001pt; line-height: normal;\"><strong><span style=\"font-family: \" color:=\"color:\" black;=\"black;\" mso-themecolor:=\"mso-themecolor:\" text1;\"=\"text1;\"\">Sem tabus<\/span><\/strong><\/p>\n<p class=\"MsoNormal\" style=\"margin-bottom: .0001pt; line-height: normal;\"><span style=\"font-family: \" color:=\"color:\" black;=\"black;\" mso-themecolor:=\"mso-themecolor:\" text1;\"=\"text1;\"\">Os argentinos resistem, mas negociadores informam que &#8220;n\u00e3o h\u00e1 tabus&#8221; no momento. &#8220;\u00c9 poss\u00edvel examinar dificuldades&#8221;, diz uma autoridade da \u00e1rea. E d\u00e1 como exemplo a necessidade de negociar, em velocidades diferentes, bens, servi\u00e7os, investimentos e compras governamentais. &#8220;S\u00e3o caminhos independentes.&#8221;<\/span><\/p>\n<p>\u00a0<\/p>\n<p class=\"MsoNormal\" style=\"margin-bottom: .0001pt; line-height: normal;\"><span style=\"font-family: \" color:=\"color:\" black;=\"black;\" mso-themecolor:=\"mso-themecolor:\" text1;\"=\"text1;\"\">O gerente de Rela\u00e7\u00f5es Internacionais da Associa\u00e7\u00e3o Brasileira da Ind\u00fastria El\u00e9trica e Eletr\u00f4nica (Abinee), M\u00e1rio Branco, informa que o setor fechou sua lista em 86% das linhas tarif\u00e1rias, equivalente a US$ 1 bilh\u00e3o de com\u00e9rcio com a UE em 2012. Alguns produtos de inform\u00e1tica e telecomunica\u00e7\u00f5es, como notebooks e celulares, ficariam de fora do acordo. &#8220;S\u00e3o apenas 5% e poder\u00edamos negociar mais l\u00e1 na frente.&#8221; O diretor de Com\u00e9rcio Exterior da Associa\u00e7\u00e3o Brasileira da Ind\u00fastria de M\u00e1quinas e Equipamentos (Abimaq), Klaus Curt Muller, informa que o setor de bens de capital chegou pr\u00f3ximo de 80% das linhas tarif\u00e1rias. E diz que a ind\u00fastria aceitar\u00e1 a arbitragem de Dilma. &#8220;Mas \u00e9 por conta e risco do governo.&#8221; A Europa, lembra, \u00e9 refer\u00eancia na produ\u00e7\u00e3o de m\u00e1quinas. &#8220;Tem pre\u00e7o, volume e est\u00e1 em recupera\u00e7\u00e3o industrial respeit\u00e1vel.&#8221;<\/span><\/p>\n","protected":false},"excerpt":{"rendered":"\nValor Econ\u00f4mico\n \nA Ag\u00eancia Nacional do Petr\u00f3leo, G\u00e1s Natural e Biocombust\u00edveis (ANP) liberou ontem o edital de licita\u00e7\u00e3o do campo de Libra, no pr\u00e9-sal, mesmo sem ter obtido aval do Tribunal de Contas da Uni\u00e3o (TCU). O aviso sobre a publica\u00e7\u00e3o do edital e do modelo de contrato saiu em edi\u00e7\u00e3o extra do &#8220;Di\u00e1rio Oficial da Uni\u00e3o&#8221;. \n<a class=\"moretag\" href=\"https:\/\/pcb.org.br\/portal2\/5351\"> <\/a>","protected":false},"author":1,"featured_media":0,"comment_status":"open","ping_status":"open","sticky":false,"template":"","format":"standard","meta":{"jetpack_post_was_ever_published":false,"_jetpack_newsletter_access":"","_jetpack_dont_email_post_to_subs":false,"_jetpack_newsletter_tier_id":0,"_jetpack_memberships_contains_paywalled_content":false,"_jetpack_memberships_contains_paid_content":false,"footnotes":"","jetpack_publicize_message":"","jetpack_publicize_feature_enabled":true,"jetpack_social_post_already_shared":false,"jetpack_social_options":{"image_generator_settings":{"template":"highway","default_image_id":0,"font":"","enabled":false},"version":2}},"categories":[106],"tags":[],"class_list":["post-5351","post","type-post","status-publish","format-standard","hentry","category-c119-olhovivo"],"jetpack_publicize_connections":[],"jetpack_featured_media_url":"","jetpack_shortlink":"https:\/\/wp.me\/p659gw-1oj","jetpack-related-posts":[],"jetpack_likes_enabled":true,"jetpack_sharing_enabled":true,"_links":{"self":[{"href":"https:\/\/pcb.org.br\/portal2\/wp-json\/wp\/v2\/posts\/5351","targetHints":{"allow":["GET"]}}],"collection":[{"href":"https:\/\/pcb.org.br\/portal2\/wp-json\/wp\/v2\/posts"}],"about":[{"href":"https:\/\/pcb.org.br\/portal2\/wp-json\/wp\/v2\/types\/post"}],"author":[{"embeddable":true,"href":"https:\/\/pcb.org.br\/portal2\/wp-json\/wp\/v2\/users\/1"}],"replies":[{"embeddable":true,"href":"https:\/\/pcb.org.br\/portal2\/wp-json\/wp\/v2\/comments?post=5351"}],"version-history":[{"count":0,"href":"https:\/\/pcb.org.br\/portal2\/wp-json\/wp\/v2\/posts\/5351\/revisions"}],"wp:attachment":[{"href":"https:\/\/pcb.org.br\/portal2\/wp-json\/wp\/v2\/media?parent=5351"}],"wp:term":[{"taxonomy":"category","embeddable":true,"href":"https:\/\/pcb.org.br\/portal2\/wp-json\/wp\/v2\/categories?post=5351"},{"taxonomy":"post_tag","embeddable":true,"href":"https:\/\/pcb.org.br\/portal2\/wp-json\/wp\/v2\/tags?post=5351"}],"curies":[{"name":"wp","href":"https:\/\/api.w.org\/{rel}","templated":true}]}}