{"id":538,"date":"2010-06-09T20:49:33","date_gmt":"2010-06-09T20:49:33","guid":{"rendered":"http:\/\/pcb.org.br\/portal2\/?p=538"},"modified":"2010-06-09T20:49:33","modified_gmt":"2010-06-09T20:49:33","slug":"foi-preso-o-general-que-quando-jovem-participou-do-assassinato-de-che-guevara","status":"publish","type":"post","link":"https:\/\/pcb.org.br\/portal2\/538","title":{"rendered":"Foi preso o General, que quando jovem participou do assassinato de Che Guevara"},"content":{"rendered":"\n<p><strong>Gary Prado Salm\u00f3n<\/strong> (foto) ficou na hist\u00f3ria por prender <strong>Che<\/strong> e seus companheiros. O militar retirado aparentemente atuava como assessor de um grupo de mercen\u00e1rios, liderada pelo boliviano-croata <strong>Eduardo<\/strong> <strong>R\u00f3zsa Flores<\/strong>.<\/p>\n<p>A ju\u00edzo do tribunal de <strong>La Paz<\/strong>, <strong>Betty Ya\u00f1\u00edquez<\/strong>, ordenou a pris\u00e3o domiciliar ao ex-general <strong>Gary Prado Salm\u00f3n<\/strong>, o homem respons\u00e1vel pela captura de <strong>Ernesto &#8220;Che&#8221; Guevara<\/strong> em 1967 na <strong>Bol\u00edvia<\/strong>. Al\u00e9m dele, prendeu outras duas pessoas pelos seus supostos v\u00ednculos com um grupo terrorista que havia operado na regi\u00e3o oriental da Bol\u00edvia em 2008, um epis\u00f3dio que terminou com a revela\u00e7\u00e3o de um grupo de extrema direita, com vincula\u00e7\u00f5es no resto da <strong>Am\u00e9rica Latina<\/strong>, incluindo ex-cara-pintadas argentinos.<\/p>\n<p>Ya\u00f1\u00edquez ordenou tamb\u00e9m a pris\u00e3o de <strong>Ronald Castedo<\/strong>, suposto presidente da loja ma\u00e7\u00f4nica <strong>Caballeros del Oriente<\/strong> e ex-gerente da cooperativa telef\u00f4nica <strong>Cotas<\/strong>, de <strong>Santa Cruz<\/strong>, e de <strong>Juan Carlos Santisteban<\/strong>, chefe da <strong>Falange Socialista<\/strong> <strong>Boliviana (FSB)<\/strong>. A ju\u00edza deu a ordem de pris\u00e3o domiciliar depois de interrog\u00e1-los na noite deste s\u00e1bado em Santa Cruz, a mil quil\u00f4metros a sudeste de La Paz. Segundo a magistrada, os tr\u00eas acusados se negavam a ir para essa cidade para depor, com o argumento de que seu estado de sa\u00fade n\u00e3o permitia.<\/p>\n<p>Prado Salm\u00f3n, o homem que ficou na hist\u00f3ria ao prender Che e seus companheiros no meio da selva, ficou parapl\u00e9gico em meados da d\u00e9cada de 80, ap\u00f3s receber um tiro que danificou sua coluna vertebral durante uma tentativa de golpe de Estado em Santa Cruz. O ex-general havia comandado as tropas que participaram dos \u00faltimos combates em <strong>\u00d1ancahuaz\u00fa<\/strong> e depois assassinaram o l\u00edder revolucion\u00e1rio no humilde povoado de <strong>La Higuera<\/strong> em 1967.<\/p>\n<p>Agora, o militar retirado aparentemente atuava como assessor de um grupo de mercen\u00e1rios, liderada pelo boliviano-croata Eduardo R\u00f3zsa Flores, com planos separatistas e de magnic\u00eddio dos principais dirigentes desse pa\u00eds andino, entre eles o do presidente Evo Morales. De acordo com a investiga\u00e7\u00e3o, Prado Salm\u00f3n, um de cujos filhos tamb\u00e9m foi incriminado por manter rela\u00e7\u00f5es com R\u00f3zsa Flores, \u00e9 acusado de manter contatos com o l\u00edder do grupo de extremistas.<\/p>\n<p>Na opera\u00e7\u00e3o do dia 16 de abril de 2009, al\u00e9m de R\u00f3zsa Flores, morreram seus colaboradores <strong>Arp\u00e1d Magyarosi<\/strong> (h\u00fangaro-croata) e <strong>Michael Martin Dwyer<\/strong> (irland\u00eas). O tiroteio em seu quarto de hotel em Santa Cruz revelou uma rede de mercen\u00e1rios, dirigentes de direita latino-americanos e at\u00e9 de ex-militares, como os cara-pintadas argentinos, que mantinham v\u00ednculos estreitos e compartilhavam uma mesma ideologia.<\/p>\n<p>A investiga\u00e7\u00e3o levou a descobrir que o governo de Morales chamara as embaixadas das pessoas envolvidas ou suspeitas de estar envolvidas com os detidos. No entanto, provas posteriores demonstraram que R\u00f3zsa tinha planejada atentados tanto contra Morales, como contra as autoridades locais de Santa Cruz, grandes rivais do governo do l\u00edder ind\u00edgena.<\/p>\n<p>Dois dias depois da morte dos tr\u00eas mercen\u00e1rios, foram detidos <strong>Mario Tadic<\/strong> (boliviano com passaporte croata) e <strong>Elod T\u00f3\u00e1s\u00f3<\/strong> (h\u00fangaro), que est\u00e3o em pris\u00e3o preventiva na cidade de La Paz. A investiga\u00e7\u00e3o continua na Bol\u00edvia e j\u00e1 causou v\u00e1rias pris\u00f5es de dirigentes civis (pr\u00f3-autonomia) santa-cruzenhos, suspeitosde ter financiado e cooperado com os mercen\u00e1rios.<\/p>\n","protected":false},"excerpt":{"rendered":"\n\n\nCr\u00e9dito: Gary Prado Salmon\n\n\n\n\n\n\n\n\nA reportagem \u00e9 do jornal P\u00e1gina\/12, 23-05-2010. A tradu\u00e7\u00e3o \u00e9 de Mois\u00e9s Sbardelotto.\n<a class=\"moretag\" href=\"https:\/\/pcb.org.br\/portal2\/538\"> <\/a>","protected":false},"author":1,"featured_media":0,"comment_status":"open","ping_status":"open","sticky":false,"template":"","format":"standard","meta":{"jetpack_post_was_ever_published":false,"_jetpack_newsletter_access":"","_jetpack_dont_email_post_to_subs":false,"_jetpack_newsletter_tier_id":0,"_jetpack_memberships_contains_paywalled_content":false,"_jetpack_memberships_contains_paid_content":false,"footnotes":"","jetpack_publicize_message":"","jetpack_publicize_feature_enabled":true,"jetpack_social_post_already_shared":false,"jetpack_social_options":{"image_generator_settings":{"template":"highway","default_image_id":0,"font":"","enabled":false},"version":2}},"categories":[63],"tags":[],"class_list":["post-538","post","type-post","status-publish","format-standard","hentry","category-c74-esquerda"],"jetpack_publicize_connections":[],"jetpack_featured_media_url":"","jetpack_shortlink":"https:\/\/wp.me\/p659gw-8G","jetpack-related-posts":[],"jetpack_likes_enabled":true,"jetpack_sharing_enabled":true,"_links":{"self":[{"href":"https:\/\/pcb.org.br\/portal2\/wp-json\/wp\/v2\/posts\/538","targetHints":{"allow":["GET"]}}],"collection":[{"href":"https:\/\/pcb.org.br\/portal2\/wp-json\/wp\/v2\/posts"}],"about":[{"href":"https:\/\/pcb.org.br\/portal2\/wp-json\/wp\/v2\/types\/post"}],"author":[{"embeddable":true,"href":"https:\/\/pcb.org.br\/portal2\/wp-json\/wp\/v2\/users\/1"}],"replies":[{"embeddable":true,"href":"https:\/\/pcb.org.br\/portal2\/wp-json\/wp\/v2\/comments?post=538"}],"version-history":[{"count":0,"href":"https:\/\/pcb.org.br\/portal2\/wp-json\/wp\/v2\/posts\/538\/revisions"}],"wp:attachment":[{"href":"https:\/\/pcb.org.br\/portal2\/wp-json\/wp\/v2\/media?parent=538"}],"wp:term":[{"taxonomy":"category","embeddable":true,"href":"https:\/\/pcb.org.br\/portal2\/wp-json\/wp\/v2\/categories?post=538"},{"taxonomy":"post_tag","embeddable":true,"href":"https:\/\/pcb.org.br\/portal2\/wp-json\/wp\/v2\/tags?post=538"}],"curies":[{"name":"wp","href":"https:\/\/api.w.org\/{rel}","templated":true}]}}