{"id":54,"date":"2010-01-01T19:31:01","date_gmt":"2010-01-01T19:31:01","guid":{"rendered":"http:\/\/pcb.org.br\/portal2\/?p=54"},"modified":"2010-01-01T19:31:01","modified_gmt":"2010-01-01T19:31:01","slug":"algumas-reflexoes-sobre-o-ira","status":"publish","type":"post","link":"https:\/\/pcb.org.br\/portal2\/54","title":{"rendered":"Algumas reflex\u00f5es sobre o Ir\u00e3"},"content":{"rendered":"<table border=\"0\" width=\"200\" align=\"left\">\n<tbody>\n<tr>\n<td style=\"font-size:10px;text-align: left;\" width=\"170\" bgcolor=\"#f1f1f1\"><img decoding=\"async\" src=\"images\/stories\/imperialismo3.jpg\" border=\"0\" alt=\"imagem\" width=\"170\" align=\"left\" \/><em>Cr\u00e9dito: <a href=\"http:\/\/doomar.blogspot.com\/2009\/07\/sabian-y-ayudaron-un-poquito.html\" target=\"_new\">doomar.blogspot.com<\/a><\/em><\/td>\n<td><\/td>\n<\/tr>\n<\/tbody>\n<\/table>\n<p>Ricardo Costa (Rico)<\/p>\n<p>Secret\u00e1rio de Forma\u00e7\u00e3o Pol\u00edtica \u2013 Comit\u00ea Central do PCB<\/p>\n<p align=\"justify\">A grande imprensa tem tratado com sensacionalismo o caso das elei\u00e7\u00f5es no Ir\u00e3, acusando de fraude a vit\u00f3ria de Ahmadinejad e incensando a figura do reformista Moussavi \u00e0 condi\u00e7\u00e3o de grande l\u00edder da oposi\u00e7\u00e3o democr\u00e1tica, um verdadeiro \u201cGhandi do Ir\u00e3\u201d. A m\u00eddia burguesa n\u00e3o deu o mesmo destaque ao massacre promovido pelo governo de Allan Garcia contra a resist\u00eancia ind\u00edgena \u00e0 privatiza\u00e7\u00e3o dos recursos naturais do Peru. Por se tratar de um aliado incondicional dos Estados Unidos, o tratamento \u00e9 diferenciado. Assim agem os \u00f3rg\u00e3os de comunica\u00e7\u00e3o que funcionam como meros transmissores da ideologia dominante.<\/p>\n<p align=\"justify\">Mais uma vez, quando se aborda a pol\u00edtica no Oriente M\u00e9dio, a m\u00eddia capitalista trata a quest\u00e3o de forma fantasiosa, reduzindo a luta de classes a uma contenda entre \u201canjos\u201d e \u201cdem\u00f4nios\u201d. A grande imprensa apenas mostrou as manifesta\u00e7\u00f5es contr\u00e1rias ao governo, deixando de registrar as igualmente massivas demonstra\u00e7\u00f5es populares de apoio ao presidente reeleito. Obviamente, n\u00e3o faz nem jamais far\u00e1 refer\u00eancia aos grandes interesses imperialistas em jogo, capazes de promoverem uma interven\u00e7\u00e3o externa indireta, por meio de ajuda financeira \u00e0 campanha de Moussavi, assessoria a grupos opositores atrav\u00e9s de ag\u00eancias de intelig\u00eancia, propaganda via internet, mobiliza\u00e7\u00f5es de jovens e estudantes, chamamento a manifesta\u00e7\u00f5es em que predomina o discurso da \u201cn\u00e3o viol\u00eancia\u201d e da \u201cdesobedi\u00eancia pac\u00edfica\u201d contra um \u201cregime tir\u00e2nico\u201d.<\/p>\n<p align=\"justify\">J\u00e1 conhecemos de longa data as estrat\u00e9gias do imperialismo para desestabilizar governos que se afastam de sua \u00f3rbita de influ\u00eancia e passam a adotar pol\u00edtica de maior independ\u00eancia. No caso do Ir\u00e3, tal estrat\u00e9gia se utiliza ainda da propaganda em favor dos padr\u00f5es de vida ocidentais, explorando reconhecido clamor por direitos civis e por mais democracia.<\/p>\n<p align=\"justify\">No entanto, \u00e9 preciso esclarecer: o regime pol\u00edtico iraniano n\u00e3o \u00e9 uma teocracia pura, pois institui\u00e7\u00f5es pol\u00edticas convivem com o poder dos aiatol\u00e1s. Ap\u00f3s a Revolu\u00e7\u00e3o de 1979, o pa\u00eds passou a ser uma rep\u00fablica isl\u00e2mica, na qual todos os l\u00edderes s\u00e3o eleitos, sem exce\u00e7\u00e3o. O regime dos aiatol\u00e1s, constru\u00eddo a partir da articula\u00e7\u00e3o das distintas fac\u00e7\u00f5es que participaram da derrubada da Monarquia do X\u00e1 Reza Pahlevi, desenhou um sistema de governo descentralizado, no qual nenhum grupo, nem mesmo o do Partido Revolucion\u00e1rio Isl\u00e2mico, conseguiu dominar de forma absoluta o cen\u00e1rio pol\u00edtico. Isso n\u00e3o impede as disputas internas, como as que se verificam agora, revelando haver forte dissens\u00e3o no interior do regime.<\/p>\n<p align=\"justify\">O l\u00edder supremo do Ir\u00e3 \u00e9 o verdadeiro chefe de Estado, pois \u00e9 quem verdadeiramente comanda as for\u00e7as armadas e as comunica\u00e7\u00f5es. Em outras palavras, a presid\u00eancia do Ir\u00e3 n\u00e3o deixa de ser um cargo decorativo, uma esp\u00e9cie de primeiro-ministro sem muita for\u00e7a pol\u00edtica. Al\u00e9m disso, o regime isl\u00e2mico no Ir\u00e3 n\u00e3o \u00e9 \u201cortodoxo\u201d: seu car\u00e1ter republicano chega a ser uma contradi\u00e7\u00e3o, pois, para os xiitas, somente os descendentes de Ali poderiam liderar a comunidade dos fi\u00e9is, o que n\u00e3o \u00e9 o caso dos aiatol\u00e1s.<\/p>\n<p align=\"justify\">A Constitui\u00e7\u00e3o do Ir\u00e3 foi aprovada no mesmo ano do triunfo de 1979, atrav\u00e9s de referendo que obteve 98% de votos a favor. Num pa\u00eds formado por maioria mu\u00e7ulmana, a constitui\u00e7\u00e3o outorga \u00e0s minorias religiosas representa\u00e7\u00e3o pol\u00edtica no parlamento. \u00c9 o \u00fanico pa\u00eds de maioria mu\u00e7ulmana a permitir a representa\u00e7\u00e3o pol\u00edtica de judeus. As elei\u00e7\u00f5es s\u00e3o peri\u00f3dicas: o presidente da na\u00e7\u00e3o e o parlamento unicameral s\u00e3o eleitos por sufr\u00e1gio universal a cada quatro anos.<\/p>\n<p align=\"justify\">Podemos dizer que, nos moldes liberais, trata-se de sistema pol\u00edtico avan\u00e7ado, em compara\u00e7\u00e3o com as monarquias europ\u00e9ias e com os Estados Unidos, onde dividem o poder dois partidos de id\u00eantica ideologia. N\u00e3o podemos esquecer que W. Bush assumiu mediante uma fraude eleitoral! Apontado como a ponta de lan\u00e7a do \u201cmundo ocidental e civilizado\u201d no Oriente, o exemplo de Israel tamb\u00e9m n\u00e3o pode ser usado como contraponto no aspecto da democracia, pois o pa\u00eds n\u00e3o possui Constitui\u00e7\u00e3o escrita: s\u00e3o as leis adotadas pelo parlamento que regulam o funcionamento do governo. O presidente de Israel \u00e9 escolhido no parlamento para um mandato de cinco anos, e seu poder \u00e9 essencialmente representativo. Trata-se de um regime parlamentar no qual o essencial do poder executivo pertence a um primeiro ministro.<\/p>\n<p align=\"justify\">O Ir\u00e3, portanto, \u00e9 uma rep\u00fablica constitucional, ao contr\u00e1rio de Israel, Ar\u00e1bia Saudita e Reino Unido. Por ser uma rep\u00fablica isl\u00e2mica com algum grau de transpar\u00eancia pol\u00edtica, o regime iraniano passou a sofrer oposi\u00e7\u00e3o de parte do mundo \u00e1rabe, especialmente da Ar\u00e1bia Saudita, Egito, Jord\u00e2nia e Marrocos, que chegam a ventilar a hip\u00f3tese de apoiar o insano projeto israelense de ataque \u00e0s instala\u00e7\u00f5es nucleares do Ir\u00e3, sobre o qual jogam a suspeita de fabrica\u00e7\u00e3o de bombas at\u00f4micas. Em contrapartida, n\u00e3o se questiona o fato de Israel deter a exclusividade na produ\u00e7\u00e3o de armas de destrui\u00e7\u00e3o em massa no Oriente M\u00e9dio.<\/p>\n<p align=\"justify\">Tais considera\u00e7\u00f5es, que nos levam a repudiar a recente cobertura jornal\u00edstica da grande imprensa, ideologicamente comprometida com os interesses do imperialismo na regi\u00e3o, n\u00e3o podem elidir an\u00e1lise cr\u00edtica sobre o papel pol\u00edtico do Ir\u00e3 no Oriente M\u00e9dio, lembrando que o pa\u00eds continua colaborando com os EUA na destrui\u00e7\u00e3o do Iraque, a despeito das crescentes tens\u00f5es entre Washington e Teer\u00e3. Esquadr\u00f5es da morte, apoiados pelo regime dos aiatol\u00e1s, promovem massacres e atos de limpeza \u00e9tnica em todo o Iraque.<\/p>\n<p align=\"justify\">Al\u00e9m desta postura reprov\u00e1vel no cen\u00e1rio regional, os conflitos internos tamb\u00e9m revelam o descontentamento de grande parte da popula\u00e7\u00e3o em rela\u00e7\u00e3o \u00e0 necessidade de se fazer avan\u00e7ar os direitos civis e as conquistas democr\u00e1ticas (o partido comunista, por exemplo, \u00e9 proibido de agir legalmente no pa\u00eds), al\u00e9m das insatisfa\u00e7\u00f5es associadas \u00e0s enormes desigualdades econ\u00f4micas e sociais, ao crescimento da pobreza, do desemprego e da infla\u00e7\u00e3o, como resultado do aprofundamento das rela\u00e7\u00f5es capitalistas no pa\u00eds e de pol\u00edticas econ\u00f4micas antipopulares.<\/p>\n<p align=\"justify\">Segundo den\u00fancias do Tudeh, o Partido Comunista do Ir\u00e3, os l\u00edderes do regime, seus agentes e o complexo militar dilapidaram em n\u00edvel sem precedentes a astron\u00f4mica renda do petr\u00f3leo nos \u00faltimos anos. E ainda refor\u00e7aram o clima de repress\u00e3o e de terror, com os ataques contra os movimentos oper\u00e1rio, feminino, juvenil e estudantil. Tamb\u00e9m intensificaram a repress\u00e3o sobre as minorias nacionais e religiosas. O Tudeh defende um amplo processo de reforma calcado na organiza\u00e7\u00e3o e no crescimento do movimento popular, que possa acumular no sentido da constru\u00e7\u00e3o de uma alternativa ao atual regime, calcada no interesse dos trabalhadores.<\/p>\n<p>Portanto, n\u00e3o h\u00e1 que enaltecer o regime iraniano, cuja pol\u00edtica interna, principalmente, difere de forma radical da op\u00e7\u00e3o socialista que defendemos. No entanto, o momento \u00e9 de denunciar os planos imperialistas para a regi\u00e3o, recha\u00e7ando a tentativa de sataniza\u00e7\u00e3o do governo iraniano por parte dos governos dos EUA, de Israel e de seus aliados europeus, al\u00e9m da grande imprensa, como forma de justificar um novo plano de invas\u00e3o e ocupa\u00e7\u00e3o militar no pa\u00eds, a exemplo do que se fez no Iraque. O Ir\u00e3 se transformou na \u201cgrande amea\u00e7a\u201d ao ter desenvolvido a tecnologia nuclear, colocando-se como contraponto efetivo ao poderio de Israel no Oriente M\u00e9dio. Al\u00e9m disso, ocupa posi\u00e7\u00e3o estrat\u00e9gica, tanto do ponto de vista geogr\u00e1fico, quanto econ\u00f4mico, em fun\u00e7\u00e3o do petr\u00f3leo.<\/p>\n<p align=\"justify\">Mais do que nunca, a crise mundial empurra as grandes na\u00e7\u00f5es capitalistas a desenvolver projetos belicistas. O Ir\u00e3 surge agora, em fun\u00e7\u00e3o de toda a celeuma criada em torno das elei\u00e7\u00f5es presidenciais, como a grande oportunidade para a produ\u00e7\u00e3o de outra guerra a servi\u00e7o do imperialismo e da rapina das transnacionais. \u00c9 contra esta mais nova amea\u00e7a \u00e0 paz e \u00e0 vida que devemos estar atentos.<\/p>\n<p align=\"justify\">\n","protected":false},"excerpt":{"rendered":"Cr\u00e9dito: doomar.blogspot.com Ricardo Costa (Rico) Secret\u00e1rio de Forma\u00e7\u00e3o Pol\u00edtica \u2013 Comit\u00ea Central do PCB A grande imprensa tem tratado com sensacionalismo o caso \n<a class=\"moretag\" href=\"https:\/\/pcb.org.br\/portal2\/54\"> <\/a>","protected":false},"author":1,"featured_media":0,"comment_status":"open","ping_status":"open","sticky":false,"template":"","format":"standard","meta":{"jetpack_post_was_ever_published":false,"_jetpack_newsletter_access":"","_jetpack_dont_email_post_to_subs":false,"_jetpack_newsletter_tier_id":0,"_jetpack_memberships_contains_paywalled_content":false,"_jetpack_memberships_contains_paid_content":false,"footnotes":"","jetpack_publicize_message":"","jetpack_publicize_feature_enabled":true,"jetpack_social_post_already_shared":false,"jetpack_social_options":{"image_generator_settings":{"template":"highway","default_image_id":0,"font":"","enabled":false},"version":2}},"categories":[38],"tags":[],"class_list":["post-54","post","type-post","status-publish","format-standard","hentry","category-c43-imperialismo"],"jetpack_publicize_connections":[],"jetpack_featured_media_url":"","jetpack_shortlink":"https:\/\/wp.me\/p659gw-S","jetpack-related-posts":[],"jetpack_likes_enabled":true,"jetpack_sharing_enabled":true,"_links":{"self":[{"href":"https:\/\/pcb.org.br\/portal2\/wp-json\/wp\/v2\/posts\/54","targetHints":{"allow":["GET"]}}],"collection":[{"href":"https:\/\/pcb.org.br\/portal2\/wp-json\/wp\/v2\/posts"}],"about":[{"href":"https:\/\/pcb.org.br\/portal2\/wp-json\/wp\/v2\/types\/post"}],"author":[{"embeddable":true,"href":"https:\/\/pcb.org.br\/portal2\/wp-json\/wp\/v2\/users\/1"}],"replies":[{"embeddable":true,"href":"https:\/\/pcb.org.br\/portal2\/wp-json\/wp\/v2\/comments?post=54"}],"version-history":[{"count":0,"href":"https:\/\/pcb.org.br\/portal2\/wp-json\/wp\/v2\/posts\/54\/revisions"}],"wp:attachment":[{"href":"https:\/\/pcb.org.br\/portal2\/wp-json\/wp\/v2\/media?parent=54"}],"wp:term":[{"taxonomy":"category","embeddable":true,"href":"https:\/\/pcb.org.br\/portal2\/wp-json\/wp\/v2\/categories?post=54"},{"taxonomy":"post_tag","embeddable":true,"href":"https:\/\/pcb.org.br\/portal2\/wp-json\/wp\/v2\/tags?post=54"}],"curies":[{"name":"wp","href":"https:\/\/api.w.org\/{rel}","templated":true}]}}