{"id":5403,"date":"2013-09-10T20:16:36","date_gmt":"2013-09-10T20:16:36","guid":{"rendered":"http:\/\/pcb.org.br\/portal2\/?p=5403"},"modified":"2013-09-10T20:16:36","modified_gmt":"2013-09-10T20:16:36","slug":"divida-brasileira-na-margeia-a-bancarrota","status":"publish","type":"post","link":"https:\/\/pcb.org.br\/portal2\/5403","title":{"rendered":"D\u00edvida brasileira na margem da bancarrota"},"content":{"rendered":"\n<p>A decis\u00e3o do governo de estimular o consumo das fam\u00edlias por meio do aumento do cr\u00e9dito, ap\u00f3s a quebra do banco norte-americano Lehman Brothers, em 15 de setembro de 2008, fez com que a d\u00edvida p\u00fablica do Brasil desse esse salto.<\/p>\n<p>Este &#8220;crescimento&#8221; foi refor\u00e7ado, ainda, pela inje\u00e7\u00e3o de recursos, via Tesouro Nacional, nos bancos p\u00fablicos. Apenas o Banco Nacional de Desenvolvimento Econ\u00f4mico e Social (BNDES) recebeu mais de R$ 300 bilh\u00f5es, e grande parte dessa verba foi despejada em companhias escolhidas a dedo &#8211; dedo podre, ali\u00e1s, como demonstram os resultados das empresas de Eike Batista, que foram beneficiadas diretamente com a &#8220;ajuda&#8221; do BNDES.<\/p>\n<p>O refor\u00e7o de capital dos bancos p\u00fablicos, que j\u00e1 respondem por mais de 50% do cr\u00e9dito concedido no Brasil, permite ainda o endividamento excessivo das fam\u00edlias. Segundo o Banco Central, em setembro de 2008, 32% da renda brasileira estava comprometida com o pagamento de d\u00edvidas. Em junho \u00faltimo, dado mais recente j\u00e1 dispon\u00edvel, 45% do or\u00e7amento familiar vinham sendo usados para a quita\u00e7\u00e3o de juros e das parcelas de d\u00e9bitos contra\u00eddos com os bancos. Um salto de 13 pontos percentuais!<\/p>\n","protected":false},"excerpt":{"rendered":"\nO Fundo Monet\u00e1rio Internacional (FMI) divulgou que, nos \u00faltimos cinco anos, o endividamento bruto do Brasil passou de 63,5% para 67,2% do Produto Interno Bruto (PIB), n\u00edvel superior ao que v\u00e1rios pa\u00edses da Zona do Euro registraram antes do estouro da bolha imobili\u00e1ria dos EUA. A Fran\u00e7a, por exemplo, registrava \u00edndice de 64,2% em 2007. No Olhar Comunista dessa ter\u00e7a (10\/09).\n<a class=\"moretag\" href=\"https:\/\/pcb.org.br\/portal2\/5403\"> <\/a>","protected":false},"author":1,"featured_media":0,"comment_status":"open","ping_status":"open","sticky":false,"template":"","format":"standard","meta":{"jetpack_post_was_ever_published":false,"_jetpack_newsletter_access":"","_jetpack_dont_email_post_to_subs":false,"_jetpack_newsletter_tier_id":0,"_jetpack_memberships_contains_paywalled_content":false,"_jetpack_memberships_contains_paid_content":false,"footnotes":"","jetpack_publicize_message":"","jetpack_publicize_feature_enabled":true,"jetpack_social_post_already_shared":false,"jetpack_social_options":{"image_generator_settings":{"template":"highway","default_image_id":0,"font":"","enabled":false},"version":2}},"categories":[100],"tags":[],"class_list":["post-5403","post","type-post","status-publish","format-standard","hentry","category-c113-a-semana-no-olhar-comunista"],"jetpack_publicize_connections":[],"jetpack_featured_media_url":"","jetpack_shortlink":"https:\/\/wp.me\/p659gw-1p9","jetpack-related-posts":[],"jetpack_likes_enabled":true,"jetpack_sharing_enabled":true,"_links":{"self":[{"href":"https:\/\/pcb.org.br\/portal2\/wp-json\/wp\/v2\/posts\/5403","targetHints":{"allow":["GET"]}}],"collection":[{"href":"https:\/\/pcb.org.br\/portal2\/wp-json\/wp\/v2\/posts"}],"about":[{"href":"https:\/\/pcb.org.br\/portal2\/wp-json\/wp\/v2\/types\/post"}],"author":[{"embeddable":true,"href":"https:\/\/pcb.org.br\/portal2\/wp-json\/wp\/v2\/users\/1"}],"replies":[{"embeddable":true,"href":"https:\/\/pcb.org.br\/portal2\/wp-json\/wp\/v2\/comments?post=5403"}],"version-history":[{"count":0,"href":"https:\/\/pcb.org.br\/portal2\/wp-json\/wp\/v2\/posts\/5403\/revisions"}],"wp:attachment":[{"href":"https:\/\/pcb.org.br\/portal2\/wp-json\/wp\/v2\/media?parent=5403"}],"wp:term":[{"taxonomy":"category","embeddable":true,"href":"https:\/\/pcb.org.br\/portal2\/wp-json\/wp\/v2\/categories?post=5403"},{"taxonomy":"post_tag","embeddable":true,"href":"https:\/\/pcb.org.br\/portal2\/wp-json\/wp\/v2\/tags?post=5403"}],"curies":[{"name":"wp","href":"https:\/\/api.w.org\/{rel}","templated":true}]}}