{"id":5423,"date":"2013-09-13T17:18:55","date_gmt":"2013-09-13T17:18:55","guid":{"rendered":"http:\/\/pcb.org.br\/portal2\/?p=5423"},"modified":"2013-09-13T17:18:55","modified_gmt":"2013-09-13T17:18:55","slug":"solidariedade-com-a-greve-e-paralisacao-agraria-e-popular-na-colombia-2","status":"publish","type":"post","link":"https:\/\/pcb.org.br\/portal2\/5423","title":{"rendered":"SOLIDARIEDADE COM A GREVE E PARALISA\u00c7\u00c3O AGR\u00c1RIA E POPULAR NA COL\u00d4MBIA"},"content":{"rendered":"\n<p>A Paralisa\u00e7\u00e3o Nacional Agr\u00e1ria e Popular que desde o dia 19 de agosto tem tomado conta das estradas, rodovias e ruas do nosso pa\u00eds irm\u00e3o Col\u00f4mbia \u00e9 uma manifesta\u00e7\u00e3o leg\u00edtima da luta pela dignidade e soberania de todo o povo colombiano. Essa corajosa manifesta\u00e7\u00e3o, que j\u00e1 \u00e9 alvo da conhecida e brutal repress\u00e3o por parte do Estado, \u00e9 tamb\u00e9m um exemplo para todos os povos que sofrem com a tirania dos mercados dominados pela l\u00f3gica neoliberal; da vida dominada pela perversa l\u00f3gica do capital.<\/p>\n<p>Por meio dos abaixo assinados expressamos toda a nossa solidariedade com as camponesas, camponeses, mineiros artesanais, ind\u00edgenas, afrocolombianos, estudantes, trabalhadores da sa\u00fade, transportadores e todos os outros setores mobilizados das numerosas organiza\u00e7\u00f5es que t\u00eam se somado \u00e0 Paralisa\u00e7\u00e3o Agr\u00e1ria e Popular. S\u00e3o justas \u00e0s reivindica\u00e7\u00f5es que visam uma melhor qualidade de vida para a sociedade inteira, a soberania alimentar e a defesa da dignidade dos povos.<\/p>\n<p>Chamamos ao fim das repress\u00f5es militares e policiais contra os manifestantes assim como a prote\u00e7\u00e3o das lideran\u00e7as sociais e pessoas mobilizadas que t\u00eam sido amea\u00e7adas pelos grupos paramilitares. \u00c9 preciso deixar de utilizar a velha desculpa de que o povo mobilizado \u00e9 terrorista, \u00e9 preciso parar de criminalizar as pessoas que tem a coragem de lutar pelo bem comum. O verdadeiro exerc\u00edcio democr\u00e1tico \u00e9 aquele que escuta, respeita e atende o clamor da popula\u00e7\u00e3o.<\/p>\n<p>N\u00e3o h\u00e1 exagero nenhum nas demandas que falam em soberania alimentar, justi\u00e7a social, prote\u00e7\u00e3o da diversidade cultural e natural das regi\u00f5es, de coexist\u00eancia pac\u00edfica na diferen\u00e7a, de equidade de g\u00eanero, de dignidade e democracia. Apoiamos \u00e0s companheiras e companheiros que por elas se mobilizam, pois entendemos que suas reivindica\u00e7\u00f5es s\u00e3o lutas comuns, que s\u00e3o as nossas mesmas lutas.<\/p>\n<p><strong>LIBERDADE PARA O COMPANHEIRO HUBERT BALLESTEROS<\/strong><\/p>\n<p><strong>VIVA A GREVE E PARALISA\u00c7\u00c3O NACIONAL AGR\u00c1RIA E POPULAR<\/strong><\/p>\n<p><strong>ASSINAM<\/strong><\/p>\n<p>1. ADUFRJ (Sec. Sindical)<\/p>\n<p>2. AGENDA COL\u00d4MBIA-BRASIL<\/p>\n<p>3. ASSOCIA\u00c7\u00c3O NACIONAL DE P\u00d3S-GRADUA\u00c7\u00c3O (ANPG)<\/p>\n<p>4. BRIGADAS POPULARES<\/p>\n<p>5. CASA DA AM\u00c9RICA LATINA<\/p>\n<p>6. CEBRAPAZ<\/p>\n<p>7. CENTRAL DOS TRABALHADORES E TRABALHADORAS DO BRASIL (CTB)<\/p>\n<p>8. CENTRO ACAD\u00caMICO DE SERVI\u00c7O SOCIAL &#8211; UFRJ-<\/p>\n<p>9. COLETIVO BONDE DA CULTURA<\/p>\n<p>10. COLETIVO DE MULHERES ANA MONTENEGRO<\/p>\n<p>11. COLETIVO SERVI\u00c7O SOCIAL CR\u00cdTICO DA COL\u00d4MBIA \u2013 RIO DE JANEIRO<\/p>\n<p>12. COMIT\u00ca DE SOLIDARIEDADE \u00c0 LUTA DO POVO PALESTINO (RJ)<\/p>\n<p>13. CONAM<\/p>\n<p>14. CONSULTA POPULAR<\/p>\n<p>15. CUT \u2013 RS<\/p>\n<p>16. ESPA\u00c7O CULTURAL LATINO-AMERICANO (ECLA)<\/p>\n<p>17. FEDERA\u00c7\u00c3O DAS ASSOCIA\u00c7\u00d5ES DE MORADORES DAS FAVELAS DO ESTADO DO RIO DE JANEIRO (FAFERJ)<\/p>\n<p>18. FEDERA\u00c7\u00c3O NACIONAL DOS PETROLEIROS (FNP)<\/p>\n<p>19. F\u00d3RUM PERMANENTE PELA PAZ NA COL\u00d4MBIA<\/p>\n<p>20. FRENTE NEGRA AFRO-LATINA<\/p>\n<p>21. GRUPO DE COLOMBIANOS EM RIO<\/p>\n<p>22. JUVENTUDE COMUNISTA AVAN\u00c7ANDO<\/p>\n<p>23. JUVENTUDE LIBERDADE E REVOLU\u00c7\u00c3O (LibRe)<\/p>\n<p>24. LEVANTE POPULAR &#8211; RJ<\/p>\n<p>25. MARCHA PATRI\u00d3TICA CAP\u00cdTULO BRASIL<\/p>\n<p>26. MEMORIA LATINA<\/p>\n<p>27. MOVIMENTO LUTA POPULAR<\/p>\n<p>28. MOVIMENTO DE MULHERES OLGA BEN\u00c1RIO<\/p>\n<p>29. MOVIMENTO DOS PEQUENOS AGRICULTORES (MPA)<\/p>\n<p>30. MOVIMENTO DOS TRABALHADORES DESEMPREGADOS (MTD)<\/p>\n<p>31. MOVIMENTO DOS TRABALHADORES RURAIS SEM TERRA (MST)<\/p>\n<p>32. MOVIMENTO FAVELA N\u00c3O SE CALA<\/p>\n<p>33. MOVIMENTO M\u00c3ES DE MAIO<\/p>\n<p>34. MOVIMENTO NACIONAL DE LUTA PELA MORADIA (MNLM)<\/p>\n<p>35. MOVIMENTO PALESTINA PARA TOD@S (MOPAT)<\/p>\n<p>36. MOVIMENTO POPULAR DAS FAVELAS (MPF)<\/p>\n<p>37. NOTICI\u00c1RIO LATINO-AMERICANO R\u00c1DIO SANTA MARTA<\/p>\n<p>38. N\u00daCLEO SANTA CEC\u00cdCILIA &#8211; SP (PSOL)<\/p>\n<p>39. N\u00daCLEO 39 DO CPERS-SINDICATO<\/p>\n<p>40. OCUPA C\u00c2MARA \u2013 RJ<\/p>\n<p>41. ORGANIZA\u00c7\u00c3O COMUNISTA ARMA DA CR\u00cdTICA<\/p>\n<p>42. PARTIDO COMUNISTA BRASILEIRO (PCB)<\/p>\n<p>43. PARTIDO COMUNISTA DO BRASIL (PCdoB)<\/p>\n<p>44. PARTIDO COMUNISTA REVOLUCION\u00c1RIO (PCR)<\/p>\n<p>45. POLO COMUNISTA LUIZ CARLOS PRESTES<\/p>\n<p>46. REFUNDA\u00c7\u00c3O COMUNISTA<\/p>\n<p>47. RADIO BRISAS \u2013 ROCINHA<\/p>\n<p>48. REVISTA HABANERO<\/p>\n<p>49. RUMBA TIPO COL\u00d4MBIA \u2013 RIO DE JANEIRO<\/p>\n<p>50. SINDICATO DOS PETROLEIROS DO ESTADO DO RIO DE JANEIRO (SINDIPETRO)<\/p>\n<p>51. T.V. COMUNIT\u00c1RIA DE RIO DE JANEIRO<\/p>\n<p>52. UBES<\/p>\n<p>53. UBM<\/p>\n<p>54. UNEGRO<\/p>\n<p>55. UNI\u00c3O DA JUVENTUDE COMUNISTA (UJC)<\/p>\n<p>56. UNI\u00c3O DA JUVENTUDE REBELI\u00c3O (UJR)<\/p>\n<p>57. UNI\u00c3O DA JUVENTUDE SOCIALISTA (UJS)<\/p>\n<p>58. UNI\u00c3O NACIONAL DE ESTUDANTES (UNE)<\/p>\n<p>59. UNIDADE CLASSISTA<\/p>\n<p>60. VIS\u00c3O DA FAVELA<\/p>\n<p><strong>SEGUIMOS ESPERANDO MAIS ADES\u00d5ES DE APOIO NAS JUSTAS LUTAS CAMPONESAS, TRABALHISTAS E POPULARES NA COL\u00d4MBIA <\/strong><\/p>\n","protected":false},"excerpt":{"rendered":"\n<a class=\"moretag\" href=\"https:\/\/pcb.org.br\/portal2\/5423\"> <\/a>","protected":false},"author":1,"featured_media":0,"comment_status":"open","ping_status":"open","sticky":false,"template":"","format":"standard","meta":{"jetpack_post_was_ever_published":false,"_jetpack_newsletter_access":"","_jetpack_dont_email_post_to_subs":false,"_jetpack_newsletter_tier_id":0,"_jetpack_memberships_contains_paywalled_content":false,"_jetpack_memberships_contains_paid_content":false,"footnotes":"","jetpack_publicize_message":"","jetpack_publicize_feature_enabled":true,"jetpack_social_post_already_shared":false,"jetpack_social_options":{"image_generator_settings":{"template":"highway","default_image_id":0,"font":"","enabled":false},"version":2}},"categories":[34],"tags":[],"class_list":["post-5423","post","type-post","status-publish","format-standard","hentry","category-c39-colombia"],"jetpack_publicize_connections":[],"jetpack_featured_media_url":"","jetpack_shortlink":"https:\/\/wp.me\/p659gw-1pt","jetpack-related-posts":[],"jetpack_likes_enabled":true,"jetpack_sharing_enabled":true,"_links":{"self":[{"href":"https:\/\/pcb.org.br\/portal2\/wp-json\/wp\/v2\/posts\/5423","targetHints":{"allow":["GET"]}}],"collection":[{"href":"https:\/\/pcb.org.br\/portal2\/wp-json\/wp\/v2\/posts"}],"about":[{"href":"https:\/\/pcb.org.br\/portal2\/wp-json\/wp\/v2\/types\/post"}],"author":[{"embeddable":true,"href":"https:\/\/pcb.org.br\/portal2\/wp-json\/wp\/v2\/users\/1"}],"replies":[{"embeddable":true,"href":"https:\/\/pcb.org.br\/portal2\/wp-json\/wp\/v2\/comments?post=5423"}],"version-history":[{"count":0,"href":"https:\/\/pcb.org.br\/portal2\/wp-json\/wp\/v2\/posts\/5423\/revisions"}],"wp:attachment":[{"href":"https:\/\/pcb.org.br\/portal2\/wp-json\/wp\/v2\/media?parent=5423"}],"wp:term":[{"taxonomy":"category","embeddable":true,"href":"https:\/\/pcb.org.br\/portal2\/wp-json\/wp\/v2\/categories?post=5423"},{"taxonomy":"post_tag","embeddable":true,"href":"https:\/\/pcb.org.br\/portal2\/wp-json\/wp\/v2\/tags?post=5423"}],"curies":[{"name":"wp","href":"https:\/\/api.w.org\/{rel}","templated":true}]}}